{"id":135264,"date":"2026-09-02T03:38:29","date_gmt":"2026-09-02T09:38:29","guid":{"rendered":"https:\/\/diarioavanzada.com.mx\/?p=135264"},"modified":"2026-09-02T03:38:32","modified_gmt":"2026-09-02T09:38:32","slug":"las-mujeres-que-tambien-cuentan-la-historia-de-tepic-desde-sus-calles","status":"publish","type":"post","link":"https:\/\/diarioavanzada.com.mx\/?p=135264","title":{"rendered":"Las mujeres que tambi\u00e9n cuentan la historia de Tepic, desde sus calles"},"content":{"rendered":"\n<p class=\"wp-block-paragraph\"><em>Estudiante de la UAN desarroll\u00f3 esta investigaci\u00f3n en la Universidad de Colima. Present\u00f3 sus resultados en el Congreso Internacional del Verano de la Investigaci\u00f3n Cient\u00edfica y Tecnol\u00f3gica del Pac\u00edfico, realizado del 26 al 29 de agosto de este a\u00f1o.<\/em><\/p>\n\n\n\n<p class=\"wp-block-paragraph\">Colima, M\u00e9xico, Comunicado (02\/09\/2026).- Caminar por una ciudad tambi\u00e9n puede ser una forma de leer su historia. Los nombres de las calles hablan de personajes, acontecimientos y valores que una sociedad decide conservar en su memoria. En Tepic, un grupo de mujeres vinculadas con la educaci\u00f3n, la pol\u00edtica y las artes forma parte de ese relato urbano.<\/p>\n\n\n\n<p class=\"wp-block-paragraph\">Con el prop\u00f3sito de conocer qui\u00e9nes son esas mujeres y qu\u00e9 lugar ocupan en la memoria cultural de la capital nayarita, Ang\u00e9lica Isabel Reyes L\u00f3pez, estudiante de la Universidad Aut\u00f3noma de Nayarit (UAN), desarroll\u00f3 la investigaci\u00f3n \u201cEducadoras, pol\u00edticas y artistas relevantes en la <strong>odonimia<\/strong> y memoria cultural de Tepic\u201d. durante el 31\u00b0 Verano de la Investigaci\u00f3n Cient\u00edfica y Tecnol\u00f3gica del Pac\u00edfico.<\/p>\n\n\n\n<p class=\"wp-block-paragraph\">La estudiante realiz\u00f3 una estancia presencial del 8 de junio al 24 de julio de 2026 bajo la asesor\u00eda de la Dra. Lucila Guti\u00e9rrez Santana, profesora-investigadora de la Facultad de Letras y Comunicaci\u00f3n de la Universidad de Colima. Durante este periodo se incorpor\u00f3 al trabajo de investigaci\u00f3n sobre onom\u00e1stica y paisaje urbano que se desarrolla desde esta casa de estudios.<\/p>\n\n\n\n<p class=\"wp-block-paragraph\">Su investigaci\u00f3n parti\u00f3 de una pregunta aparentemente sencilla: \u00bfqui\u00e9nes son las mujeres cuyos nombres aparecen en las calles de Tepic? La respuesta permiti\u00f3 mirar la ciudad desde otra perspectiva y reconocer c\u00f3mo los nombres de sus vialidades contribuyen a construir una memoria colectiva.<\/p>\n\n\n\n<p class=\"wp-block-paragraph\">La odonimia, disciplina que estudia los nombres de calles y otras v\u00edas de circulaci\u00f3n, no se limita a registrar denominaciones. Los nombres que aparecen en el espacio p\u00fablico, explic\u00f3 Lucila Guti\u00e9rrez, constituyen tambi\u00e9n una forma de reconocimiento social: hacen visibles determinadas personas y trayectorias y, al mismo tiempo, pueden revelar qu\u00e9 sectores de la sociedad han sido considerados dignos de permanecer en la memoria urbana.<\/p>\n\n\n\n<p class=\"wp-block-paragraph\">En este sentido, Ang\u00e9lica Isabel centr\u00f3 su atenci\u00f3n en mujeres que destacaron como educadoras, pol\u00edticas y artistas, con el objetivo de recuperar sus aportaciones y analizar su presencia en la nomenclatura de Tepic. El trabajo permiti\u00f3 relacionar los nombres de las calles con la historia y la identidad cultural de la ciudad.<\/p>\n\n\n\n<p class=\"wp-block-paragraph\">La investigaci\u00f3n forma parte de una l\u00ednea de trabajo que busca estudiar el paisaje onom\u00e1stico como espacio de memoria. Desde esta perspectiva, recorrer las calles de una ciudad puede convertirse en una manera de acercarse a su historia: cada nombre puede conducir a una persona, una \u00e9poca, una profesi\u00f3n, una lucha o una aportaci\u00f3n que permanece inscrita en el espacio cotidiano.<\/p>\n\n\n\n<p class=\"wp-block-paragraph\">Los resultados de la investigaci\u00f3n fueron presentados por Reyes L\u00f3pez en el 31\u00ba Congreso Internacional del Verano de la Investigaci\u00f3n Cient\u00edfica y Tecnol\u00f3gica del Pac\u00edfico, organizado por el Programa Delf\u00edn, que se realiz\u00f3 de manera presencial del 26 al 29 de agosto de 2026 en Nuevo Nayarit, M\u00e9xico. La fase virtual est\u00e1 programada del 23 al 25 de septiembre de este mismo a\u00f1o.<\/p>\n\n\n\n<p class=\"wp-block-paragraph\">Ante estudiantes e investigadores participantes en dicho encuentro internacional, la joven universitaria comparti\u00f3 los resultados de un trabajo que comenz\u00f3 durante su estancia de investigaci\u00f3n y que le permiti\u00f3 acercarse de manera directa a las distintas etapas del quehacer cient\u00edfico: la b\u00fasqueda y organizaci\u00f3n de informaci\u00f3n, el an\u00e1lisis del corpus y la presentaci\u00f3n de resultados.<\/p>\n\n\n\n<p class=\"wp-block-paragraph\">La experiencia tambi\u00e9n forma parte de la participaci\u00f3n de estudiantes de la Universidad Aut\u00f3noma de Nayarit en el Verano de la Investigaci\u00f3n, programa que favorece la movilidad acad\u00e9mica y permite que j\u00f3venes universitarios conozcan otras formas de hacer investigaci\u00f3n y trabajen junto a especialistas de diferentes instituciones.<\/p>\n\n\n\n<p class=\"wp-block-paragraph\">Para Reyes L\u00f3pez, la estancia represent\u00f3 adem\u00e1s la oportunidad de estudiar un tema vinculado directamente con su entorno y descubrir que la historia de una ciudad puede encontrarse no s\u00f3lo en archivos, libros o monumentos, sino tambi\u00e9n en algo tan cotidiano como el nombre de una calle.<\/p>\n\n\n\n<p class=\"wp-block-paragraph\">Su investigaci\u00f3n, coment\u00f3 la Dra. Lucila Guti\u00e9rrez, pone sobre la mesa una pregunta que trasciende Tepic: \u00bfa qui\u00e9nes elegimos recordar cuando nombramos nuestros espacios p\u00fablicos? Mirar las calles desde esta perspectiva permite reconocer la presencia de las mujeres en la historia local y reflexionar sobre la manera en que las ciudades construyen, preservan y transmiten su memoria cultural.<\/p>\n<div class=\"fb-background-color\">\n\t\t\t  <div \n\t\t\t  \tclass = \"fb-comments\" \n\t\t\t  \tdata-href = \"https:\/\/diarioavanzada.com.mx\/?p=135264\"\n\t\t\t  \tdata-numposts = \"10\"\n\t\t\t  \tdata-lazy = \"true\"\n\t\t\t\tdata-colorscheme = \"light\"\n\t\t\t\tdata-order-by = \"social\"\n\t\t\t\tdata-mobile=true>\n\t\t\t  <\/div><\/div>\n\t\t  <style>\n\t\t    .fb-background-color {\n\t\t\t\tbackground:  !important;\n\t\t\t}\n\t\t\t.fb_iframe_widget_fluid_desktop iframe {\n\t\t\t    width: 100% !important;\n\t\t\t}\n\t\t  <\/style>\n\t\t  ","protected":false},"excerpt":{"rendered":"<p>Estudiante de la UAN desarroll\u00f3 esta investigaci\u00f3n en la Universidad de Colima. Present\u00f3 sus resultados en el Congreso Internacional del Verano de la Investigaci\u00f3n Cient\u00edfica y Tecnol\u00f3gica del Pac\u00edfico, realizado del 26 al 29 de agosto de este a\u00f1o. Colima, M\u00e9xico, Comunicado (02\/09\/2026).- Caminar por una ciudad tambi\u00e9n puede ser una forma de leer su [&hellip;]<\/p>\n","protected":false},"author":7,"featured_media":135265,"comment_status":"closed","ping_status":"closed","sticky":false,"template":"","format":"standard","meta":{"_coblocks_attr":"","_coblocks_dimensions":"","_coblocks_responsive_height":"","_coblocks_accordion_ie_support":"","advanced_seo_description":"","jetpack_seo_html_title":"","jetpack_seo_noindex":false,"jetpack_seo_schema_type":"","_jetpack_newsletter_access":"","_jetpack_dont_email_post_to_subs":false,"_jetpack_newsletter_tier_id":0,"_jetpack_memberships_contains_paywalled_content":false,"_wpcom_ai_launchpad_first_post":false,"_jetpack_feature_clip_id":0,"_jetpack_memberships_contains_paid_content":false,"footnotes":"","jetpack_post_was_ever_published":false},"categories":[19,1,209,22,7,29],"tags":[],"class_list":["post-135264","post","type-post","status-publish","format-standard","has-post-thumbnail","hentry","category-colima","category-general","category-importantes","category-nacion","category-noticias","category-sociedad"],"jetpack-related-posts":[],"jetpack_sharing_enabled":true,"amp_enabled":true,"jetpack_featured_media_url":"https:\/\/diarioavanzada.com.mx\/wp-content\/uploads\/2026\/09\/Las-mujeres-que-tambien-cuentan-la-historia-de-Tepic_Isabel.jpeg","_links":{"self":[{"href":"https:\/\/diarioavanzada.com.mx\/index.php?rest_route=\/wp\/v2\/posts\/135264","targetHints":{"allow":["GET"]}}],"collection":[{"href":"https:\/\/diarioavanzada.com.mx\/index.php?rest_route=\/wp\/v2\/posts"}],"about":[{"href":"https:\/\/diarioavanzada.com.mx\/index.php?rest_route=\/wp\/v2\/types\/post"}],"author":[{"embeddable":true,"href":"https:\/\/diarioavanzada.com.mx\/index.php?rest_route=\/wp\/v2\/users\/7"}],"replies":[{"embeddable":true,"href":"https:\/\/diarioavanzada.com.mx\/index.php?rest_route=%2Fwp%2Fv2%2Fcomments&post=135264"}],"version-history":[{"count":2,"href":"https:\/\/diarioavanzada.com.mx\/index.php?rest_route=\/wp\/v2\/posts\/135264\/revisions"}],"predecessor-version":[{"id":135267,"href":"https:\/\/diarioavanzada.com.mx\/index.php?rest_route=\/wp\/v2\/posts\/135264\/revisions\/135267"}],"wp:featuredmedia":[{"embeddable":true,"href":"https:\/\/diarioavanzada.com.mx\/index.php?rest_route=\/wp\/v2\/media\/135265"}],"wp:attachment":[{"href":"https:\/\/diarioavanzada.com.mx\/index.php?rest_route=%2Fwp%2Fv2%2Fmedia&parent=135264"}],"wp:term":[{"taxonomy":"category","embeddable":true,"href":"https:\/\/diarioavanzada.com.mx\/index.php?rest_route=%2Fwp%2Fv2%2Fcategories&post=135264"},{"taxonomy":"post_tag","embeddable":true,"href":"https:\/\/diarioavanzada.com.mx\/index.php?rest_route=%2Fwp%2Fv2%2Ftags&post=135264"}],"curies":[{"name":"wp","href":"https:\/\/api.w.org\/{rel}","templated":true}]}}