{"id":135223,"date":"2026-09-01T09:46:38","date_gmt":"2026-09-01T15:46:38","guid":{"rendered":"https:\/\/diarioavanzada.com.mx\/?p=135223"},"modified":"2026-09-01T09:46:38","modified_gmt":"2026-09-01T15:46:38","slug":"oculta-precariedad-laboral-el-bajo-desempleo-en-colima","status":"publish","type":"post","link":"https:\/\/diarioavanzada.com.mx\/?p=135223","title":{"rendered":"Oculta precariedad laboral el bajo desempleo en Colima"},"content":{"rendered":"\n<p class=\"p1 wp-block-paragraph\">Colima, M\u00e9xico, Avanzada (01\/09\/2026).- En Colima, encontrar un empleo que permita romper el c\u00edrculo de la pobreza es cada vez m\u00e1s complicado. Aunque la entidad presenta una de las tasas de desocupaci\u00f3n m\u00e1s bajas del pa\u00eds, casi el 50 por ciento de la fuerza laboral debe aceptar trabajos informales, inestables o mal remunerados que no alcanzan para cubrir las necesidades b\u00e1sicas de sus familias.<\/p>\n\n\n\n<p class=\"p1 wp-block-paragraph\">La crisis laboral no se expresa en la falta absoluta de ocupaciones, sino en la escasez de plazas que ofrezcan ingresos suficientes, seguridad social y posibilidades reales de construir un patrimonio.<\/p>\n\n\n\n<p class=\"p1 wp-block-paragraph\">En julio de 2026, la tasa nacional de desocupaci\u00f3n fue de 2.9 por ciento, mientras que Colima report\u00f3 1.3 por ciento, s\u00f3lo por encima de Oaxaca, con 0.8 por ciento, y Morelos, con 1.2 por ciento, y en el mismo nivel que Guerrero, de acuerdo con datos de la Encuesta Nacional de Ocupaci\u00f3n y Empleo (ENOE) analizados por el economista Alejandro G\u00f3mez Tamez, colaborador de la revista Nexos.<\/p>\n\n\n\n<p class=\"p1 wp-block-paragraph\">A primera vista, expone el analista, las cifras podr\u00edan interpretarse como una se\u00f1al positiva, pero sostiene que una baja tasa de desempleo no significa necesariamente que exista un mercado laboral s\u00f3lido. Luego, menciona que en entidades como Colima, donde las familias viven al d\u00eda, carecen de ahorros y no cuentan con un seguro de desempleo, permanecer varias semanas buscando una plaza adecuada resulta econ\u00f3micamente inviable. <em>\u201cLa necesidad obliga a aceptar casi cualquier actividad, aunque sea temporal, informal, por pocas horas o con una remuneraci\u00f3n insuficiente\u201d, <\/em>refiere.<\/p>\n\n\n\n<p class=\"p1 wp-block-paragraph\"><em>\u201cHay que salir a trabajar en lo que sea, aunque sea informal, mal pagado o pocas horas\u201d, <\/em>resumi\u00f3 G\u00f3mez Tamez al advertir que el desempleo, considerado de manera aislada, ofrece una visi\u00f3n incompleta de las condiciones laborales del pa\u00eds.<\/p>\n\n\n\n<p class=\"p1 wp-block-paragraph\">La advertencia adquiere especial relevancia en Colima, especialmente porque durante el segundo trimestre de 2026, el estado contabiliz\u00f3 398 mil 610 personas ocupadas, pero 184 mil, equivalentes al 46.2 por ciento del total, se encontraban en alguna modalidad de informalidad laboral. En t\u00e9rminos pr\u00e1cticos, casi cinco de cada 10 trabajadores carec\u00edan de una relaci\u00f3n laboral plenamente reconocida o de acceso a prestaciones vinculadas con el empleo, de acuerdo con los resultados de la ENOE.<\/p>\n\n\n\n<p class=\"p1 wp-block-paragraph\">Adem\u00e1s, alrededor de 124 mil personas, equivalentes a 31.2 por ciento de la poblaci\u00f3n ocupada, enfrentaban condiciones cr\u00edticas de ocupaci\u00f3n. Este indicador incluye a quienes trabajan menos de 35 horas por causas ajenas a su voluntad, a quienes laboran m\u00e1s de 35 horas y reciben menos de un salario m\u00ednimo, as\u00ed como a quienes superan las 48 horas semanales por ingresos de hasta dos salarios m\u00ednimos.<\/p>\n\n\n\n<p class=\"p1 wp-block-paragraph\">A nivel nacional, el problema tambi\u00e9n rebasa la tasa de desocupaci\u00f3n: en julio, 56.2 por ciento de la poblaci\u00f3n ocupada trabaj\u00f3 en la informalidad y 38.9 por ciento se encontr\u00f3 en condiciones cr\u00edticas; esta \u00faltima proporci\u00f3n aument\u00f3 frente al 37.3 por ciento observado un a\u00f1o antes. El pa\u00eds manten\u00eda 60.8 millones de personas ocupadas, pero 34.1 millones laboraban informalmente, seg\u00fan el informe del Inegi publicado el 27 de agosto<\/p>\n<div class=\"fb-background-color\">\n\t\t\t  <div \n\t\t\t  \tclass = \"fb-comments\" \n\t\t\t  \tdata-href = \"https:\/\/diarioavanzada.com.mx\/?p=135223\"\n\t\t\t  \tdata-numposts = \"10\"\n\t\t\t  \tdata-lazy = \"true\"\n\t\t\t\tdata-colorscheme = \"light\"\n\t\t\t\tdata-order-by = \"social\"\n\t\t\t\tdata-mobile=true>\n\t\t\t  <\/div><\/div>\n\t\t  <style>\n\t\t    .fb-background-color {\n\t\t\t\tbackground:  !important;\n\t\t\t}\n\t\t\t.fb_iframe_widget_fluid_desktop iframe {\n\t\t\t    width: 100% !important;\n\t\t\t}\n\t\t  <\/style>\n\t\t  ","protected":false},"excerpt":{"rendered":"<p>Colima, M\u00e9xico, Avanzada (01\/09\/2026).- En Colima, encontrar un empleo que permita romper el c\u00edrculo de la pobreza es cada vez m\u00e1s complicado. Aunque la entidad presenta una de las tasas de desocupaci\u00f3n m\u00e1s bajas del pa\u00eds, casi el 50 por ciento de la fuerza laboral debe aceptar trabajos informales, inestables o mal remunerados que no [&hellip;]<\/p>\n","protected":false},"author":5,"featured_media":135244,"comment_status":"closed","ping_status":"closed","sticky":false,"template":"","format":"standard","meta":{"_coblocks_attr":"","_coblocks_dimensions":"","_coblocks_responsive_height":"","_coblocks_accordion_ie_support":"","advanced_seo_description":"","jetpack_seo_html_title":"","jetpack_seo_noindex":false,"jetpack_seo_schema_type":"","_jetpack_newsletter_access":"","_jetpack_dont_email_post_to_subs":false,"_jetpack_newsletter_tier_id":0,"_jetpack_memberships_contains_paywalled_content":false,"_wpcom_ai_launchpad_first_post":false,"_jetpack_feature_clip_id":0,"_jetpack_memberships_contains_paid_content":false,"footnotes":"","jetpack_post_was_ever_published":false},"categories":[19,1,209,7,29],"tags":[210],"class_list":["post-135223","post","type-post","status-publish","format-standard","has-post-thumbnail","hentry","category-colima","category-general","category-importantes","category-noticias","category-sociedad","tag-portada"],"jetpack-related-posts":[],"jetpack_sharing_enabled":true,"amp_enabled":true,"jetpack_featured_media_url":"https:\/\/diarioavanzada.com.mx\/wp-content\/uploads\/2026\/09\/img_3922.png","_links":{"self":[{"href":"https:\/\/diarioavanzada.com.mx\/index.php?rest_route=\/wp\/v2\/posts\/135223","targetHints":{"allow":["GET"]}}],"collection":[{"href":"https:\/\/diarioavanzada.com.mx\/index.php?rest_route=\/wp\/v2\/posts"}],"about":[{"href":"https:\/\/diarioavanzada.com.mx\/index.php?rest_route=\/wp\/v2\/types\/post"}],"author":[{"embeddable":true,"href":"https:\/\/diarioavanzada.com.mx\/index.php?rest_route=\/wp\/v2\/users\/5"}],"replies":[{"embeddable":true,"href":"https:\/\/diarioavanzada.com.mx\/index.php?rest_route=%2Fwp%2Fv2%2Fcomments&post=135223"}],"version-history":[{"count":4,"href":"https:\/\/diarioavanzada.com.mx\/index.php?rest_route=\/wp\/v2\/posts\/135223\/revisions"}],"predecessor-version":[{"id":135245,"href":"https:\/\/diarioavanzada.com.mx\/index.php?rest_route=\/wp\/v2\/posts\/135223\/revisions\/135245"}],"wp:featuredmedia":[{"embeddable":true,"href":"https:\/\/diarioavanzada.com.mx\/index.php?rest_route=\/wp\/v2\/media\/135244"}],"wp:attachment":[{"href":"https:\/\/diarioavanzada.com.mx\/index.php?rest_route=%2Fwp%2Fv2%2Fmedia&parent=135223"}],"wp:term":[{"taxonomy":"category","embeddable":true,"href":"https:\/\/diarioavanzada.com.mx\/index.php?rest_route=%2Fwp%2Fv2%2Fcategories&post=135223"},{"taxonomy":"post_tag","embeddable":true,"href":"https:\/\/diarioavanzada.com.mx\/index.php?rest_route=%2Fwp%2Fv2%2Ftags&post=135223"}],"curies":[{"name":"wp","href":"https:\/\/api.w.org\/{rel}","templated":true}]}}