{"id":135190,"date":"2026-08-31T19:45:41","date_gmt":"2026-09-01T01:45:41","guid":{"rendered":"https:\/\/diarioavanzada.com.mx\/?p=135190"},"modified":"2026-08-31T19:45:45","modified_gmt":"2026-09-01T01:45:45","slug":"nueva-sala-de-lactancia-para-madres-trabajadoras-y-estudiantes-universitarias","status":"publish","type":"post","link":"https:\/\/diarioavanzada.com.mx\/?p=135190","title":{"rendered":"Nueva sala de lactancia para madres trabajadoras y estudiantes universitarias"},"content":{"rendered":"\n<p class=\"wp-block-paragraph\"><em>El rector de la Universidad de Colima dijo que la lactancia materna fue reconocida por Naciones Unidas como un derecho humano de las madres y las infancias, pero enfatiz\u00f3 que hacer realidad estos derechos requiere voluntad y esfuerzo institucional.<\/em><\/p>\n\n\n\n<p class=\"wp-block-paragraph\">Colima, M\u00e9xico, Comunicado (31\/08\/2026).- Christian Jorge Torres Ortiz Zerme\u00f1o, rector de la Universidad de Colima, inaugur\u00f3 este lunes 31 de agosto la segunda Sala de Lactancia, ubicada en el campus Villa de \u00c1lvarez. El prop\u00f3sito de estos espacios es brindar a las madres estudiantes y trabajadoras un espacio digno, privado, c\u00f3modo y seguro para amamantar o realizar la extracci\u00f3n y conservaci\u00f3n de leche materna durante su jornada acad\u00e9mica o laboral.<\/p>\n\n\n\n<p class=\"wp-block-paragraph\">En el acto inaugural, Christian Torres Ortiz dijo que la apertura de esta sala representa la continuidad de un esfuerzo institucional para atender las necesidades de las madres universitarias y favorecer que puedan desarrollar de manera paralela de manera paralela su vida familiar, acad\u00e9mica y laboral.<\/p>\n\n\n\n<p class=\"wp-block-paragraph\">Record\u00f3 que la primera Sala de Lactancia, ubicada en el campus Colima, surgi\u00f3 tambi\u00e9n a partir de la necesidad planteada por una madre universitaria, lo que permiti\u00f3 generar una respuesta institucional a esta situaci\u00f3n. Ahora, con este segundo espacio, la Universidad ampl\u00eda las posibilidades de acompa\u00f1amiento para quienes requieren este servicio.<\/p>\n\n\n\n<p class=\"wp-block-paragraph\">Mencion\u00f3 que organismos de Naciones Unidas han vinculado la lactancia con derechos humanos de mujeres y ni\u00f1as y ni\u00f1os, pero enfatiz\u00f3 que hacer realidad estos derechos requiere voluntad y esfuerzo institucional. \u201cPara quienes tengan la necesidad de usarla, literalmente es su casa, es para ustedes\u201d.<\/p>\n\n\n\n<p class=\"wp-block-paragraph\">Finalmente, pidi\u00f3 a la comunidad universitaria contribuir a su difusi\u00f3n para que las madres que requieran este servicio conozcan que pueden utilizarlo con la frecuencia que sea necesaria.<\/p>\n\n\n\n<p class=\"wp-block-paragraph\">En su turno, Blanca Liliana D\u00edaz V\u00e1zquez, presidenta del Voluntariado de la Universidad de Colima, se\u00f1al\u00f3 que esta segunda Sala de Lactancia representa un paso m\u00e1s hacia una Universidad \u201cm\u00e1s humana, incluyente y comprometida con el bienestar de su comunidad\u201d.<\/p>\n\n\n\n<p class=\"wp-block-paragraph\">Explic\u00f3 que el espacio est\u00e1 destinado a trabajadoras y estudiantes, pero tambi\u00e9n a visitantes que requieran hacer uso de \u00e9l. Cuenta con mobiliario para facilitar la lactancia, lavabo para la higiene de manos y un refrigerador para el almacenamiento temporal de la leche materna.<\/p>\n\n\n\n<p class=\"wp-block-paragraph\">Adem\u00e1s del espacio f\u00edsico, las usuarias podr\u00e1n recibir asesor\u00edas personalizadas sobre extracci\u00f3n, conservaci\u00f3n y transporte de leche, as\u00ed como orientaci\u00f3n y, en caso necesario, canalizaci\u00f3n a las \u00e1reas correspondientes.<\/p>\n\n\n\n<p class=\"wp-block-paragraph\">Blanca Liliana hizo un llamado a directores y directoras de los planteles universitarios para que ayuden a difundir este servicio y, particularmente, para que acompa\u00f1en a las estudiantes que son madres, a fin de que puedan continuar con sus estudios y actividades acad\u00e9micas. \u201cEs tambi\u00e9n -finaliz\u00f3- una forma de apoyar a las mujeres para que puedan continuar con sus estudios, su trabajo y sus proyectos personales, sin tener que elegir entre su desarrollo profesional o acad\u00e9mico y la maternidad\u201d.<\/p>\n\n\n\n<p class=\"wp-block-paragraph\">Por su parte, Carlos Alberto Montes Carbajal, delegado del campus Villa de \u00c1lvarez, destac\u00f3 que este espacio representa el compromiso institucional con el bienestar, la inclusi\u00f3n y el acompa\u00f1amiento a las madres universitarias.<\/p>\n\n\n\n<p class=\"wp-block-paragraph\">Por \u00faltimo, Maribel Villegas Rocha, responsable de las salas de lactancia, explic\u00f3 que las solicitudes pueden realizarse presencialmente en la Delegaci\u00f3n Villa de \u00c1lvarez o en el campus Colima o a trav\u00e9s del correo electr\u00f3nico <strong>lactarioudc@ucol.mx<\/strong>. Las asesor\u00edas tambi\u00e9n pueden ofrecerse a distancia para integrantes de las delegaciones de Manzanillo y Tecom\u00e1n.<\/p>\n\n\n\n<p class=\"wp-block-paragraph\">Como parte de la inauguraci\u00f3n, se realiz\u00f3 el conversatorio \u201cEspacios que transforman: lactancias y fronteras\u201d, en el Auditorio de Humanidades, en el que participaron Marisol Estefan\u00eda Maldonado Madrigal, trabajadora y mam\u00e1 universitaria; Laura Guerrero B\u00e1rcena, especialista en lactancia y licenciada en Nutrici\u00f3n, y Maribel Villegas, responsable de las salas de lactancia universitarias.<\/p>\n\n\n\n<p class=\"wp-block-paragraph\">El di\u00e1logo permiti\u00f3 compartir experiencias y reflexiones sobre los retos de la lactancia, la importancia de las redes de apoyo y el acompa\u00f1amiento profesional e institucional.<\/p>\n\n\n\n<p class=\"wp-block-paragraph\">Durante el conversatorio, Estefan\u00eda Maldonado comparti\u00f3 su experiencia como madre y trabajadora universitaria y destac\u00f3 que contar con informaci\u00f3n, espacios adecuados y el respaldo de la instituci\u00f3n fue fundamental para continuar con la lactancia. Por su parte, las especialistas resaltaron que el acompa\u00f1amiento debe involucrar no s\u00f3lo a la madre, sino tambi\u00e9n a la familia, los centros de trabajo y las instituciones.<\/p>\n\n\n\n<p class=\"wp-block-paragraph\">Al finalizar, Blanca Liliana D\u00edaz reiter\u00f3 que mantener y fortalecer estos servicios requiere de la participaci\u00f3n de toda la comunidad universitaria, pues una sala de lactancia s\u00f3lo cumple plenamente su prop\u00f3sito cuando las madres conocen que existe, pueden utilizarla y encuentran a su alrededor una verdadera red de apoyo.<\/p>\n\n\n\n<p class=\"wp-block-paragraph\">\u201cSus sue\u00f1os, sus estudios y desarrollo profesional son muy importantes para la Universidad de Colima\u201d, expres\u00f3 finalmente a las madres universitarias, a quienes asegur\u00f3 que, as\u00ed como la instituci\u00f3n es una segunda casa para ellas, tambi\u00e9n lo ser\u00e1 para sus hijas e hijos.<\/p>\n\n\n\n<figure class=\"wp-block-image size-large\"><img loading=\"lazy\" decoding=\"async\" width=\"1024\" height=\"683\" src=\"https:\/\/diarioavanzada.com.mx\/wp-content\/uploads\/2026\/08\/Inauguran-nueva-Sala-de-Lactancia-en-Campus-La-Villa_Sala_1-1-1024x683.jpg\" alt=\"\" class=\"wp-image-135202\" srcset=\"https:\/\/diarioavanzada.com.mx\/wp-content\/uploads\/2026\/08\/Inauguran-nueva-Sala-de-Lactancia-en-Campus-La-Villa_Sala_1-1-1024x683.jpg 1024w, https:\/\/diarioavanzada.com.mx\/wp-content\/uploads\/2026\/08\/Inauguran-nueva-Sala-de-Lactancia-en-Campus-La-Villa_Sala_1-1-300x200.jpg 300w, https:\/\/diarioavanzada.com.mx\/wp-content\/uploads\/2026\/08\/Inauguran-nueva-Sala-de-Lactancia-en-Campus-La-Villa_Sala_1-1-768x512.jpg 768w, https:\/\/diarioavanzada.com.mx\/wp-content\/uploads\/2026\/08\/Inauguran-nueva-Sala-de-Lactancia-en-Campus-La-Villa_Sala_1-1.jpg 1048w\" sizes=\"auto, (max-width: 1024px) 100vw, 1024px\" \/><\/figure>\n\n\n\n<figure class=\"wp-block-image size-large\"><img loading=\"lazy\" decoding=\"async\" width=\"1024\" height=\"683\" src=\"https:\/\/diarioavanzada.com.mx\/wp-content\/uploads\/2026\/08\/Inauguran-nueva-Sala-de-Lactancia-en-Campus-La-Villa_b-1024x683.jpg\" alt=\"\" class=\"wp-image-135195\" srcset=\"https:\/\/diarioavanzada.com.mx\/wp-content\/uploads\/2026\/08\/Inauguran-nueva-Sala-de-Lactancia-en-Campus-La-Villa_b-1024x683.jpg 1024w, https:\/\/diarioavanzada.com.mx\/wp-content\/uploads\/2026\/08\/Inauguran-nueva-Sala-de-Lactancia-en-Campus-La-Villa_b-300x200.jpg 300w, https:\/\/diarioavanzada.com.mx\/wp-content\/uploads\/2026\/08\/Inauguran-nueva-Sala-de-Lactancia-en-Campus-La-Villa_b-768x512.jpg 768w, https:\/\/diarioavanzada.com.mx\/wp-content\/uploads\/2026\/08\/Inauguran-nueva-Sala-de-Lactancia-en-Campus-La-Villa_b.jpg 1048w\" sizes=\"auto, (max-width: 1024px) 100vw, 1024px\" \/><\/figure>\n\n\n\n<figure class=\"wp-block-image size-large\"><img loading=\"lazy\" decoding=\"async\" width=\"1024\" height=\"683\" src=\"https:\/\/diarioavanzada.com.mx\/wp-content\/uploads\/2026\/08\/Inauguran-nueva-Sala-de-Lactancia-en-Campus-La-Villa_Rector_1-1024x683.jpg\" alt=\"\" class=\"wp-image-135193\" srcset=\"https:\/\/diarioavanzada.com.mx\/wp-content\/uploads\/2026\/08\/Inauguran-nueva-Sala-de-Lactancia-en-Campus-La-Villa_Rector_1-1024x683.jpg 1024w, https:\/\/diarioavanzada.com.mx\/wp-content\/uploads\/2026\/08\/Inauguran-nueva-Sala-de-Lactancia-en-Campus-La-Villa_Rector_1-300x200.jpg 300w, https:\/\/diarioavanzada.com.mx\/wp-content\/uploads\/2026\/08\/Inauguran-nueva-Sala-de-Lactancia-en-Campus-La-Villa_Rector_1-768x512.jpg 768w, https:\/\/diarioavanzada.com.mx\/wp-content\/uploads\/2026\/08\/Inauguran-nueva-Sala-de-Lactancia-en-Campus-La-Villa_Rector_1.jpg 1048w\" sizes=\"auto, (max-width: 1024px) 100vw, 1024px\" \/><\/figure>\n\n\n\n<figure class=\"wp-block-image size-large\"><img loading=\"lazy\" decoding=\"async\" width=\"1024\" height=\"683\" src=\"https:\/\/diarioavanzada.com.mx\/wp-content\/uploads\/2026\/08\/Inauguran-nueva-Sala-de-Lactancia-en-Campus-La-Villa_Blanca-1024x683.jpg\" alt=\"\" class=\"wp-image-135192\" srcset=\"https:\/\/diarioavanzada.com.mx\/wp-content\/uploads\/2026\/08\/Inauguran-nueva-Sala-de-Lactancia-en-Campus-La-Villa_Blanca-1024x683.jpg 1024w, https:\/\/diarioavanzada.com.mx\/wp-content\/uploads\/2026\/08\/Inauguran-nueva-Sala-de-Lactancia-en-Campus-La-Villa_Blanca-300x200.jpg 300w, https:\/\/diarioavanzada.com.mx\/wp-content\/uploads\/2026\/08\/Inauguran-nueva-Sala-de-Lactancia-en-Campus-La-Villa_Blanca-768x512.jpg 768w, https:\/\/diarioavanzada.com.mx\/wp-content\/uploads\/2026\/08\/Inauguran-nueva-Sala-de-Lactancia-en-Campus-La-Villa_Blanca.jpg 1048w\" sizes=\"auto, (max-width: 1024px) 100vw, 1024px\" \/><\/figure>\n\n\n\n<figure class=\"wp-block-image size-large\"><img loading=\"lazy\" decoding=\"async\" width=\"1024\" height=\"683\" src=\"https:\/\/diarioavanzada.com.mx\/wp-content\/uploads\/2026\/08\/Inauguran-nueva-Sala-de-Lactancia-en-Campus-La-Villa-1-1024x683.jpg\" alt=\"\" class=\"wp-image-135198\" srcset=\"https:\/\/diarioavanzada.com.mx\/wp-content\/uploads\/2026\/08\/Inauguran-nueva-Sala-de-Lactancia-en-Campus-La-Villa-1-1024x683.jpg 1024w, https:\/\/diarioavanzada.com.mx\/wp-content\/uploads\/2026\/08\/Inauguran-nueva-Sala-de-Lactancia-en-Campus-La-Villa-1-300x200.jpg 300w, https:\/\/diarioavanzada.com.mx\/wp-content\/uploads\/2026\/08\/Inauguran-nueva-Sala-de-Lactancia-en-Campus-La-Villa-1-768x512.jpg 768w, https:\/\/diarioavanzada.com.mx\/wp-content\/uploads\/2026\/08\/Inauguran-nueva-Sala-de-Lactancia-en-Campus-La-Villa-1.jpg 1048w\" sizes=\"auto, (max-width: 1024px) 100vw, 1024px\" \/><\/figure>\n\n\n\n<figure class=\"wp-block-image size-large\"><img loading=\"lazy\" decoding=\"async\" width=\"1024\" height=\"683\" src=\"https:\/\/diarioavanzada.com.mx\/wp-content\/uploads\/2026\/08\/Inauguran-nueva-Sala-de-Lactancia-en-Campus-La-Villa_Carlos-1-1024x683.jpg\" alt=\"\" class=\"wp-image-135199\" srcset=\"https:\/\/diarioavanzada.com.mx\/wp-content\/uploads\/2026\/08\/Inauguran-nueva-Sala-de-Lactancia-en-Campus-La-Villa_Carlos-1-1024x683.jpg 1024w, https:\/\/diarioavanzada.com.mx\/wp-content\/uploads\/2026\/08\/Inauguran-nueva-Sala-de-Lactancia-en-Campus-La-Villa_Carlos-1-300x200.jpg 300w, https:\/\/diarioavanzada.com.mx\/wp-content\/uploads\/2026\/08\/Inauguran-nueva-Sala-de-Lactancia-en-Campus-La-Villa_Carlos-1-768x512.jpg 768w, https:\/\/diarioavanzada.com.mx\/wp-content\/uploads\/2026\/08\/Inauguran-nueva-Sala-de-Lactancia-en-Campus-La-Villa_Carlos-1.jpg 1048w\" sizes=\"auto, (max-width: 1024px) 100vw, 1024px\" \/><\/figure>\n<div class=\"fb-background-color\">\n\t\t\t  <div \n\t\t\t  \tclass = \"fb-comments\" \n\t\t\t  \tdata-href = \"https:\/\/diarioavanzada.com.mx\/?p=135190\"\n\t\t\t  \tdata-numposts = \"10\"\n\t\t\t  \tdata-lazy = \"true\"\n\t\t\t\tdata-colorscheme = \"light\"\n\t\t\t\tdata-order-by = \"social\"\n\t\t\t\tdata-mobile=true>\n\t\t\t  <\/div><\/div>\n\t\t  <style>\n\t\t    .fb-background-color {\n\t\t\t\tbackground:  !important;\n\t\t\t}\n\t\t\t.fb_iframe_widget_fluid_desktop iframe {\n\t\t\t    width: 100% !important;\n\t\t\t}\n\t\t  <\/style>\n\t\t  ","protected":false},"excerpt":{"rendered":"<p>El rector de la Universidad de Colima dijo que la lactancia materna fue reconocida por Naciones Unidas como un derecho humano de las madres y las infancias, pero enfatiz\u00f3 que hacer realidad estos derechos requiere voluntad y esfuerzo institucional. Colima, M\u00e9xico, Comunicado (31\/08\/2026).- Christian Jorge Torres Ortiz Zerme\u00f1o, rector de la Universidad de Colima, inaugur\u00f3 [&hellip;]<\/p>\n","protected":false},"author":7,"featured_media":135196,"comment_status":"closed","ping_status":"closed","sticky":false,"template":"","format":"standard","meta":{"_coblocks_attr":"","_coblocks_dimensions":"","_coblocks_responsive_height":"","_coblocks_accordion_ie_support":"","advanced_seo_description":"","jetpack_seo_html_title":"","jetpack_seo_noindex":false,"jetpack_seo_schema_type":"","_jetpack_newsletter_access":"","_jetpack_dont_email_post_to_subs":false,"_jetpack_newsletter_tier_id":0,"_jetpack_memberships_contains_paywalled_content":false,"_wpcom_ai_launchpad_first_post":false,"_jetpack_feature_clip_id":0,"_jetpack_memberships_contains_paid_content":false,"footnotes":"","jetpack_post_was_ever_published":false},"categories":[19,209,7,29],"tags":[],"class_list":["post-135190","post","type-post","status-publish","format-standard","has-post-thumbnail","hentry","category-colima","category-importantes","category-noticias","category-sociedad"],"jetpack-related-posts":[],"jetpack_sharing_enabled":true,"amp_enabled":true,"jetpack_featured_media_url":"https:\/\/diarioavanzada.com.mx\/wp-content\/uploads\/2026\/08\/Inauguran-nueva-Sala-de-Lactancia-en-Campus-La-Villa_a.jpg","_links":{"self":[{"href":"https:\/\/diarioavanzada.com.mx\/index.php?rest_route=\/wp\/v2\/posts\/135190","targetHints":{"allow":["GET"]}}],"collection":[{"href":"https:\/\/diarioavanzada.com.mx\/index.php?rest_route=\/wp\/v2\/posts"}],"about":[{"href":"https:\/\/diarioavanzada.com.mx\/index.php?rest_route=\/wp\/v2\/types\/post"}],"author":[{"embeddable":true,"href":"https:\/\/diarioavanzada.com.mx\/index.php?rest_route=\/wp\/v2\/users\/7"}],"replies":[{"embeddable":true,"href":"https:\/\/diarioavanzada.com.mx\/index.php?rest_route=%2Fwp%2Fv2%2Fcomments&post=135190"}],"version-history":[{"count":6,"href":"https:\/\/diarioavanzada.com.mx\/index.php?rest_route=\/wp\/v2\/posts\/135190\/revisions"}],"predecessor-version":[{"id":135204,"href":"https:\/\/diarioavanzada.com.mx\/index.php?rest_route=\/wp\/v2\/posts\/135190\/revisions\/135204"}],"wp:featuredmedia":[{"embeddable":true,"href":"https:\/\/diarioavanzada.com.mx\/index.php?rest_route=\/wp\/v2\/media\/135196"}],"wp:attachment":[{"href":"https:\/\/diarioavanzada.com.mx\/index.php?rest_route=%2Fwp%2Fv2%2Fmedia&parent=135190"}],"wp:term":[{"taxonomy":"category","embeddable":true,"href":"https:\/\/diarioavanzada.com.mx\/index.php?rest_route=%2Fwp%2Fv2%2Fcategories&post=135190"},{"taxonomy":"post_tag","embeddable":true,"href":"https:\/\/diarioavanzada.com.mx\/index.php?rest_route=%2Fwp%2Fv2%2Ftags&post=135190"}],"curies":[{"name":"wp","href":"https:\/\/api.w.org\/{rel}","templated":true}]}}