{"id":135188,"date":"2026-08-31T18:40:27","date_gmt":"2026-09-01T00:40:27","guid":{"rendered":"https:\/\/diarioavanzada.com.mx\/?p=135188"},"modified":"2026-08-31T19:48:37","modified_gmt":"2026-09-01T01:48:37","slug":"asesinan-al-fotoreportero-ricardo-zuniga-en-puebla-habia-denunciado-amenazas","status":"publish","type":"post","link":"https:\/\/diarioavanzada.com.mx\/?p=135188","title":{"rendered":"Asesinan al fotoreportero Ricardo Z\u00fa\u00f1iga en Puebla; hab\u00eda denunciado amenazas"},"content":{"rendered":"\n<p class=\"p1 wp-block-paragraph\">M\u00e9xico, Avanzada (31\/08\/2026).- El fotoreportero y creador de contenido Ricardo Z\u00fa\u00f1iga Rosas, de 35 a\u00f1os, fue asesinado a balazos el s\u00e1bado 29 de agosto en el municipio de Tehuitzingo, Puebla, luego de que previamente hab\u00eda denunciado amenazas relacionadas con su labor informativa y sus cr\u00edticas a autoridades locales.<\/p>\n\n\n\n<p class=\"p1 wp-block-paragraph\">De acuerdo con un comunicado conjunto de la Federaci\u00f3n de Asociaciones de Periodistas Mexicanos (FAPERMEX), el Colegio Nacional de Licenciados en Periodismo (CONALIPE) y la Comisi\u00f3n de Investigaci\u00f3n de Atentados a Periodistas de la Federaci\u00f3n Latinoamericana de Periodistas (CIAP-FELAP), Z\u00fa\u00f1iga Rosas fue atacado a quemarropa dentro de su negocio de productos de limpieza por un hombre armado, quien posteriormente huy\u00f3 a bordo de una motocicleta.<\/p>\n\n\n\n<p class=\"p1 wp-block-paragraph\">El comunicador fue trasladado con vida a un hospital local; sin embargo, muri\u00f3 debido a la gravedad de las heridas provocadas por los disparos.<\/p>\n\n\n\n<p class=\"p1 wp-block-paragraph\">Z\u00fa\u00f1iga Rosas se dedicaba a documentar la vida comunitaria de la Mixteca poblana y a dar seguimiento al desempe\u00f1o de las autoridades locales. En mayo pasado denunci\u00f3 p\u00fablicamente haber recibido amenazas para que dejara de involucrarse en asuntos pol\u00edticos y de criticar a la administraci\u00f3n municipal encabezada por el priista Jorge Estrada Gervacio.<\/p>\n\n\n\n<p class=\"p1 wp-block-paragraph\">Tras las amenazas, el fotoreportero public\u00f3 en sus redes sociales un mensaje en el que advert\u00eda: <em>\u201cAs\u00ed que banda, si algo me pasa ya saben\u201d.<\/em><\/p>\n\n\n\n<p class=\"p1 wp-block-paragraph\">Las organizaciones period\u00edsticas se\u00f1alaron que esa advertencia previa debe ser considerada dentro de las investigaciones y exigieron a la Fiscal\u00eda General del Estado de Puebla agotar como una de las principales l\u00edneas de investigaci\u00f3n la actividad period\u00edstica de Z\u00fa\u00f1iga Rosas, as\u00ed como las intimidaciones que hab\u00eda denunciado.<\/p>\n\n\n\n<p class=\"p1 wp-block-paragraph\">El asesinato ocurre apenas unas semanas despu\u00e9s del homicidio del comunicador Josu\u00e9 Mart\u00ednez Contreras, ocurrido el 16 de julio en San Mart\u00edn Texmelucan, tambi\u00e9n en Puebla, por lo que las organizaciones calificaron a la entidad como una zona de riesgo para quienes ejercen el periodismo.<\/p>\n\n\n\n<p class=\"p1 wp-block-paragraph\">FAPERMEX, CONALIPE y CIAP-FELAP exigieron a las autoridades estatales y federales una investigaci\u00f3n exhaustiva, transparente e inmediata para esclarecer el crimen y evitar que quede impune, adem\u00e1s de garant\u00edas reales de seguridad para periodistas, comunicadores y creadores de contenido.<\/p>\n\n\n\n<p class=\"p1 wp-block-paragraph\">Las organizaciones advirtieron que las condenas p\u00fablicas resultan insuficientes si no est\u00e1n acompa\u00f1adas de medidas preventivas y mecanismos eficaces de protecci\u00f3n para quienes ejercen el derecho a informar.<\/p>\n\n\n\n<p class=\"p1 wp-block-paragraph\">De acuerdo con el recuento presentado por FAPERMEX y CONALIPE, durante la administraci\u00f3n de la presidenta Claudia Sheinbaum Pardo se han registrado ocho cr\u00edmenes mortales contra comunicadores, adem\u00e1s del hallazgo del cuerpo de un periodista desaparecido desde 2019 y una desaparici\u00f3n forzada.<\/p>\n\n\n\n<p class=\"p1 wp-block-paragraph\">El mismo registro se\u00f1ala que, de 2000 a la fecha, han ocurrido 345 asesinatos relacionados con periodistas, trabajadores de la prensa, familiares, amigos de comunicadores, civiles y escoltas. Del total, 287 corresponden a periodistas.<\/p>\n\n\n\n<p class=\"p1 wp-block-paragraph\">Al ampliar el periodo de registro desde 1983, las organizaciones contabilizan 411 asesinatos, incluidos 349 periodistas, nueve locutores, 16 trabajadores de prensa, 19 familiares y 13 amigos de comunicadores, as\u00ed como dos civiles y tres escoltas.<\/p>\n\n\n\n<p class=\"p1 wp-block-paragraph\">FAPERMEX, CONALIPE y CIAP-FELAP sostuvieron que las cifras reflejan la persistencia de la violencia contra la prensa y la libertad de expresi\u00f3n en M\u00e9xico, y demandaron que el asesinato de Ricardo Z\u00fa\u00f1iga Rosas no quede en la impunidad.<\/p>\n\n\n\n<p class=\"p1 wp-block-paragraph\"><em>\u201c\u00a1Basta de agresiones contra la prensa!\u201d, <\/em>expresaron las organizaciones, al exigir justicia para el fotoreportero asesinado.<\/p>\n<div class=\"fb-background-color\">\n\t\t\t  <div \n\t\t\t  \tclass = \"fb-comments\" \n\t\t\t  \tdata-href = \"https:\/\/diarioavanzada.com.mx\/?p=135188\"\n\t\t\t  \tdata-numposts = \"10\"\n\t\t\t  \tdata-lazy = \"true\"\n\t\t\t\tdata-colorscheme = \"light\"\n\t\t\t\tdata-order-by = \"social\"\n\t\t\t\tdata-mobile=true>\n\t\t\t  <\/div><\/div>\n\t\t  <style>\n\t\t    .fb-background-color {\n\t\t\t\tbackground:  !important;\n\t\t\t}\n\t\t\t.fb_iframe_widget_fluid_desktop iframe {\n\t\t\t    width: 100% !important;\n\t\t\t}\n\t\t  <\/style>\n\t\t  ","protected":false},"excerpt":{"rendered":"<p>M\u00e9xico, Avanzada (31\/08\/2026).- El fotoreportero y creador de contenido Ricardo Z\u00fa\u00f1iga Rosas, de 35 a\u00f1os, fue asesinado a balazos el s\u00e1bado 29 de agosto en el municipio de Tehuitzingo, Puebla, luego de que previamente hab\u00eda denunciado amenazas relacionadas con su labor informativa y sus cr\u00edticas a autoridades locales. De acuerdo con un comunicado conjunto de [&hellip;]<\/p>\n","protected":false},"author":7,"featured_media":135187,"comment_status":"closed","ping_status":"closed","sticky":false,"template":"","format":"standard","meta":{"_coblocks_attr":"","_coblocks_dimensions":"","_coblocks_responsive_height":"","_coblocks_accordion_ie_support":"","advanced_seo_description":"","jetpack_seo_html_title":"","jetpack_seo_noindex":false,"jetpack_seo_schema_type":"","_jetpack_newsletter_access":"","_jetpack_dont_email_post_to_subs":false,"_jetpack_newsletter_tier_id":0,"_jetpack_memberships_contains_paywalled_content":false,"_wpcom_ai_launchpad_first_post":false,"_jetpack_feature_clip_id":0,"_jetpack_memberships_contains_paid_content":false,"footnotes":"","jetpack_post_was_ever_published":false},"categories":[1,209,22,7,231,29],"tags":[],"class_list":["post-135188","post","type-post","status-publish","format-standard","has-post-thumbnail","hentry","category-general","category-importantes","category-nacion","category-noticias","category-seguridad","category-sociedad"],"jetpack-related-posts":[],"jetpack_sharing_enabled":true,"amp_enabled":true,"jetpack_featured_media_url":"https:\/\/diarioavanzada.com.mx\/wp-content\/uploads\/2026\/08\/img_4236.jpg","_links":{"self":[{"href":"https:\/\/diarioavanzada.com.mx\/index.php?rest_route=\/wp\/v2\/posts\/135188","targetHints":{"allow":["GET"]}}],"collection":[{"href":"https:\/\/diarioavanzada.com.mx\/index.php?rest_route=\/wp\/v2\/posts"}],"about":[{"href":"https:\/\/diarioavanzada.com.mx\/index.php?rest_route=\/wp\/v2\/types\/post"}],"author":[{"embeddable":true,"href":"https:\/\/diarioavanzada.com.mx\/index.php?rest_route=\/wp\/v2\/users\/7"}],"replies":[{"embeddable":true,"href":"https:\/\/diarioavanzada.com.mx\/index.php?rest_route=%2Fwp%2Fv2%2Fcomments&post=135188"}],"version-history":[{"count":1,"href":"https:\/\/diarioavanzada.com.mx\/index.php?rest_route=\/wp\/v2\/posts\/135188\/revisions"}],"predecessor-version":[{"id":135189,"href":"https:\/\/diarioavanzada.com.mx\/index.php?rest_route=\/wp\/v2\/posts\/135188\/revisions\/135189"}],"wp:featuredmedia":[{"embeddable":true,"href":"https:\/\/diarioavanzada.com.mx\/index.php?rest_route=\/wp\/v2\/media\/135187"}],"wp:attachment":[{"href":"https:\/\/diarioavanzada.com.mx\/index.php?rest_route=%2Fwp%2Fv2%2Fmedia&parent=135188"}],"wp:term":[{"taxonomy":"category","embeddable":true,"href":"https:\/\/diarioavanzada.com.mx\/index.php?rest_route=%2Fwp%2Fv2%2Fcategories&post=135188"},{"taxonomy":"post_tag","embeddable":true,"href":"https:\/\/diarioavanzada.com.mx\/index.php?rest_route=%2Fwp%2Fv2%2Ftags&post=135188"}],"curies":[{"name":"wp","href":"https:\/\/api.w.org\/{rel}","templated":true}]}}