{"id":135186,"date":"2026-08-31T17:18:48","date_gmt":"2026-08-31T23:18:48","guid":{"rendered":"https:\/\/diarioavanzada.com.mx\/?p=135186"},"modified":"2026-08-31T19:49:09","modified_gmt":"2026-09-01T01:49:09","slug":"buscan-a-marco-antonio-cervantes-santos-desaparecio-en-colima-el-17-de-agosto","status":"publish","type":"post","link":"https:\/\/diarioavanzada.com.mx\/?p=135186","title":{"rendered":"Buscan a Marco Antonio Cervantes Santos; desapareci\u00f3 en Colima el 17 de agosto"},"content":{"rendered":"\n<p class=\"wp-block-paragraph\">Colima, M\u00e9xico, Avanzada (31\/08\/2026).- La Comisi\u00f3n de B\u00fasqueda de Personas del Estado de Colima solicit\u00f3 el apoyo de la ciudadan\u00eda para localizar a Marco Antonio Cervantes Santos, de 41 a\u00f1os, quien se encuentra desaparecido desde el pasado 17 de agosto de 2026.<\/p>\n\n\n\n<p class=\"wp-block-paragraph\">De acuerdo con la ficha de b\u00fasqueda, Marco Antonio fue visto por \u00faltima vez en Colima, Colima, y su desaparici\u00f3n fue reportada este 31 de agosto.<\/p>\n\n\n\n<p class=\"wp-block-paragraph\">El hombre mide aproximadamente 1.50 metros, tiene complexi\u00f3n y rostro redondo, nariz afilada, cabello ondulado color caf\u00e9 oscuro, ojos grandes color caf\u00e9 claro y tez morena clara.<\/p>\n\n\n\n<p class=\"wp-block-paragraph\">Como se\u00f1as particulares, presenta cicatrices en ambas orejas. La autoridad se\u00f1al\u00f3 que se desconoce la vestimenta que llevaba al momento de su desaparici\u00f3n.<\/p>\n\n\n\n<p class=\"wp-block-paragraph\">La Comisi\u00f3n de B\u00fasqueda pidi\u00f3 a cualquier persona que tenga informaci\u00f3n que pueda contribuir a dar con su paradero comunicarse al 312 131 3809, a fin de aportar datos que permitan avanzar en su localizaci\u00f3n.<\/p>\n\n\n\n<figure class=\"wp-block-image size-large\"><img loading=\"lazy\" decoding=\"async\" width=\"940\" height=\"788\" src=\"https:\/\/diarioavanzada.com.mx\/wp-content\/uploads\/2026\/08\/img_3913.jpg\" class=\"wp-image-135184\" srcset=\"https:\/\/diarioavanzada.com.mx\/wp-content\/uploads\/2026\/08\/img_3913.jpg 940w, https:\/\/diarioavanzada.com.mx\/wp-content\/uploads\/2026\/08\/img_3913-300x251.jpg 300w, https:\/\/diarioavanzada.com.mx\/wp-content\/uploads\/2026\/08\/img_3913-768x644.jpg 768w\" sizes=\"auto, (max-width: 940px) 100vw, 940px\" \/><\/figure>\n<div class=\"fb-background-color\">\n\t\t\t  <div \n\t\t\t  \tclass = \"fb-comments\" \n\t\t\t  \tdata-href = \"https:\/\/diarioavanzada.com.mx\/?p=135186\"\n\t\t\t  \tdata-numposts = \"10\"\n\t\t\t  \tdata-lazy = \"true\"\n\t\t\t\tdata-colorscheme = \"light\"\n\t\t\t\tdata-order-by = \"social\"\n\t\t\t\tdata-mobile=true>\n\t\t\t  <\/div><\/div>\n\t\t  <style>\n\t\t    .fb-background-color {\n\t\t\t\tbackground:  !important;\n\t\t\t}\n\t\t\t.fb_iframe_widget_fluid_desktop iframe {\n\t\t\t    width: 100% !important;\n\t\t\t}\n\t\t  <\/style>\n\t\t  ","protected":false},"excerpt":{"rendered":"<p>Colima, M\u00e9xico, Avanzada (31\/08\/2026).- La Comisi\u00f3n de B\u00fasqueda de Personas del Estado de Colima solicit\u00f3 el apoyo de la ciudadan\u00eda para localizar a Marco Antonio Cervantes Santos, de 41 a\u00f1os, quien se encuentra desaparecido desde el pasado 17 de agosto de 2026. De acuerdo con la ficha de b\u00fasqueda, Marco Antonio fue visto por \u00faltima [&hellip;]<\/p>\n","protected":false},"author":7,"featured_media":135185,"comment_status":"closed","ping_status":"closed","sticky":false,"template":"","format":"standard","meta":{"_coblocks_attr":"","_coblocks_dimensions":"","_coblocks_responsive_height":"","_coblocks_accordion_ie_support":"","advanced_seo_description":"","jetpack_seo_html_title":"","jetpack_seo_noindex":false,"jetpack_seo_schema_type":"","_jetpack_newsletter_access":"","_jetpack_dont_email_post_to_subs":false,"_jetpack_newsletter_tier_id":0,"_jetpack_memberships_contains_paywalled_content":false,"_wpcom_ai_launchpad_first_post":false,"_jetpack_feature_clip_id":0,"_jetpack_memberships_contains_paid_content":false,"footnotes":"","jetpack_post_was_ever_published":false},"categories":[19,1,209,7,231,29],"tags":[],"class_list":["post-135186","post","type-post","status-publish","format-standard","has-post-thumbnail","hentry","category-colima","category-general","category-importantes","category-noticias","category-seguridad","category-sociedad"],"jetpack-related-posts":[],"jetpack_sharing_enabled":true,"amp_enabled":true,"jetpack_featured_media_url":"https:\/\/diarioavanzada.com.mx\/wp-content\/uploads\/2026\/08\/img_3914.png","_links":{"self":[{"href":"https:\/\/diarioavanzada.com.mx\/index.php?rest_route=\/wp\/v2\/posts\/135186","targetHints":{"allow":["GET"]}}],"collection":[{"href":"https:\/\/diarioavanzada.com.mx\/index.php?rest_route=\/wp\/v2\/posts"}],"about":[{"href":"https:\/\/diarioavanzada.com.mx\/index.php?rest_route=\/wp\/v2\/types\/post"}],"author":[{"embeddable":true,"href":"https:\/\/diarioavanzada.com.mx\/index.php?rest_route=\/wp\/v2\/users\/7"}],"replies":[{"embeddable":true,"href":"https:\/\/diarioavanzada.com.mx\/index.php?rest_route=%2Fwp%2Fv2%2Fcomments&post=135186"}],"version-history":[{"count":1,"href":"https:\/\/diarioavanzada.com.mx\/index.php?rest_route=\/wp\/v2\/posts\/135186\/revisions"}],"predecessor-version":[{"id":135205,"href":"https:\/\/diarioavanzada.com.mx\/index.php?rest_route=\/wp\/v2\/posts\/135186\/revisions\/135205"}],"wp:featuredmedia":[{"embeddable":true,"href":"https:\/\/diarioavanzada.com.mx\/index.php?rest_route=\/wp\/v2\/media\/135185"}],"wp:attachment":[{"href":"https:\/\/diarioavanzada.com.mx\/index.php?rest_route=%2Fwp%2Fv2%2Fmedia&parent=135186"}],"wp:term":[{"taxonomy":"category","embeddable":true,"href":"https:\/\/diarioavanzada.com.mx\/index.php?rest_route=%2Fwp%2Fv2%2Fcategories&post=135186"},{"taxonomy":"post_tag","embeddable":true,"href":"https:\/\/diarioavanzada.com.mx\/index.php?rest_route=%2Fwp%2Fv2%2Ftags&post=135186"}],"curies":[{"name":"wp","href":"https:\/\/api.w.org\/{rel}","templated":true}]}}