{"id":135183,"date":"2026-08-31T14:21:20","date_gmt":"2026-08-31T20:21:20","guid":{"rendered":"https:\/\/diarioavanzada.com.mx\/?p=135183"},"modified":"2026-08-31T14:21:20","modified_gmt":"2026-08-31T20:21:20","slug":"arranca-el-abc-de-las-emociones-para-atender-la-salud-mental-de-jovenes","status":"publish","type":"post","link":"https:\/\/diarioavanzada.com.mx\/?p=135183","title":{"rendered":"Arranca \u201cEl ABC de las emociones\u201d para atender la salud mental de j\u00f3venes"},"content":{"rendered":"\n<p class=\"wp-block-paragraph\">Ciudad de M\u00e9xico, M\u00e9xico, Avanzada (31\/08\/2026).- La presidenta Claudia Sheinbaum Pardo puso en marcha este lunes la Estrategia Nacional de Atenci\u00f3n a la Salud Mental para las y los J\u00f3venes \u201cEl ABC de las emociones\u201d, dirigida a estudiantes de tercero de secundaria y bachillerato, con el prop\u00f3sito de prevenir y atender problemas de bienestar emocional entre adolescentes de 14 a 18 a\u00f1os.<\/p>\n\n\n\n<p class=\"wp-block-paragraph\">Durante el arranque del ciclo escolar 2026-2027, realizado en la Escuela Secundaria T\u00e9cnica No. 10 \u201cArtes Gr\u00e1ficas\u201d de la Ciudad de M\u00e9xico, Sheinbaum explic\u00f3 que el programa busca involucrar a estudiantes, docentes, madres, padres y personas cuidadoras para detectar y enfrentar de manera colectiva las dificultades emocionales que pueden presentarse durante la adolescencia.<\/p>\n\n\n\n<p class=\"wp-block-paragraph\">La estrategia contempla una hora semanal de actividades socioemocionales en las aulas, adem\u00e1s de la distribuci\u00f3n de 16 millones de gu\u00edas dirigidas a estudiantes, docentes y familias.<\/p>\n\n\n\n<p class=\"wp-block-paragraph\">\u201cEntre todos vamos a apoyar a las y los adolescentes de nuestro pa\u00eds para que puedan seguir creciendo de manera sana\u201d, se\u00f1al\u00f3 la mandataria, quien tambi\u00e9n dio la bienvenida a los m\u00e1s de 28 millones de estudiantes de Educaci\u00f3n B\u00e1sica y Media Superior que regresaron a clases en todo el pa\u00eds.<\/p>\n\n\n\n<p class=\"wp-block-paragraph\">Siete ejes para atender la salud mental<\/p>\n\n\n\n<p class=\"wp-block-paragraph\">La subsecretaria de Educaci\u00f3n Media Superior, Tania Rodr\u00edguez Mora, detall\u00f3 que \u201cEl ABC de las emociones\u201d tendr\u00e1 un enfoque preventivo, comunitario y territorial, con acciones encaminadas a fortalecer la convivencia, los v\u00ednculos personales y el uso responsable de dispositivos tecnol\u00f3gicos, inteligencia artificial y redes sociales.<\/p>\n\n\n\n<p class=\"wp-block-paragraph\">El programa est\u00e1 integrado por siete ejes:<\/p>\n\n\n\n<ol class=\"wp-block-list\">\n<li>Campa\u00f1a de difusi\u00f3n.<\/li>\n\n\n\n<li>Impresi\u00f3n y distribuci\u00f3n de 16 millones de orientaciones y 250 mil carteles.<\/li>\n\n\n\n<li>Actividades socioemocionales en las aulas, una hora a la semana y de manera transversal.<\/li>\n\n\n\n<li>Asambleas informativas con madres, padres y personas cuidadoras.<\/li>\n\n\n\n<li>Pl\u00e1ticas interactivas en las escuelas.<\/li>\n\n\n\n<li>Centros Comunitarios M\u00e9xico Imparable.<\/li>\n\n\n\n<li>L\u00ednea de la Vida.<\/li>\n<\/ol>\n\n\n\n<p class=\"wp-block-paragraph\">Las gu\u00edas ser\u00e1n distribuidas a 7.5 millones de estudiantes, un mill\u00f3n de docentes y 7.5 millones de madres, padres y personas cuidadoras.<\/p>\n\n\n\n<p class=\"wp-block-paragraph\">Adem\u00e1s, entre octubre y diciembre se realizar\u00e1n asambleas informativas en escuelas de todo el pa\u00eds para abordar la salud mental como una responsabilidad compartida.<\/p>\n\n\n\n<p class=\"wp-block-paragraph\">El 23 de septiembre se establecer\u00e1 como el D\u00eda del ABC de las emociones, jornada en la que servidores p\u00fablicos acudir\u00e1n a planteles educativos para promover el di\u00e1logo y la reflexi\u00f3n entre estudiantes. Tambi\u00e9n participar\u00e1n Brigadas de Salud para difundir acciones de prevenci\u00f3n y atenci\u00f3n de la salud mental.<\/p>\n\n\n\n<p class=\"wp-block-paragraph\">Habr\u00e1 60 nuevos Centros Comunitarios<\/p>\n\n\n\n<p class=\"wp-block-paragraph\">Como parte de la estrategia, durante este a\u00f1o se prev\u00e9 entregar 60 Centros Comunitarios M\u00e9xico Imparable, de una meta de 100, donde se desarrollar\u00e1n actividades relacionadas con salud mental, cultura y deporte.<\/p>\n\n\n\n<p class=\"wp-block-paragraph\">Asimismo, se mantendr\u00e1 disponible la L\u00ednea de la Vida, las 24 horas del d\u00eda, los siete d\u00edas de la semana, mediante llamadas y mensajes de texto gratuitos al 800 911 2000.<\/p>\n\n\n\n<p class=\"wp-block-paragraph\">El secretario de Educaci\u00f3n P\u00fablica, Mario Delgado Carrillo, destac\u00f3 que la estrategia forma parte de la Nueva Escuela Mexicana, bajo la premisa de que el cuidado de la salud mental debe involucrar a toda la comunidad educativa.<\/p>\n\n\n\n<p class=\"wp-block-paragraph\">Maestros respaldan regular celulares en las aulas<\/p>\n\n\n\n<p class=\"wp-block-paragraph\">Durante la conferencia tambi\u00e9n se presentaron los resultados de una consulta realizada entre docentes sobre la regulaci\u00f3n del uso de tel\u00e9fonos celulares en las escuelas.<\/p>\n\n\n\n<p class=\"wp-block-paragraph\">Delgado inform\u00f3 que participaron 565 mil 396 maestras y maestros, de los cuales 81 por ciento se pronunci\u00f3 a favor de establecer lineamientos para regular el uso de estos dispositivos dentro de las aulas.<\/p>\n\n\n\n<p class=\"wp-block-paragraph\">Entre los principales problemas identificados por los docentes se encuentran la p\u00e9rdida de atenci\u00f3n, la interrupci\u00f3n de actividades escolares y el deterioro de la convivencia.<\/p>\n\n\n\n<p class=\"wp-block-paragraph\">El 48 por ciento se\u00f1al\u00f3 dificultades para mantener la atenci\u00f3n de ni\u00f1as y ni\u00f1os debido al uso del celular; 38 por ciento report\u00f3 interrupciones en las actividades escolares y 34.8 por ciento consider\u00f3 que los estudiantes abandonan la convivencia por utilizar estos dispositivos.<\/p>\n\n\n\n<p class=\"wp-block-paragraph\">Adem\u00e1s, 38.7 por ciento de los docentes detect\u00f3 que conflictos originados en redes sociales terminan traslad\u00e1ndose al entorno escolar.<\/p>\n\n\n\n<p class=\"wp-block-paragraph\">El 51 por ciento propuso establecer protocolos para atender situaciones de riesgo y generar acuerdos con madres y padres de familia para que participen en la vigilancia del acceso de ni\u00f1as, ni\u00f1os y adolescentes a las tecnolog\u00edas.<\/p>\n\n\n\n<p class=\"wp-block-paragraph\">La jefa de Gobierno de la Ciudad de M\u00e9xico, Clara Brugada Molina, anunci\u00f3 que \u201cEl ABC de las emociones\u201d se complementar\u00e1 en la capital con el programa \u201cVida plena, Coraz\u00f3n Contento\u201d y respald\u00f3 tambi\u00e9n la propuesta federal para regular el uso de celulares en las escuelas.<\/p>\n<div class=\"fb-background-color\">\n\t\t\t  <div \n\t\t\t  \tclass = \"fb-comments\" \n\t\t\t  \tdata-href = \"https:\/\/diarioavanzada.com.mx\/?p=135183\"\n\t\t\t  \tdata-numposts = \"10\"\n\t\t\t  \tdata-lazy = \"true\"\n\t\t\t\tdata-colorscheme = \"light\"\n\t\t\t\tdata-order-by = \"social\"\n\t\t\t\tdata-mobile=true>\n\t\t\t  <\/div><\/div>\n\t\t  <style>\n\t\t    .fb-background-color {\n\t\t\t\tbackground:  !important;\n\t\t\t}\n\t\t\t.fb_iframe_widget_fluid_desktop iframe {\n\t\t\t    width: 100% !important;\n\t\t\t}\n\t\t  <\/style>\n\t\t  ","protected":false},"excerpt":{"rendered":"<p>Ciudad de M\u00e9xico, M\u00e9xico, Avanzada (31\/08\/2026).- La presidenta Claudia Sheinbaum Pardo puso en marcha este lunes la Estrategia Nacional de Atenci\u00f3n a la Salud Mental para las y los J\u00f3venes \u201cEl ABC de las emociones\u201d, dirigida a estudiantes de tercero de secundaria y bachillerato, con el prop\u00f3sito de prevenir y atender problemas de bienestar emocional [&hellip;]<\/p>\n","protected":false},"author":7,"featured_media":135182,"comment_status":"closed","ping_status":"closed","sticky":false,"template":"","format":"standard","meta":{"_coblocks_attr":"","_coblocks_dimensions":"","_coblocks_responsive_height":"","_coblocks_accordion_ie_support":"","advanced_seo_description":"","jetpack_seo_html_title":"","jetpack_seo_noindex":false,"jetpack_seo_schema_type":"","_jetpack_newsletter_access":"","_jetpack_dont_email_post_to_subs":false,"_jetpack_newsletter_tier_id":0,"_jetpack_memberships_contains_paywalled_content":false,"_wpcom_ai_launchpad_first_post":false,"_jetpack_feature_clip_id":0,"_jetpack_memberships_contains_paid_content":false,"footnotes":"","jetpack_post_was_ever_published":false},"categories":[1,209,22,7,29],"tags":[210],"class_list":["post-135183","post","type-post","status-publish","format-standard","has-post-thumbnail","hentry","category-general","category-importantes","category-nacion","category-noticias","category-sociedad","tag-portada"],"jetpack-related-posts":[],"jetpack_sharing_enabled":true,"amp_enabled":true,"jetpack_featured_media_url":"https:\/\/diarioavanzada.com.mx\/wp-content\/uploads\/2026\/08\/img_3912.jpg","_links":{"self":[{"href":"https:\/\/diarioavanzada.com.mx\/index.php?rest_route=\/wp\/v2\/posts\/135183","targetHints":{"allow":["GET"]}}],"collection":[{"href":"https:\/\/diarioavanzada.com.mx\/index.php?rest_route=\/wp\/v2\/posts"}],"about":[{"href":"https:\/\/diarioavanzada.com.mx\/index.php?rest_route=\/wp\/v2\/types\/post"}],"author":[{"embeddable":true,"href":"https:\/\/diarioavanzada.com.mx\/index.php?rest_route=\/wp\/v2\/users\/7"}],"replies":[{"embeddable":true,"href":"https:\/\/diarioavanzada.com.mx\/index.php?rest_route=%2Fwp%2Fv2%2Fcomments&post=135183"}],"version-history":[{"count":0,"href":"https:\/\/diarioavanzada.com.mx\/index.php?rest_route=\/wp\/v2\/posts\/135183\/revisions"}],"wp:featuredmedia":[{"embeddable":true,"href":"https:\/\/diarioavanzada.com.mx\/index.php?rest_route=\/wp\/v2\/media\/135182"}],"wp:attachment":[{"href":"https:\/\/diarioavanzada.com.mx\/index.php?rest_route=%2Fwp%2Fv2%2Fmedia&parent=135183"}],"wp:term":[{"taxonomy":"category","embeddable":true,"href":"https:\/\/diarioavanzada.com.mx\/index.php?rest_route=%2Fwp%2Fv2%2Fcategories&post=135183"},{"taxonomy":"post_tag","embeddable":true,"href":"https:\/\/diarioavanzada.com.mx\/index.php?rest_route=%2Fwp%2Fv2%2Ftags&post=135183"}],"curies":[{"name":"wp","href":"https:\/\/api.w.org\/{rel}","templated":true}]}}