{"id":135163,"date":"2026-08-31T13:20:58","date_gmt":"2026-08-31T19:20:58","guid":{"rendered":"https:\/\/diarioavanzada.com.mx\/?p=135163"},"modified":"2026-08-31T13:42:23","modified_gmt":"2026-08-31T19:42:23","slug":"no-metas-a-los-maridos-azucena-y-margarita-chocan-en-cabildo-por-deuda-millonaria-al-ipecol","status":"publish","type":"post","link":"https:\/\/diarioavanzada.com.mx\/?p=135163","title":{"rendered":"&#8220;No metas a los maridos&#8221;: Azucena y Margarita chocan por deuda millonaria al IPECOL"},"content":{"rendered":"\n<p class=\"wp-block-paragraph\">Colima, M\u00e9xico, Avanzada (31\/08\/2026).- Una sesi\u00f3n extraordinaria de cabildo que deb\u00eda centrarse en la desincorporaci\u00f3n de terrenos municipales termin\u00f3 convertida en un \u00e1spero cruce de acusaciones entre dos regidoras del Ayuntamiento de Colima, luego de que se puso sobre la mesa la deuda multimillonaria que la administraci\u00f3n municipal 2018-2021 dej\u00f3 pendiente con el Instituto de Pensiones de los Trabajadores al Servicio del Estado y Municipios (IPECOL).<\/p>\n\n\n\n<p class=\"wp-block-paragraph\">El enfrentamiento se dio entre la regidora Azucena L\u00f3pez Legorreta, esposa del expresidente municipal Leoncio &#8220;Locho&#8221; Mor\u00e1n S\u00e1nchez, y la regidora Margarita Moreno Gonz\u00e1lez, quien encabez\u00f3 la administraci\u00f3n municipal inmediatamente posterior. El tema de fondo: un predio ubicado en Paseo R\u00edo Manrique, colonia Primavera Gil, que la administraci\u00f3n de Mor\u00e1n S\u00e1nchez intent\u00f3 entregar en daci\u00f3n de pago al IPECOL para cubrir adeudos de seguridad social de los trabajadores municipales, y que la siguiente administraci\u00f3n \u2014encabezada por Moreno\u2014 dej\u00f3 sin efecto.<\/p>\n\n\n\n<p class=\"wp-block-paragraph\">Seg\u00fan expuso L\u00f3pez Legorreta durante la sesi\u00f3n, el cabildo aprob\u00f3 en julio de 2021 \u2014mediante el acta n\u00famero 133\u2014 entregar en daci\u00f3n de pago al IPECOL el predio de Primavera Gil, con una superficie de 12,447.86 metros cuadrados, como forma de cubrir las prestaciones de seguridad social de los trabajadores municipales en medio de la pandemia de Covid-19.<\/p>\n\n\n\n<p class=\"wp-block-paragraph\">La regidora afirm\u00f3 que esa decisi\u00f3n fue revertida en abril de 2022, ya con Moreno Gonz\u00e1lez al frente del municipio, seg\u00fan consta \u2014dijo\u2014 en el acta n\u00famero 24, que cancel\u00f3 la daci\u00f3n de pago y autoriz\u00f3 en su lugar sacar el predio a subasta p\u00fablica. Al declararse desiertas las subastas de julio y agosto de ese a\u00f1o, el terreno regres\u00f3 al patrimonio municipal en febrero de 2023, de acuerdo con el acta 58 citada por L\u00f3pez Legorreta.<\/p>\n\n\n\n<p class=\"wp-block-paragraph\"><em>&#8220;No fue Leoncio Mor\u00e1n quien revirti\u00f3 la entrega al IPECOL. Fue la administraci\u00f3n encabezada por Margarita Moreno la que dej\u00f3 sin efectos la operaci\u00f3n aprobada en 2021&#8221;, <\/em>sostuvo la regidora, quien acus\u00f3 al gobierno actual, encabezado por el presidente municipal Riult Rivera, de intentar vender ahora ese mismo terreno sin restituir su destino original en beneficio de los trabajadores.<\/p>\n\n\n\n<p class=\"wp-block-paragraph\">Moreno Gonz\u00e1lez rechaz\u00f3 la versi\u00f3n de su excompa\u00f1era y ofreci\u00f3 una cronolog\u00eda distinta. Se\u00f1al\u00f3 que Carlos Noriega \u2014a quien identific\u00f3 como su esposo\u2014 dej\u00f3 el cargo de secretario de Finanzas en marzo de 2024, y que el intento de dar el predio en pago ocurri\u00f3 <em>&#8220;mucho despu\u00e9s de las elecciones&#8221;,<\/em> por lo que cuestion\u00f3 por qu\u00e9 la deuda con el IPECOL, que dijo ascend\u00eda a m\u00e1s de 50 millones de pesos, no se cubri\u00f3 en su momento.<\/p>\n\n\n\n<p class=\"wp-block-paragraph\">La regidora afirm\u00f3 no tener en ese momento los documentos en mano, pero asegur\u00f3 que fue el propio consejo del IPECOL \u2014no ella\u2014 quien rechaz\u00f3 recibir el terreno en daci\u00f3n de pago. &#8220;Lo \u00fanico que ten\u00eda que hacer era quitarle ese p\u00e1rrafo&#8221;, dijo, y agreg\u00f3 que, de no venderse los predios ofertados en subasta, estos regresar\u00edan de nuevo al patrimonio municipal conforme a la ley.<\/p>\n\n\n\n<p class=\"wp-block-paragraph\">Moreno Gonz\u00e1lez tambi\u00e9n precis\u00f3 una cifra: 53,570,638.34 pesos, que dijo corresponder \u00fanicamente a la deuda con el IPECOL generada durante la administraci\u00f3n 2018-2021, aclarando que no se refer\u00eda a adeudos de administraciones anteriores.<\/p>\n\n\n\n<p class=\"wp-block-paragraph\">La discusi\u00f3n escal\u00f3 cuando L\u00f3pez Legorreta mencion\u00f3 al entonces secretario de Finanzas, Carlos Noriega, se\u00f1alando presuntos v\u00ednculos entre integrantes del consejo del IPECOL de aquel periodo y la expresidenta municipal. Moreno Gonz\u00e1lez respondi\u00f3 calificando la menci\u00f3n como violencia pol\u00edtica en raz\u00f3n de g\u00e9nero, al tratarse \u2014afirm\u00f3\u2014 de su esposo.<\/p>\n\n\n\n<p class=\"wp-block-paragraph\"><em>&#8220;Qu\u00e9 tristeza que una mujer que se dice que apoya a las mujeres violente a las mujeres&#8221;, <\/em>expres\u00f3 Moreno Gonz\u00e1lez. L\u00f3pez Legorreta respondi\u00f3 que en ning\u00fan momento se refiri\u00f3 al esposo de la regidora, sino al entonces funcionario p\u00fablico en su car\u00e1cter de secretario de Finanzas, y reiter\u00f3 su acusaci\u00f3n en tono ir\u00f3nico: <em>&#8220;Aqu\u00ed est\u00e1 queriendo enga\u00f1ar, pues, la regidora Margarita, porque le encanta hacerse de la v\u00edctima&#8221;.<\/em><\/p>\n\n\n\n<p class=\"wp-block-paragraph\">En su segunda intervenci\u00f3n, L\u00f3pez Legorreta present\u00f3 una cifra distinta a la de su contraparte: sostuvo que, de acuerdo con un acta de cabildo del 12 de octubre de 2021, la deuda original con el IPECOL ascend\u00eda a 18,227,842 pesos, y atribuy\u00f3 el incremento posterior a recargos derivados de condiciones impuestas ya en la siguiente administraci\u00f3n estatal.<\/p>\n\n\n\n<p class=\"wp-block-paragraph\">El intercambio se dio en el marco de una sesi\u00f3n extraordinaria de cabildo convocada para desincorporar y autorizar la venta de terrenos propiedad del Ayuntamiento de Colima, entre ellos el predio de Primavera Gil en el centro de la controversia. Leoncio Mor\u00e1n S\u00e1nchez, esposo de la regidora Azucena L\u00f3pez Legorreta, presidi\u00f3 el municipio de Colima entre 2018 y 2021; Margarita Moreno Gonz\u00e1lez lo sucedi\u00f3 en el cargo. Ambas ediles forman parte del actual cabildo, encabezado por el presidente municipal Riult Rivera.<\/p>\n\n\n\n<p class=\"wp-block-paragraph\"><\/p>\n<div class=\"fb-background-color\">\n\t\t\t  <div \n\t\t\t  \tclass = \"fb-comments\" \n\t\t\t  \tdata-href = \"https:\/\/diarioavanzada.com.mx\/?p=135163\"\n\t\t\t  \tdata-numposts = \"10\"\n\t\t\t  \tdata-lazy = \"true\"\n\t\t\t\tdata-colorscheme = \"light\"\n\t\t\t\tdata-order-by = \"social\"\n\t\t\t\tdata-mobile=true>\n\t\t\t  <\/div><\/div>\n\t\t  <style>\n\t\t    .fb-background-color {\n\t\t\t\tbackground:  !important;\n\t\t\t}\n\t\t\t.fb_iframe_widget_fluid_desktop iframe {\n\t\t\t    width: 100% !important;\n\t\t\t}\n\t\t  <\/style>\n\t\t  ","protected":false},"excerpt":{"rendered":"<p>Colima, M\u00e9xico, Avanzada (31\/08\/2026).- Una sesi\u00f3n extraordinaria de cabildo que deb\u00eda centrarse en la desincorporaci\u00f3n de terrenos municipales termin\u00f3 convertida en un \u00e1spero cruce de acusaciones entre dos regidoras del Ayuntamiento de Colima, luego de que se puso sobre la mesa la deuda multimillonaria que la administraci\u00f3n municipal 2018-2021 dej\u00f3 pendiente con el Instituto de [&hellip;]<\/p>\n","protected":false},"author":7,"featured_media":135166,"comment_status":"closed","ping_status":"closed","sticky":false,"template":"","format":"standard","meta":{"_coblocks_attr":"","_coblocks_dimensions":"","_coblocks_responsive_height":"","_coblocks_accordion_ie_support":"","advanced_seo_description":"","jetpack_seo_html_title":"","jetpack_seo_noindex":false,"jetpack_seo_schema_type":"","_jetpack_newsletter_access":"","_jetpack_dont_email_post_to_subs":false,"_jetpack_newsletter_tier_id":0,"_jetpack_memberships_contains_paywalled_content":false,"_wpcom_ai_launchpad_first_post":false,"_jetpack_feature_clip_id":0,"_jetpack_memberships_contains_paid_content":false,"footnotes":"","jetpack_post_was_ever_published":false},"categories":[19,1,209,7,29],"tags":[210],"class_list":["post-135163","post","type-post","status-publish","format-standard","has-post-thumbnail","hentry","category-colima","category-general","category-importantes","category-noticias","category-sociedad","tag-portada"],"jetpack-related-posts":[],"jetpack_sharing_enabled":true,"amp_enabled":true,"jetpack_featured_media_url":"https:\/\/diarioavanzada.com.mx\/wp-content\/uploads\/2026\/08\/img_3906.png","_links":{"self":[{"href":"https:\/\/diarioavanzada.com.mx\/index.php?rest_route=\/wp\/v2\/posts\/135163","targetHints":{"allow":["GET"]}}],"collection":[{"href":"https:\/\/diarioavanzada.com.mx\/index.php?rest_route=\/wp\/v2\/posts"}],"about":[{"href":"https:\/\/diarioavanzada.com.mx\/index.php?rest_route=\/wp\/v2\/types\/post"}],"author":[{"embeddable":true,"href":"https:\/\/diarioavanzada.com.mx\/index.php?rest_route=\/wp\/v2\/users\/7"}],"replies":[{"embeddable":true,"href":"https:\/\/diarioavanzada.com.mx\/index.php?rest_route=%2Fwp%2Fv2%2Fcomments&post=135163"}],"version-history":[{"count":7,"href":"https:\/\/diarioavanzada.com.mx\/index.php?rest_route=\/wp\/v2\/posts\/135163\/revisions"}],"predecessor-version":[{"id":135177,"href":"https:\/\/diarioavanzada.com.mx\/index.php?rest_route=\/wp\/v2\/posts\/135163\/revisions\/135177"}],"wp:featuredmedia":[{"embeddable":true,"href":"https:\/\/diarioavanzada.com.mx\/index.php?rest_route=\/wp\/v2\/media\/135166"}],"wp:attachment":[{"href":"https:\/\/diarioavanzada.com.mx\/index.php?rest_route=%2Fwp%2Fv2%2Fmedia&parent=135163"}],"wp:term":[{"taxonomy":"category","embeddable":true,"href":"https:\/\/diarioavanzada.com.mx\/index.php?rest_route=%2Fwp%2Fv2%2Fcategories&post=135163"},{"taxonomy":"post_tag","embeddable":true,"href":"https:\/\/diarioavanzada.com.mx\/index.php?rest_route=%2Fwp%2Fv2%2Ftags&post=135163"}],"curies":[{"name":"wp","href":"https:\/\/api.w.org\/{rel}","templated":true}]}}