{"id":135142,"date":"2026-08-31T09:05:03","date_gmt":"2026-08-31T15:05:03","guid":{"rendered":"https:\/\/diarioavanzada.com.mx\/?p=135142"},"modified":"2026-08-31T09:06:29","modified_gmt":"2026-08-31T15:06:29","slug":"aseguran-210-armas-ocultas-en-semirremolques-en-nuevo-leon-detienen-a-tres","status":"publish","type":"post","link":"https:\/\/diarioavanzada.com.mx\/?p=135142","title":{"rendered":"Aseguran 210 armas ocultas en semirremolques en Nuevo Le\u00f3n; detienen a tres"},"content":{"rendered":"\n<p class=\"p2 wp-block-paragraph\"><strong>Autoridades federales localizaron 195 armas largas, 15 armas cortas y 93 cargadores durante un operativo en la carretera Nuevo Laredo-Monterrey.<\/strong><\/p>\n\n\n\n<p class=\"p3 wp-block-paragraph\"><strong>Ciudad de M\u00e9xico.\u2014<\/strong> Autoridades federales detuvieron a tres personas y aseguraron <strong>210 armas de fuego, 93 cargadores, dos veh\u00edculos y dos semirremolques<\/strong> durante un operativo contra el tr\u00e1fico il\u00edcito de armas en Nuevo Le\u00f3n.<\/p>\n\n\n\n<p class=\"p3 wp-block-paragraph\">De acuerdo con un comunicado conjunto, en el despliegue participaron elementos de la <strong>Fiscal\u00eda General de la Rep\u00fablica (FGR), la Secretar\u00eda de la Defensa Nacional (Defensa), la Secretar\u00eda de Marina (Semar), la Secretar\u00eda de Seguridad y Protecci\u00f3n Ciudadana (SSPC) y la Guardia Nacional (GN)<\/strong>.<\/p>\n\n\n\n<p class=\"p3 wp-block-paragraph\">La acci\u00f3n se realiz\u00f3 sobre la <strong>carretera Nuevo Laredo-Monterrey, a la altura del municipio de Sabinas Hidalgo<\/strong>, donde agentes ubicaron dos veh\u00edculos, cada uno acoplado a un semirremolque. Las unidades, seg\u00fan las autoridades, proced\u00edan del estado de <strong>Texas, Estados Unidos<\/strong>.<\/p>\n\n\n\n<p class=\"p3 wp-block-paragraph\">Durante una inspecci\u00f3n de seguridad, los elementos detectaron modificaciones e irregularidades en las plataformas de ambos semirremolques, por lo que efectuaron una revisi\u00f3n minuciosa.<\/p>\n\n\n\n<p class=\"p3 wp-block-paragraph\">Como resultado, localizaron compartimentos ocultos en los que se encontraban <strong>195 armas largas, 15 armas cortas y 93 cargadores<\/strong>, para un total de 210 armas aseguradas.<\/p>\n\n\n\n<p class=\"p3 wp-block-paragraph\">Las tres personas que viajaban en las unidades fueron detenidas y se les informaron sus derechos de ley. Tanto los detenidos como los veh\u00edculos, semirremolques y dem\u00e1s objetos asegurados quedaron a disposici\u00f3n del agente del Ministerio P\u00fablico correspondiente.<\/p>\n\n\n\n<p class=\"p3 wp-block-paragraph\">La FGR indic\u00f3 que continuar\u00e1 con las diligencias para integrar la carpeta de investigaci\u00f3n y determinar las responsabilidades correspondientes.<\/p>\n\n\n\n<p class=\"p4 wp-block-paragraph\">Las instituciones federales se\u00f1alaron que este tipo de operativos forman parte de las acciones de inteligencia, investigaci\u00f3n y coordinaci\u00f3n para combatir el tr\u00e1fico il\u00edcito de armas y evitar que \u00e9stas lleguen a manos de grupos delictivos.<\/p>\n\n\n\n<figure class=\"wp-block-image size-large\"><img loading=\"lazy\" decoding=\"async\" width=\"1024\" height=\"818\" src=\"https:\/\/diarioavanzada.com.mx\/wp-content\/uploads\/2026\/08\/image-110-1024x818.png\" alt=\"\" class=\"wp-image-135145\" srcset=\"https:\/\/diarioavanzada.com.mx\/wp-content\/uploads\/2026\/08\/image-110-1024x818.png 1024w, https:\/\/diarioavanzada.com.mx\/wp-content\/uploads\/2026\/08\/image-110-300x240.png 300w, https:\/\/diarioavanzada.com.mx\/wp-content\/uploads\/2026\/08\/image-110-768x613.png 768w, https:\/\/diarioavanzada.com.mx\/wp-content\/uploads\/2026\/08\/image-110-1200x958.png 1200w, https:\/\/diarioavanzada.com.mx\/wp-content\/uploads\/2026\/08\/image-110.png 1280w\" sizes=\"auto, (max-width: 1024px) 100vw, 1024px\" \/><\/figure>\n\n\n\n<figure class=\"wp-block-image size-large\"><img loading=\"lazy\" decoding=\"async\" width=\"1024\" height=\"808\" src=\"https:\/\/diarioavanzada.com.mx\/wp-content\/uploads\/2026\/08\/image-111-1024x808.png\" alt=\"\" class=\"wp-image-135146\" srcset=\"https:\/\/diarioavanzada.com.mx\/wp-content\/uploads\/2026\/08\/image-111-1024x808.png 1024w, https:\/\/diarioavanzada.com.mx\/wp-content\/uploads\/2026\/08\/image-111-300x237.png 300w, https:\/\/diarioavanzada.com.mx\/wp-content\/uploads\/2026\/08\/image-111-768x606.png 768w, https:\/\/diarioavanzada.com.mx\/wp-content\/uploads\/2026\/08\/image-111-1200x947.png 1200w, https:\/\/diarioavanzada.com.mx\/wp-content\/uploads\/2026\/08\/image-111.png 1280w\" sizes=\"auto, (max-width: 1024px) 100vw, 1024px\" \/><\/figure>\n<div class=\"fb-background-color\">\n\t\t\t  <div \n\t\t\t  \tclass = \"fb-comments\" \n\t\t\t  \tdata-href = \"https:\/\/diarioavanzada.com.mx\/?p=135142\"\n\t\t\t  \tdata-numposts = \"10\"\n\t\t\t  \tdata-lazy = \"true\"\n\t\t\t\tdata-colorscheme = \"light\"\n\t\t\t\tdata-order-by = \"social\"\n\t\t\t\tdata-mobile=true>\n\t\t\t  <\/div><\/div>\n\t\t  <style>\n\t\t    .fb-background-color {\n\t\t\t\tbackground:  !important;\n\t\t\t}\n\t\t\t.fb_iframe_widget_fluid_desktop iframe {\n\t\t\t    width: 100% !important;\n\t\t\t}\n\t\t  <\/style>\n\t\t  ","protected":false},"excerpt":{"rendered":"<p>Autoridades federales localizaron 195 armas largas, 15 armas cortas y 93 cargadores durante un operativo en la carretera Nuevo Laredo-Monterrey. Ciudad de M\u00e9xico.\u2014 Autoridades federales detuvieron a tres personas y aseguraron 210 armas de fuego, 93 cargadores, dos veh\u00edculos y dos semirremolques durante un operativo contra el tr\u00e1fico il\u00edcito de armas en Nuevo Le\u00f3n. De [&hellip;]<\/p>\n","protected":false},"author":7,"featured_media":135147,"comment_status":"closed","ping_status":"closed","sticky":false,"template":"","format":"standard","meta":{"_coblocks_attr":"","_coblocks_dimensions":"","_coblocks_responsive_height":"","_coblocks_accordion_ie_support":"","advanced_seo_description":"","jetpack_seo_html_title":"","jetpack_seo_noindex":false,"jetpack_seo_schema_type":"","_jetpack_newsletter_access":"","_jetpack_dont_email_post_to_subs":false,"_jetpack_newsletter_tier_id":0,"_jetpack_memberships_contains_paywalled_content":false,"_wpcom_ai_launchpad_first_post":false,"_jetpack_feature_clip_id":0,"_jetpack_memberships_contains_paid_content":false,"footnotes":"","jetpack_post_was_ever_published":true},"categories":[1,209,22,7,231,29],"tags":[],"class_list":["post-135142","post","type-post","status-publish","format-standard","has-post-thumbnail","hentry","category-general","category-importantes","category-nacion","category-noticias","category-seguridad","category-sociedad"],"jetpack-related-posts":[],"jetpack_sharing_enabled":true,"amp_enabled":true,"jetpack_featured_media_url":"https:\/\/diarioavanzada.com.mx\/wp-content\/uploads\/2026\/08\/image-112.png","_links":{"self":[{"href":"https:\/\/diarioavanzada.com.mx\/index.php?rest_route=\/wp\/v2\/posts\/135142","targetHints":{"allow":["GET"]}}],"collection":[{"href":"https:\/\/diarioavanzada.com.mx\/index.php?rest_route=\/wp\/v2\/posts"}],"about":[{"href":"https:\/\/diarioavanzada.com.mx\/index.php?rest_route=\/wp\/v2\/types\/post"}],"author":[{"embeddable":true,"href":"https:\/\/diarioavanzada.com.mx\/index.php?rest_route=\/wp\/v2\/users\/7"}],"replies":[{"embeddable":true,"href":"https:\/\/diarioavanzada.com.mx\/index.php?rest_route=%2Fwp%2Fv2%2Fcomments&post=135142"}],"version-history":[{"count":1,"href":"https:\/\/diarioavanzada.com.mx\/index.php?rest_route=\/wp\/v2\/posts\/135142\/revisions"}],"predecessor-version":[{"id":135149,"href":"https:\/\/diarioavanzada.com.mx\/index.php?rest_route=\/wp\/v2\/posts\/135142\/revisions\/135149"}],"wp:featuredmedia":[{"embeddable":true,"href":"https:\/\/diarioavanzada.com.mx\/index.php?rest_route=\/wp\/v2\/media\/135147"}],"wp:attachment":[{"href":"https:\/\/diarioavanzada.com.mx\/index.php?rest_route=%2Fwp%2Fv2%2Fmedia&parent=135142"}],"wp:term":[{"taxonomy":"category","embeddable":true,"href":"https:\/\/diarioavanzada.com.mx\/index.php?rest_route=%2Fwp%2Fv2%2Fcategories&post=135142"},{"taxonomy":"post_tag","embeddable":true,"href":"https:\/\/diarioavanzada.com.mx\/index.php?rest_route=%2Fwp%2Fv2%2Ftags&post=135142"}],"curies":[{"name":"wp","href":"https:\/\/api.w.org\/{rel}","templated":true}]}}