{"id":135113,"date":"2026-08-31T06:38:44","date_gmt":"2026-08-31T12:38:44","guid":{"rendered":"https:\/\/diarioavanzada.com.mx\/?p=135113"},"modified":"2026-08-31T06:38:44","modified_gmt":"2026-08-31T12:38:44","slug":"colima-marcha-con-los-rostros-de-sus-desaparecidos","status":"publish","type":"post","link":"https:\/\/diarioavanzada.com.mx\/?p=135113","title":{"rendered":"Colima marcha con los rostros de sus desaparecidos"},"content":{"rendered":"\n<p class=\"p1 wp-block-paragraph\">Colima, M\u00e9xico, Avanzada (31\/08\/2026).- Las fotograf\u00edas comenzaron a ocupar el centro de Colima. Primero apareci\u00f3 un rostro, despu\u00e9s otro y luego decenas: hombres y mujeres, madres y padres, hijos, hermanas y hermanos que un d\u00eda salieron de casa y no regresaron. Este domingo, sus familias volvieron a llevarlos por las calles, impresos en lonas, carteles y camisas, as\u00ed como en los gritos de exigencia ante la incapacidad institucional para encontrarlos.<\/p>\n\n\n\n<p class=\"p1 wp-block-paragraph\">A las 17:00 horas comenz\u00f3 la marcha con motivo del D\u00eda Internacional de las V\u00edctimas de Desapariciones Forzadas. En el contingente no hab\u00eda diferencias de edad: ni\u00f1as y ni\u00f1os sosten\u00edan fotograf\u00edas de sus padres o de sus madres; algunas personas vest\u00edan camisetas con las palabras \u201cte amo\u201d, mientras otras avanzaban abrazadas a retratos que conservan la imagen de sus familiares en el momento previo a la desaparici\u00f3n.<\/p>\n\n\n\n<p class=\"p1 wp-block-paragraph\">Eran tantos nombres y tantos rostros que la marcha termin\u00f3 por mostrar la dimensi\u00f3n humana de una estad\u00edstica que suele reducirse a n\u00fameros oficiales. Colima acumula m\u00e1s de mil 500 personas desaparecidas y no localizadas, de acuerdo con el Registro Nacional, pero cada ficha corresponde a una familia suspendida entre la esperanza de encontrar con vida a uno de los suyos y el temor de que su nombre termine asociado con alguna fosa clandestina.<\/p>\n\n\n\n<p class=\"p1 wp-block-paragraph\">\u201cCon nuestras manos comenzamos a rascar la tierra y pronto nos dimos cuenta de que el problema era mucho m\u00e1s grande\u201d, expres\u00f3 una madre buscadora al llegar el contingente al centro de la capital.<\/p>\n\n\n\n<p class=\"p1 wp-block-paragraph\">Su testimonio describi\u00f3 una de las mayores fracturas del sistema de justicia mexicano: las familias que deber\u00edan esperar resultados de las autoridades son las que han tenido que transformarse en investigadoras y rastreadoras para encontrar a los suyos. Aprendieron a utilizar palas, varillas y herramientas de excavaci\u00f3n; a reconocer alteraciones en la tierra y olores dif\u00edciles de olvidar, y a ingresar a lugares dominados por la violencia para buscar lo que el Estado no ha conseguido localizar.<\/p>\n\n\n\n<p class=\"p1 wp-block-paragraph\">\u201cNos enfrentamos a una dolorosa realidad en la que la desaparici\u00f3n sigue creciendo ante la incapacidad del Estado mexicano. Nuestras juventudes est\u00e1n siendo reclutadas por el crimen organizado; son v\u00edctimas de trata de personas, de esclavitud sexual y laboral\u201d, denunci\u00f3 la buscadora ante los participantes.<\/p>\n\n\n\n<p class=\"p1 wp-block-paragraph\">Al llegar al centro de Colima se escuch\u00f3 una exigencia repetida: justicia y b\u00fasqueda efectiva. Las familias pidieron que las autoridades investiguen, que localicen a quienes siguen con vida, que identifiquen los restos recuperados y que sus desaparecidos regresen a casa.<\/p>\n\n\n\n<p class=\"p1 wp-block-paragraph\">En Colima, las familias marcharon porque todav\u00eda buscan: buscan a los suyos, a los que les fueron arrebatados; pero tambi\u00e9n porque comprenden que, si ellas dejan de sostener las fotograf\u00edas, el Estado puede permitir que los desaparecidos vuelvan a desaparecer, esta vez de la memoria p\u00fablica.<\/p>\n\n\n\n<p class=\"p1 wp-block-paragraph\"><\/p>\n<div class=\"fb-background-color\">\n\t\t\t  <div \n\t\t\t  \tclass = \"fb-comments\" \n\t\t\t  \tdata-href = \"https:\/\/diarioavanzada.com.mx\/?p=135113\"\n\t\t\t  \tdata-numposts = \"10\"\n\t\t\t  \tdata-lazy = \"true\"\n\t\t\t\tdata-colorscheme = \"light\"\n\t\t\t\tdata-order-by = \"social\"\n\t\t\t\tdata-mobile=true>\n\t\t\t  <\/div><\/div>\n\t\t  <style>\n\t\t    .fb-background-color {\n\t\t\t\tbackground:  !important;\n\t\t\t}\n\t\t\t.fb_iframe_widget_fluid_desktop iframe {\n\t\t\t    width: 100% !important;\n\t\t\t}\n\t\t  <\/style>\n\t\t  ","protected":false},"excerpt":{"rendered":"<p>Colima, M\u00e9xico, Avanzada (31\/08\/2026).- Las fotograf\u00edas comenzaron a ocupar el centro de Colima. Primero apareci\u00f3 un rostro, despu\u00e9s otro y luego decenas: hombres y mujeres, madres y padres, hijos, hermanas y hermanos que un d\u00eda salieron de casa y no regresaron. Este domingo, sus familias volvieron a llevarlos por las calles, impresos en lonas, carteles [&hellip;]<\/p>\n","protected":false},"author":5,"featured_media":135119,"comment_status":"closed","ping_status":"closed","sticky":false,"template":"","format":"standard","meta":{"_coblocks_attr":"","_coblocks_dimensions":"","_coblocks_responsive_height":"","_coblocks_accordion_ie_support":"","advanced_seo_description":"","jetpack_seo_html_title":"","jetpack_seo_noindex":false,"jetpack_seo_schema_type":"","_jetpack_newsletter_access":"","_jetpack_dont_email_post_to_subs":false,"_jetpack_newsletter_tier_id":0,"_jetpack_memberships_contains_paywalled_content":false,"_wpcom_ai_launchpad_first_post":false,"_jetpack_feature_clip_id":0,"_jetpack_memberships_contains_paid_content":false,"footnotes":"","jetpack_post_was_ever_published":false},"categories":[19,1,209,7,231,29],"tags":[210],"class_list":["post-135113","post","type-post","status-publish","format-standard","has-post-thumbnail","hentry","category-colima","category-general","category-importantes","category-noticias","category-seguridad","category-sociedad","tag-portada"],"jetpack-related-posts":[],"jetpack_sharing_enabled":true,"amp_enabled":true,"jetpack_featured_media_url":"https:\/\/diarioavanzada.com.mx\/wp-content\/uploads\/2026\/08\/65d04200-2bd7-4db0-952d-480471b4d532.png","_links":{"self":[{"href":"https:\/\/diarioavanzada.com.mx\/index.php?rest_route=\/wp\/v2\/posts\/135113","targetHints":{"allow":["GET"]}}],"collection":[{"href":"https:\/\/diarioavanzada.com.mx\/index.php?rest_route=\/wp\/v2\/posts"}],"about":[{"href":"https:\/\/diarioavanzada.com.mx\/index.php?rest_route=\/wp\/v2\/types\/post"}],"author":[{"embeddable":true,"href":"https:\/\/diarioavanzada.com.mx\/index.php?rest_route=\/wp\/v2\/users\/5"}],"replies":[{"embeddable":true,"href":"https:\/\/diarioavanzada.com.mx\/index.php?rest_route=%2Fwp%2Fv2%2Fcomments&post=135113"}],"version-history":[{"count":1,"href":"https:\/\/diarioavanzada.com.mx\/index.php?rest_route=\/wp\/v2\/posts\/135113\/revisions"}],"predecessor-version":[{"id":135116,"href":"https:\/\/diarioavanzada.com.mx\/index.php?rest_route=\/wp\/v2\/posts\/135113\/revisions\/135116"}],"wp:featuredmedia":[{"embeddable":true,"href":"https:\/\/diarioavanzada.com.mx\/index.php?rest_route=\/wp\/v2\/media\/135119"}],"wp:attachment":[{"href":"https:\/\/diarioavanzada.com.mx\/index.php?rest_route=%2Fwp%2Fv2%2Fmedia&parent=135113"}],"wp:term":[{"taxonomy":"category","embeddable":true,"href":"https:\/\/diarioavanzada.com.mx\/index.php?rest_route=%2Fwp%2Fv2%2Fcategories&post=135113"},{"taxonomy":"post_tag","embeddable":true,"href":"https:\/\/diarioavanzada.com.mx\/index.php?rest_route=%2Fwp%2Fv2%2Ftags&post=135113"}],"curies":[{"name":"wp","href":"https:\/\/api.w.org\/{rel}","templated":true}]}}