{"id":13484,"date":"2020-06-23T10:08:56","date_gmt":"2020-06-23T15:08:56","guid":{"rendered":"https:\/\/diarioavanzada.com.mx\/?p=13484"},"modified":"2020-06-23T10:08:57","modified_gmt":"2020-06-23T15:08:57","slug":"en-un-ano-indira-vizcaino-incremento-su-patrimonio-en-4-mdp","status":"publish","type":"post","link":"https:\/\/diarioavanzada.com.mx\/?p=13484","title":{"rendered":"En un a\u00f1o, Indira Vizca\u00edno increment\u00f3 su patrimonio en 4 MDP"},"content":{"rendered":"\n<p class=\"wp-block-paragraph\">Colima, M\u00e9xico, Avanzada (23\/06\/2020).- En un a\u00f1o, la delegada de programas sociales en el estado de Colima, Indira Vizca\u00edno Silva increment\u00f3 su patrimonio en cerca de 4 millones de pesos, seg\u00fan la declaraci\u00f3n patrimonial que se encuentra en la secretar\u00eda de la Funci\u00f3n P\u00fablica.<\/p>\n\n\n\n<p class=\"wp-block-paragraph\">El documento revela que Vizca\u00edno Silva adquiri\u00f3 un departamento el &nbsp;23 de julio de 2019,&nbsp;con un valor de 3 millones de pesos y dos meses antes, compr\u00f3 una camioneta &nbsp;Volskwagen Teramon, con un valor de 705 mil 990 pesos.<\/p>\n\n\n\n<p class=\"wp-block-paragraph\">La misma declaraci\u00f3n patrimonial expone que la delegada de los programas sociales en Colima, es propietaria del departamento en un 50 por ciento, sin embargo, dicho documento no ofrece m\u00e1s detalles sobre la propiedad.<\/p>\n\n\n\n<p class=\"wp-block-paragraph\">La informaci\u00f3n expone que tanto el departamento como la camioneta fueron bienes adquiridos a trav\u00e9s de cr\u00e9ditos, pero no especifica la instituci\u00f3n bancaria y en su declaraci\u00f3n no reporta el monto del adeudo.<\/p>\n\n\n\n<p class=\"wp-block-paragraph\">Las dos compras las realiz\u00f3 la funcionaria federal un a\u00f1o despu\u00e9s de haber ingresado al gobierno federal, donde es la encargada de los programas sociales en&nbsp; el estado de Colima, mismos que dependen de la secretar\u00eda del Bienestar.<\/p>\n\n\n\n<p class=\"wp-block-paragraph\">En su primera declaraci\u00f3n patrimonial ante la secretar\u00eda de la Funci\u00f3n P\u00fablica, Indira Vizca\u00edno Silva registr\u00f3 un terreno con valor de 600 mil pesos, &nbsp;otro con un valor de 396 mil pesos, y &nbsp;una casa &nbsp;que tiene una cotizaci\u00f3n de 400 mil pesos. Adem\u00e1s, un autom\u00f3vil Jetta 2015&nbsp; de 310 mil pesos&nbsp; y un autom\u00f3vil jetta 2010, que vendi\u00f3 en 60 mil pesos.<\/p>\n\n\n\n<p class=\"wp-block-paragraph\">El salario mensual neto de Indira Vizca\u00edno Silva es de 87 mil 998 pesos, seg\u00fan los resultados de la N\u00f3mina Transparente del Gobierno de M\u00e9xico, es decir, al a\u00f1o sus ingresos fueron de un mill\u00f3n 55 mil 976 pesos. &nbsp;<\/p>\n<div class=\"fb-background-color\">\n\t\t\t  <div \n\t\t\t  \tclass = \"fb-comments\" \n\t\t\t  \tdata-href = \"https:\/\/diarioavanzada.com.mx\/?p=13484\"\n\t\t\t  \tdata-numposts = \"10\"\n\t\t\t  \tdata-lazy = \"true\"\n\t\t\t\tdata-colorscheme = \"light\"\n\t\t\t\tdata-order-by = \"social\"\n\t\t\t\tdata-mobile=true>\n\t\t\t  <\/div><\/div>\n\t\t  <style>\n\t\t    .fb-background-color {\n\t\t\t\tbackground:  !important;\n\t\t\t}\n\t\t\t.fb_iframe_widget_fluid_desktop iframe {\n\t\t\t    width: 100% !important;\n\t\t\t}\n\t\t  <\/style>\n\t\t  ","protected":false},"excerpt":{"rendered":"<p>Colima, M\u00e9xico, Avanzada (23\/06\/2020).- En un a\u00f1o, la delegada de programas sociales en el estado de Colima, Indira Vizca\u00edno Silva increment\u00f3 su patrimonio en cerca de 4 millones de pesos, seg\u00fan la declaraci\u00f3n patrimonial que se encuentra en la secretar\u00eda de la Funci\u00f3n P\u00fablica. El documento revela que Vizca\u00edno Silva adquiri\u00f3 un departamento el &nbsp;23 [&hellip;]<\/p>\n","protected":false},"author":5,"featured_media":5686,"comment_status":"closed","ping_status":"closed","sticky":false,"template":"","format":"standard","meta":{"_coblocks_attr":"","_coblocks_dimensions":"","_coblocks_responsive_height":"","_coblocks_accordion_ie_support":"","_crdt_document":"","advanced_seo_description":"","jetpack_seo_html_title":"","jetpack_seo_noindex":false,"_jetpack_memberships_contains_paid_content":false,"footnotes":""},"categories":[19],"tags":[210],"class_list":["post-13484","post","type-post","status-publish","format-standard","has-post-thumbnail","hentry","category-colima","tag-portada"],"jetpack_featured_media_url":"https:\/\/diarioavanzada.com.mx\/wp-content\/uploads\/2019\/05\/INDIRA.jpg","jetpack-related-posts":[],"jetpack_sharing_enabled":true,"amp_enabled":true,"_links":{"self":[{"href":"https:\/\/diarioavanzada.com.mx\/index.php?rest_route=\/wp\/v2\/posts\/13484","targetHints":{"allow":["GET"]}}],"collection":[{"href":"https:\/\/diarioavanzada.com.mx\/index.php?rest_route=\/wp\/v2\/posts"}],"about":[{"href":"https:\/\/diarioavanzada.com.mx\/index.php?rest_route=\/wp\/v2\/types\/post"}],"author":[{"embeddable":true,"href":"https:\/\/diarioavanzada.com.mx\/index.php?rest_route=\/wp\/v2\/users\/5"}],"replies":[{"embeddable":true,"href":"https:\/\/diarioavanzada.com.mx\/index.php?rest_route=%2Fwp%2Fv2%2Fcomments&post=13484"}],"version-history":[{"count":0,"href":"https:\/\/diarioavanzada.com.mx\/index.php?rest_route=\/wp\/v2\/posts\/13484\/revisions"}],"wp:featuredmedia":[{"embeddable":true,"href":"https:\/\/diarioavanzada.com.mx\/index.php?rest_route=\/wp\/v2\/media\/5686"}],"wp:attachment":[{"href":"https:\/\/diarioavanzada.com.mx\/index.php?rest_route=%2Fwp%2Fv2%2Fmedia&parent=13484"}],"wp:term":[{"taxonomy":"category","embeddable":true,"href":"https:\/\/diarioavanzada.com.mx\/index.php?rest_route=%2Fwp%2Fv2%2Fcategories&post=13484"},{"taxonomy":"post_tag","embeddable":true,"href":"https:\/\/diarioavanzada.com.mx\/index.php?rest_route=%2Fwp%2Fv2%2Ftags&post=13484"}],"curies":[{"name":"wp","href":"https:\/\/api.w.org\/{rel}","templated":true}]}}