{"id":13370,"date":"2020-06-17T10:56:30","date_gmt":"2020-06-17T15:56:30","guid":{"rendered":"https:\/\/diarioavanzada.com.mx\/?p=13370"},"modified":"2020-06-17T11:01:32","modified_gmt":"2020-06-17T16:01:32","slug":"13370","status":"publish","type":"post","link":"https:\/\/diarioavanzada.com.mx\/?p=13370","title":{"rendered":"El PAN a\u00fan no sabe si votar\u00e1 a favor de endeudar por 722 MDP a Colima"},"content":{"rendered":"\n<p class=\"wp-block-paragraph\">Colima, M\u00e9xico, Avanzada (17\/06\/2020).- El coordinador de la fracci\u00f3n del PAN en el Congreso, Fernando Antero Valle se\u00f1al\u00f3 que no han definido su voto en torno a la solicitud de cr\u00e9dito por 720 millones de pesos que enviar\u00e1 el gobernador Ignacio Peralta S\u00e1nchez a los diputados locales.<\/p>\n\n\n\n<p class=\"wp-block-paragraph\">El legislador reconoci\u00f3 que existe un cr\u00e9dito por 410 millones de pesos \u2013que se le autoriz\u00f3 al Ejecutivo estatal en el 2018-&nbsp; que est\u00e1 sujeto a investigaci\u00f3n por parte del OSAFIG y el propio \u00f3rgano tendr\u00e1 que determinar la gravedad del hecho.<\/p>\n\n\n\n<p class=\"wp-block-paragraph\">Explic\u00f3 que en el an\u00e1lisis que realicen los tres diputados del PAN para definir su postura en torno a la nueva solicitud de endeudamiento que plantear\u00e1 el gobernador, se deber\u00e1n tomar en cuenta los antecedentes que existen sobre el cr\u00e9dito de 410 millones de pesos.<\/p>\n\n\n\n<p class=\"wp-block-paragraph\">El diputado panista&nbsp; se\u00f1al\u00f3 que su partido trata de ser prudente en el tema, y analizar el documento que enviar\u00e1 el gobernador para saber la justificaci\u00f3n del endeudamiento, \u201cm\u00e1s all\u00e1 de decir que s\u00ed apoyaremos o no, necesitamos conocer la solicitud, analizarla y fijar una postura\u201d.<\/p>\n\n\n\n<p class=\"wp-block-paragraph\">Se\u00f1al\u00f3 que algunos legisladores han fijado una postura sobre el tema a partir de que el gobernador inform\u00f3 su intenci\u00f3n de enviar la solicitud de cr\u00e9dito, \u201cpero nosotros queremos ser prudentes, y fijar la postura una vez que tengamos el an\u00e1lisis\u201d.<\/p>\n\n\n\n<p class=\"wp-block-paragraph\">Antero Valle insisti\u00f3 que existen antecedentes, que se deben tomar en cuenta, sin embargo, no quiso adelantar ninguna postura.<\/p>\n\n\n\n<p class=\"wp-block-paragraph\">Cabe recordar que en la pasada legislatura, en septiembre de 2018, la mayor\u00eda de los diputados del PAN (a excepci\u00f3n de Martha Sosa Govea y Norma Padilla) votaron a favor de que el gobernador Ignacio Peralta contratara un cr\u00e9dito por 410 millones de pesos (que pagar\u00e1n los colimenses) y que est\u00e1 sujeto a investigaci\u00f3n en el OSAFIG porque se us\u00f3 para otra cosa que lo autorizado por el poder legislativo.<\/p>\n\n\n\n<p class=\"wp-block-paragraph\"><\/p>\n<div class=\"fb-background-color\">\n\t\t\t  <div \n\t\t\t  \tclass = \"fb-comments\" \n\t\t\t  \tdata-href = \"https:\/\/diarioavanzada.com.mx\/?p=13370\"\n\t\t\t  \tdata-numposts = \"10\"\n\t\t\t  \tdata-lazy = \"true\"\n\t\t\t\tdata-colorscheme = \"light\"\n\t\t\t\tdata-order-by = \"social\"\n\t\t\t\tdata-mobile=true>\n\t\t\t  <\/div><\/div>\n\t\t  <style>\n\t\t    .fb-background-color {\n\t\t\t\tbackground:  !important;\n\t\t\t}\n\t\t\t.fb_iframe_widget_fluid_desktop iframe {\n\t\t\t    width: 100% !important;\n\t\t\t}\n\t\t  <\/style>\n\t\t  ","protected":false},"excerpt":{"rendered":"<p>Colima, M\u00e9xico, Avanzada (17\/06\/2020).- El coordinador de la fracci\u00f3n del PAN en el Congreso, Fernando Antero Valle se\u00f1al\u00f3 que no han definido su voto en torno a la solicitud de cr\u00e9dito por 720 millones de pesos que enviar\u00e1 el gobernador Ignacio Peralta S\u00e1nchez a los diputados locales. El legislador reconoci\u00f3 que existe un cr\u00e9dito por [&hellip;]<\/p>\n","protected":false},"author":5,"featured_media":13371,"comment_status":"closed","ping_status":"closed","sticky":false,"template":"","format":"standard","meta":{"_coblocks_attr":"","_coblocks_dimensions":"","_coblocks_responsive_height":"","_coblocks_accordion_ie_support":"","_crdt_document":"","advanced_seo_description":"","jetpack_seo_html_title":"","jetpack_seo_noindex":false,"_jetpack_memberships_contains_paid_content":false,"footnotes":""},"categories":[19],"tags":[210],"class_list":["post-13370","post","type-post","status-publish","format-standard","has-post-thumbnail","hentry","category-colima","tag-portada"],"jetpack_featured_media_url":"https:\/\/diarioavanzada.com.mx\/wp-content\/uploads\/2020\/06\/anterovalle.jpg","jetpack-related-posts":[],"jetpack_sharing_enabled":true,"amp_enabled":true,"_links":{"self":[{"href":"https:\/\/diarioavanzada.com.mx\/index.php?rest_route=\/wp\/v2\/posts\/13370","targetHints":{"allow":["GET"]}}],"collection":[{"href":"https:\/\/diarioavanzada.com.mx\/index.php?rest_route=\/wp\/v2\/posts"}],"about":[{"href":"https:\/\/diarioavanzada.com.mx\/index.php?rest_route=\/wp\/v2\/types\/post"}],"author":[{"embeddable":true,"href":"https:\/\/diarioavanzada.com.mx\/index.php?rest_route=\/wp\/v2\/users\/5"}],"replies":[{"embeddable":true,"href":"https:\/\/diarioavanzada.com.mx\/index.php?rest_route=%2Fwp%2Fv2%2Fcomments&post=13370"}],"version-history":[{"count":0,"href":"https:\/\/diarioavanzada.com.mx\/index.php?rest_route=\/wp\/v2\/posts\/13370\/revisions"}],"wp:featuredmedia":[{"embeddable":true,"href":"https:\/\/diarioavanzada.com.mx\/index.php?rest_route=\/wp\/v2\/media\/13371"}],"wp:attachment":[{"href":"https:\/\/diarioavanzada.com.mx\/index.php?rest_route=%2Fwp%2Fv2%2Fmedia&parent=13370"}],"wp:term":[{"taxonomy":"category","embeddable":true,"href":"https:\/\/diarioavanzada.com.mx\/index.php?rest_route=%2Fwp%2Fv2%2Fcategories&post=13370"},{"taxonomy":"post_tag","embeddable":true,"href":"https:\/\/diarioavanzada.com.mx\/index.php?rest_route=%2Fwp%2Fv2%2Ftags&post=13370"}],"curies":[{"name":"wp","href":"https:\/\/api.w.org\/{rel}","templated":true}]}}