{"id":13242,"date":"2020-06-13T09:44:56","date_gmt":"2020-06-13T14:44:56","guid":{"rendered":"https:\/\/diarioavanzada.com.mx\/?p=13242"},"modified":"2020-06-13T09:44:59","modified_gmt":"2020-06-13T14:44:59","slug":"manzanillo-y-minatitlan-tienen-un-nivel-maximo-de-riesgo-por-covid-19","status":"publish","type":"post","link":"https:\/\/diarioavanzada.com.mx\/?p=13242","title":{"rendered":"Manzanillo y Minatitl\u00e1n, tienen un &#8220;nivel m\u00e1ximo de riesgo&#8221; por Covid-19"},"content":{"rendered":"\n<p class=\"wp-block-paragraph\">Colima, M\u00e9xico, Comunicado (13\/06\/2020).- Con el prop\u00f3sito de conocer el estado que guarda la contingencia del Covid-19 en cada municipio, as\u00ed como de fortalecer la coordinaci\u00f3n para reducir el riesgo de contagios, alcaldes se comprometieron a supervisar el cumplimiento de las recomendaciones seg\u00fan nivel de riesgo junto con autoridades sanitarias y de protecci\u00f3n civil<\/p>\n\n\n\n<p class=\"wp-block-paragraph\">Al presidir la primera reuni\u00f3n extraordinaria de la Red Colimense de Municipios por la Salud, la Secretaria del ramo, Leticia Delgado Carrillo invit\u00f3 a los ediles a coadyuvar con las instituciones del sector a que la sociedad identifique el riesgo de exposici\u00f3n al no cumplir las medidas de protecci\u00f3n en caso de salir a la v\u00eda p\u00fablica.<\/p>\n\n\n\n<p class=\"wp-block-paragraph\">Acordaron establecer visitas coordinadas entre ayuntamientos, protecci\u00f3n civil y la Comisi\u00f3n Estatal para la Protecci\u00f3n contra Riesgos Sanitarios para la supervisi\u00f3n y fomento de las medidas de protecci\u00f3n en negocios.<\/p>\n\n\n\n<p class=\"wp-block-paragraph\">Como referencia se tiene el acuerdo por el que se establece el plan de reapertura gradual de actividades sociales, educativas y econ\u00f3micas para el estado de Colima tras la emergencia generada por el virus del SARS-CoV-2 publicado en el Diario Oficial el Estado de Colima el pasado 6 de junio.<\/p>\n\n\n\n<p class=\"wp-block-paragraph\">Lo anterior luego de la presentaci\u00f3n y seguimiento del sem\u00e1foro epidemiol\u00f3gico que en base a cuatro indicadores mide el nivel de riesgo de los municipios seg\u00fan la jurisdicci\u00f3n sanitaria a que pertenecen, lo cuales se refieren a la ocupaci\u00f3n hospitalaria, n\u00famero de pacientes por d\u00eda, tendencia de casos confirmados y positividad de muestras.<\/p>\n\n\n\n<p class=\"wp-block-paragraph\">Con esas ponderaciones se determina por color el nivel m\u00e1ximo, alto, moderado o bajo y en base a ello es la disponibilidad de movilidad social.<\/p>\n\n\n\n<p class=\"wp-block-paragraph\">La Jurisdicciones 1, que comprende Colima, Comala, Coquimatl\u00e1n, Cuauht\u00e9moc y Villa de \u00c1lvarez; as\u00ed como la 2 que incluye a Tecom\u00e1n, Ixtlahuac\u00e1n y Armer\u00eda, tiene un nivel alto simbolizado en color naranja ya que cuentan con disponibilidad hospitalaria pero tienen tendencia al alza y crecimiento de casos.<\/p>\n\n\n\n<p class=\"wp-block-paragraph\">La Jurisdicci\u00f3n 3 integrada por Manzanillo y Minatitl\u00e1n, tienen un nivel m\u00e1ximo de riesgo caracterizado por el crecimiento exponencial de casos en el municipio del puerto.<\/p>\n\n\n\n<p class=\"wp-block-paragraph\">Estuvieron presentes Lilia Figueroa, Salvador Bueno y Leoncio Mor\u00e1n, alcaldesa y alcaldes de Minatitl\u00e1n, Armer\u00eda y Colima; as\u00ed como los representantes de los dem\u00e1s municipios quienes semanalmente participar\u00e1n de este an\u00e1lisis y seguimiento.<\/p>\n\n\n\n<p class=\"wp-block-paragraph\"><\/p>\n\n\n\n<p class=\"wp-block-paragraph\"><\/p>\n\n\n\n<p class=\"wp-block-paragraph\"><\/p>\n\n\n\n<p class=\"wp-block-paragraph\"><\/p>\n<div class=\"fb-background-color\">\n\t\t\t  <div \n\t\t\t  \tclass = \"fb-comments\" \n\t\t\t  \tdata-href = \"https:\/\/diarioavanzada.com.mx\/?p=13242\"\n\t\t\t  \tdata-numposts = \"10\"\n\t\t\t  \tdata-lazy = \"true\"\n\t\t\t\tdata-colorscheme = \"light\"\n\t\t\t\tdata-order-by = \"social\"\n\t\t\t\tdata-mobile=true>\n\t\t\t  <\/div><\/div>\n\t\t  <style>\n\t\t    .fb-background-color {\n\t\t\t\tbackground:  !important;\n\t\t\t}\n\t\t\t.fb_iframe_widget_fluid_desktop iframe {\n\t\t\t    width: 100% !important;\n\t\t\t}\n\t\t  <\/style>\n\t\t  ","protected":false},"excerpt":{"rendered":"<p>Colima, M\u00e9xico, Comunicado (13\/06\/2020).- Con el prop\u00f3sito de conocer el estado que guarda la contingencia del Covid-19 en cada municipio, as\u00ed como de fortalecer la coordinaci\u00f3n para reducir el riesgo de contagios, alcaldes se comprometieron a supervisar el cumplimiento de las recomendaciones seg\u00fan nivel de riesgo junto con autoridades sanitarias y de protecci\u00f3n civil Al [&hellip;]<\/p>\n","protected":false},"author":7,"featured_media":13243,"comment_status":"closed","ping_status":"closed","sticky":false,"template":"","format":"standard","meta":{"_coblocks_attr":"","_coblocks_dimensions":"","_coblocks_responsive_height":"","_coblocks_accordion_ie_support":"","advanced_seo_description":"","jetpack_seo_html_title":"","jetpack_seo_noindex":false,"jetpack_seo_schema_type":"","_jetpack_newsletter_access":"","_jetpack_dont_email_post_to_subs":false,"_jetpack_newsletter_tier_id":0,"_jetpack_memberships_contains_paywalled_content":false,"_wpcom_ai_launchpad_first_post":false,"_jetpack_feature_clip_id":0,"_jetpack_memberships_contains_paid_content":false,"footnotes":"","jetpack_post_was_ever_published":false},"categories":[19,27],"tags":[300,210],"class_list":["post-13242","post","type-post","status-publish","format-standard","has-post-thumbnail","hentry","category-colima","category-salud","tag-covid-19","tag-portada"],"jetpack-related-posts":[],"jetpack_sharing_enabled":true,"amp_enabled":true,"jetpack_featured_media_url":"https:\/\/diarioavanzada.com.mx\/wp-content\/uploads\/2020\/06\/103047018_752060505543439_7761996014388581271_n.jpg","_links":{"self":[{"href":"https:\/\/diarioavanzada.com.mx\/index.php?rest_route=\/wp\/v2\/posts\/13242","targetHints":{"allow":["GET"]}}],"collection":[{"href":"https:\/\/diarioavanzada.com.mx\/index.php?rest_route=\/wp\/v2\/posts"}],"about":[{"href":"https:\/\/diarioavanzada.com.mx\/index.php?rest_route=\/wp\/v2\/types\/post"}],"author":[{"embeddable":true,"href":"https:\/\/diarioavanzada.com.mx\/index.php?rest_route=\/wp\/v2\/users\/7"}],"replies":[{"embeddable":true,"href":"https:\/\/diarioavanzada.com.mx\/index.php?rest_route=%2Fwp%2Fv2%2Fcomments&post=13242"}],"version-history":[{"count":0,"href":"https:\/\/diarioavanzada.com.mx\/index.php?rest_route=\/wp\/v2\/posts\/13242\/revisions"}],"wp:featuredmedia":[{"embeddable":true,"href":"https:\/\/diarioavanzada.com.mx\/index.php?rest_route=\/wp\/v2\/media\/13243"}],"wp:attachment":[{"href":"https:\/\/diarioavanzada.com.mx\/index.php?rest_route=%2Fwp%2Fv2%2Fmedia&parent=13242"}],"wp:term":[{"taxonomy":"category","embeddable":true,"href":"https:\/\/diarioavanzada.com.mx\/index.php?rest_route=%2Fwp%2Fv2%2Fcategories&post=13242"},{"taxonomy":"post_tag","embeddable":true,"href":"https:\/\/diarioavanzada.com.mx\/index.php?rest_route=%2Fwp%2Fv2%2Ftags&post=13242"}],"curies":[{"name":"wp","href":"https:\/\/api.w.org\/{rel}","templated":true}]}}