{"id":13140,"date":"2020-06-08T13:17:10","date_gmt":"2020-06-08T18:17:10","guid":{"rendered":"https:\/\/diarioavanzada.com.mx\/?p=13140"},"modified":"2020-06-08T13:17:13","modified_gmt":"2020-06-08T18:17:13","slug":"los-feminicidios-serian-evitables-si-fiscalia-y-ssp-aplicaran-la-avg-reprochan-asociaciones","status":"publish","type":"post","link":"https:\/\/diarioavanzada.com.mx\/?p=13140","title":{"rendered":"Los feminicidios ser\u00edan evitables si Fiscal\u00eda y SSP aplicaran la AVG, reprochan asociaciones"},"content":{"rendered":"\n<p class=\"wp-block-paragraph\">Colima, M\u00e9xico, Avanzada (08\/06\/2020).- Una ni\u00f1a de 11 a\u00f1os fue golpeada&nbsp; en diferentes partes del cuerpo y&nbsp; asesinada al interior de su hogar, junto con su madre, quien tambi\u00e9n fue agredida hasta&nbsp; que le quitaron la vida.<\/p>\n\n\n\n<p class=\"wp-block-paragraph\">Los hechos violentos sucedieron en la colonia Zaragoza en la capital de Colima, donde las denuncias por violencia hacia las mujeres se incrementaron en un 69 por ciento.<\/p>\n\n\n\n<p class=\"wp-block-paragraph\">El 4 de marzo de este a\u00f1o, Fabiola, de 39 a\u00f1os de edad, y madre de dos hijos, fue asesinada por ex pareja en el puerto de Manzanillo.<\/p>\n\n\n\n<p class=\"wp-block-paragraph\">Ante el incremento de la violencia contra las mujeres,&nbsp;diversas organizaciones y colectivos&nbsp;se\u00f1alaron que este tipo de cr\u00edmenes no hubieran sucedido si la Fiscal\u00eda General del Estado y la Secretar\u00eda de Seguridad P\u00fablica realizaran las acciones que la Alerta por Violencia de G\u00e9nero les recomend\u00f3 desde hace tres a\u00f1os, con la finalidad de que las mujeres vivan en un entorno favorable que les garantice una vida libre de violencia.<\/p>\n\n\n\n<p class=\"wp-block-paragraph\">Las organizaciones como el Centro de Apoyo a la Mujer, IUS G\u00e9nero y el Colectivo Inclusi\u00f3n expusieron que el asesinato de la menor de once a\u00f1os de edad y su madre de 43 a\u00f1os de edad,&nbsp;se suman a los m\u00e1s de 40 casos&nbsp; de mujeres asesinadas en Colima, publicados por la prensa local&nbsp; desde el primero de enero al 27 de mayo.<\/p>\n\n\n\n<p class=\"wp-block-paragraph\">\u201cLa pandemia de violencia de g\u00e9nero que existe desde hace muchos a\u00f1os sigue en ascenso. Es imprescindible todas las medidas de seguridad y prevenci\u00f3n urgente se\u00f1aladas en la Declaratoria de Violencia de G\u00e9nero&nbsp; para el estado de Colima, emitida en junio de 2017 y las distintas legislaciones creadas para prevenir, atender, erradicar, sancionar la violencia de g\u00e9nero contra las mujeres en el estado de Colima\u201d, exponen.<\/p>\n\n\n\n<p class=\"wp-block-paragraph\">Adem\u00e1s, solicitaron a la sociedad a no guardar silencio y denunciar cualquier acto de violencia.\u00a0<\/p>\n\n\n\n<p class=\"wp-block-paragraph\">* Imagen ilustrativa.<\/p>\n<div class=\"fb-background-color\">\n\t\t\t  <div \n\t\t\t  \tclass = \"fb-comments\" \n\t\t\t  \tdata-href = \"https:\/\/diarioavanzada.com.mx\/?p=13140\"\n\t\t\t  \tdata-numposts = \"10\"\n\t\t\t  \tdata-lazy = \"true\"\n\t\t\t\tdata-colorscheme = \"light\"\n\t\t\t\tdata-order-by = \"social\"\n\t\t\t\tdata-mobile=true>\n\t\t\t  <\/div><\/div>\n\t\t  <style>\n\t\t    .fb-background-color {\n\t\t\t\tbackground:  !important;\n\t\t\t}\n\t\t\t.fb_iframe_widget_fluid_desktop iframe {\n\t\t\t    width: 100% !important;\n\t\t\t}\n\t\t  <\/style>\n\t\t  ","protected":false},"excerpt":{"rendered":"<p>Colima, M\u00e9xico, Avanzada (08\/06\/2020).- Una ni\u00f1a de 11 a\u00f1os fue golpeada&nbsp; en diferentes partes del cuerpo y&nbsp; asesinada al interior de su hogar, junto con su madre, quien tambi\u00e9n fue agredida hasta&nbsp; que le quitaron la vida. Los hechos violentos sucedieron en la colonia Zaragoza en la capital de Colima, donde las denuncias por violencia [&hellip;]<\/p>\n","protected":false},"author":5,"featured_media":13141,"comment_status":"closed","ping_status":"closed","sticky":false,"template":"","format":"standard","meta":{"_coblocks_attr":"","_coblocks_dimensions":"","_coblocks_responsive_height":"","_coblocks_accordion_ie_support":"","_crdt_document":"","advanced_seo_description":"","jetpack_seo_html_title":"","jetpack_seo_noindex":false,"_jetpack_memberships_contains_paid_content":false,"footnotes":""},"categories":[19,231],"tags":[210],"class_list":["post-13140","post","type-post","status-publish","format-standard","has-post-thumbnail","hentry","category-colima","category-seguridad","tag-portada"],"jetpack_featured_media_url":"https:\/\/diarioavanzada.com.mx\/wp-content\/uploads\/2020\/06\/Ignacio-zaragoza.png","jetpack-related-posts":[],"jetpack_sharing_enabled":true,"amp_enabled":true,"_links":{"self":[{"href":"https:\/\/diarioavanzada.com.mx\/index.php?rest_route=\/wp\/v2\/posts\/13140","targetHints":{"allow":["GET"]}}],"collection":[{"href":"https:\/\/diarioavanzada.com.mx\/index.php?rest_route=\/wp\/v2\/posts"}],"about":[{"href":"https:\/\/diarioavanzada.com.mx\/index.php?rest_route=\/wp\/v2\/types\/post"}],"author":[{"embeddable":true,"href":"https:\/\/diarioavanzada.com.mx\/index.php?rest_route=\/wp\/v2\/users\/5"}],"replies":[{"embeddable":true,"href":"https:\/\/diarioavanzada.com.mx\/index.php?rest_route=%2Fwp%2Fv2%2Fcomments&post=13140"}],"version-history":[{"count":0,"href":"https:\/\/diarioavanzada.com.mx\/index.php?rest_route=\/wp\/v2\/posts\/13140\/revisions"}],"wp:featuredmedia":[{"embeddable":true,"href":"https:\/\/diarioavanzada.com.mx\/index.php?rest_route=\/wp\/v2\/media\/13141"}],"wp:attachment":[{"href":"https:\/\/diarioavanzada.com.mx\/index.php?rest_route=%2Fwp%2Fv2%2Fmedia&parent=13140"}],"wp:term":[{"taxonomy":"category","embeddable":true,"href":"https:\/\/diarioavanzada.com.mx\/index.php?rest_route=%2Fwp%2Fv2%2Fcategories&post=13140"},{"taxonomy":"post_tag","embeddable":true,"href":"https:\/\/diarioavanzada.com.mx\/index.php?rest_route=%2Fwp%2Fv2%2Ftags&post=13140"}],"curies":[{"name":"wp","href":"https:\/\/api.w.org\/{rel}","templated":true}]}}