{"id":13134,"date":"2020-06-08T12:17:34","date_gmt":"2020-06-08T17:17:34","guid":{"rendered":"https:\/\/diarioavanzada.com.mx\/?p=13134"},"modified":"2020-06-08T12:17:36","modified_gmt":"2020-06-08T17:17:36","slug":"la-api-en-la-mira-de-la-sfp-por-denuncias-interpuestas-por-constructores-de-colima","status":"publish","type":"post","link":"https:\/\/diarioavanzada.com.mx\/?p=13134","title":{"rendered":"La API en la mira de la SFP por denuncias interpuestas por constructores de Colima"},"content":{"rendered":"\n<p class=\"wp-block-paragraph\">Colima, M\u00e9xico, Avanzada (08\/06\/2020).- Los constructores en Colima adem\u00e1s de enfrentar una crisis econ\u00f3mica severa desde hace varios meses, deben lidiar con las pr\u00e1cticas sospechosas que realiza la Administraci\u00f3n Portuaria Integral (API) en Manzanillo para la asignaci\u00f3n de obra.<\/p>\n\n\n\n<p class=\"wp-block-paragraph\">Por ello, este mes, la Secretar\u00eda de la Funci\u00f3n P\u00fablica (SFP) determinar\u00e1 si la Administraci\u00f3n Portuaria Integral incurri\u00f3 en actos de corrupci\u00f3n en contra de las constructoras de Colima que participaron en diversos procesos de licitaci\u00f3n para la ejecuci\u00f3n de obras y fueron eliminadas de forma&nbsp; sospechosa por la paraestatal que dirige, H\u00e9ctor Mora.<\/p>\n\n\n\n<p class=\"wp-block-paragraph\">Lo anterior fue confirmado por el presidente de la C\u00e1mara Mexicana de la Industria de la Construcci\u00f3n (CMIC), Carlos Maldonado Orozco, quien record\u00f3 que en diciembre del a\u00f1o pasado interpusieron las denuncia ante la ASF a cargo de Irma Er\u00e9ndida Sandoval.<\/p>\n\n\n\n<p class=\"wp-block-paragraph\">Indic\u00f3 que la API ha tenido un comportamiento anormal al asignar obras p\u00fablicas, pues lanza procesos de licitaci\u00f3n, pero despu\u00e9s descalifica a las empresas que participaron, para poder adjudicar la obra de manera directa a la empresa que considere y sin&nbsp; ninguna explicaci\u00f3n.<\/p>\n\n\n\n<p class=\"wp-block-paragraph\">El dirigente de la CMIC sentenci\u00f3 que el comportamiento de la API y el propio director de la misma, H\u00e9ctor Mora, fue detectado en varias licitaciones que se lanzaron el a\u00f1o pasado y por ello, decidieron denunciar el hecho ante la ASF y el propio \u00d3rgano Interno de Control de la API en Manzanillo.<\/p>\n\n\n\n<p class=\"wp-block-paragraph\">Refiri\u00f3 que la ley le permite a la API asignar obras de forma directa, cuando las empresas fueron descalificadas, \u201centendemos que pudiera darse una vez, o dos, pero fueron m\u00e1s de 50 empresas locales las que fueron descalificadas por la API y eso nos parece que es un comportamiento anormal que debe revisarse\u201d, dijo.<\/p>\n\n\n\n<p class=\"wp-block-paragraph\">El dirigente de la CMIC confi\u00f3 en que la SFP investigue y aclare la situaci\u00f3n que acontece dentro de la API. No es la primera vez que la API se ve envuelta en se\u00f1alamientos por presuntos actos de corrupci\u00f3n. Durante el 2018 el entonces director de la API, Ovidio Noval fue acusado de entregar una concesi\u00f3n a una empresa donde aparecen los primos del gobernador, Ignacio Peralta S\u00e1nchez, a pesar de que \u00e9sta no cumpl\u00eda con la ley. La denuncia la realiz\u00f3 el propio encargado del \u00d3rgano Interno de Control de la API.&nbsp;<\/p>\n<div class=\"fb-background-color\">\n\t\t\t  <div \n\t\t\t  \tclass = \"fb-comments\" \n\t\t\t  \tdata-href = \"https:\/\/diarioavanzada.com.mx\/?p=13134\"\n\t\t\t  \tdata-numposts = \"10\"\n\t\t\t  \tdata-lazy = \"true\"\n\t\t\t\tdata-colorscheme = \"light\"\n\t\t\t\tdata-order-by = \"social\"\n\t\t\t\tdata-mobile=true>\n\t\t\t  <\/div><\/div>\n\t\t  <style>\n\t\t    .fb-background-color {\n\t\t\t\tbackground:  !important;\n\t\t\t}\n\t\t\t.fb_iframe_widget_fluid_desktop iframe {\n\t\t\t    width: 100% !important;\n\t\t\t}\n\t\t  <\/style>\n\t\t  ","protected":false},"excerpt":{"rendered":"<p>Colima, M\u00e9xico, Avanzada (08\/06\/2020).- Los constructores en Colima adem\u00e1s de enfrentar una crisis econ\u00f3mica severa desde hace varios meses, deben lidiar con las pr\u00e1cticas sospechosas que realiza la Administraci\u00f3n Portuaria Integral (API) en Manzanillo para la asignaci\u00f3n de obra. Por ello, este mes, la Secretar\u00eda de la Funci\u00f3n P\u00fablica (SFP) determinar\u00e1 si la Administraci\u00f3n Portuaria [&hellip;]<\/p>\n","protected":false},"author":5,"featured_media":13135,"comment_status":"closed","ping_status":"closed","sticky":false,"template":"","format":"standard","meta":{"_coblocks_attr":"","_coblocks_dimensions":"","_coblocks_responsive_height":"","_coblocks_accordion_ie_support":"","_crdt_document":"","advanced_seo_description":"","jetpack_seo_html_title":"","jetpack_seo_noindex":false,"_jetpack_memberships_contains_paid_content":false,"footnotes":""},"categories":[19],"tags":[210],"class_list":["post-13134","post","type-post","status-publish","format-standard","has-post-thumbnail","hentry","category-colima","tag-portada"],"jetpack_featured_media_url":"https:\/\/diarioavanzada.com.mx\/wp-content\/uploads\/2020\/06\/EF4DE93D-3C11-4D13-AED1-B4042B75E7CB.png","jetpack-related-posts":[],"jetpack_sharing_enabled":true,"amp_enabled":true,"_links":{"self":[{"href":"https:\/\/diarioavanzada.com.mx\/index.php?rest_route=\/wp\/v2\/posts\/13134","targetHints":{"allow":["GET"]}}],"collection":[{"href":"https:\/\/diarioavanzada.com.mx\/index.php?rest_route=\/wp\/v2\/posts"}],"about":[{"href":"https:\/\/diarioavanzada.com.mx\/index.php?rest_route=\/wp\/v2\/types\/post"}],"author":[{"embeddable":true,"href":"https:\/\/diarioavanzada.com.mx\/index.php?rest_route=\/wp\/v2\/users\/5"}],"replies":[{"embeddable":true,"href":"https:\/\/diarioavanzada.com.mx\/index.php?rest_route=%2Fwp%2Fv2%2Fcomments&post=13134"}],"version-history":[{"count":0,"href":"https:\/\/diarioavanzada.com.mx\/index.php?rest_route=\/wp\/v2\/posts\/13134\/revisions"}],"wp:featuredmedia":[{"embeddable":true,"href":"https:\/\/diarioavanzada.com.mx\/index.php?rest_route=\/wp\/v2\/media\/13135"}],"wp:attachment":[{"href":"https:\/\/diarioavanzada.com.mx\/index.php?rest_route=%2Fwp%2Fv2%2Fmedia&parent=13134"}],"wp:term":[{"taxonomy":"category","embeddable":true,"href":"https:\/\/diarioavanzada.com.mx\/index.php?rest_route=%2Fwp%2Fv2%2Fcategories&post=13134"},{"taxonomy":"post_tag","embeddable":true,"href":"https:\/\/diarioavanzada.com.mx\/index.php?rest_route=%2Fwp%2Fv2%2Ftags&post=13134"}],"curies":[{"name":"wp","href":"https:\/\/api.w.org\/{rel}","templated":true}]}}