{"id":13132,"date":"2020-06-08T11:53:38","date_gmt":"2020-06-08T16:53:38","guid":{"rendered":"https:\/\/diarioavanzada.com.mx\/?p=13132"},"modified":"2020-06-08T11:53:40","modified_gmt":"2020-06-08T16:53:40","slug":"la-gota-que-derramo-el-vaso-o-estan-con-el-gobierno-asesino-o-apoyan-a-los-ciudadanos-libres","status":"publish","type":"post","link":"https:\/\/diarioavanzada.com.mx\/?p=13132","title":{"rendered":"La gota que derram\u00f3 el vaso: o est\u00e1n con el gobierno asesino o apoyan a los ciudadanos libres"},"content":{"rendered":"\n<p class=\"wp-block-paragraph\">Los polic\u00edas estatales V\u00edctor Hugo Delgado Cruz, Ismael D\u00edaz Reyes, \u00c1ngel Soto L\u00f3pez, Juan Carlos Lazos P\u00e9rez, Juan Carlos V\u00e1zquez P\u00e9rez, Jos\u00e9 Armando Nazarit S\u00e1nchez, Jos\u00e9 Luis P\u00e9rez Varela y la diputada Anel Bueno S\u00e1nchez <strong>est\u00e1n muertos<\/strong> y el <strong>culpable<\/strong> es <strong><em>Jos\u00e9 Ignacio Peralta S\u00e1nchez<\/em><\/strong>.<\/p>\n\n\n\n<p class=\"wp-block-paragraph\">Colima es un estado civilizado, por tanto, lo que en \u00e9l sucede es predecible. Si el gobernador es incapaz de cumplir\u00e1 y hacer cumplir la ley debe irse porque ya no le sirve a la sociedad.<\/p>\n\n\n\n<p class=\"wp-block-paragraph\">Los gobernadores golpistas y sus secuaces son golpistas porque no son civilizados y pretende imponer f\u00f3rmulas impredecibles, es decir, que la ley no contempla. Pretenden imponer sus modos m\u00e1s all\u00e1 de la ley, sus modos clasistas.&nbsp;<\/p>\n\n\n\n<p class=\"wp-block-paragraph\">El Congreso de Colima debe instruir juicio pol\u00edtico a Peralta S\u00e1nchez, destituirlo y fincarle responsabilidades penales para que sea enjuicio en el fuero com\u00fan.<\/p>\n\n\n\n<p class=\"wp-block-paragraph\">Los diputados fueron electos para representarnos y ahora toca su turno actuar. El diputado Vladimir Parra, Claudia Aguirre, Araceli Garc\u00eda Ar\u00e1mbula, Blanca Livier Rodr\u00edguez, y todo parece indicar que todos los de Morena trabajar\u00e1n para enjuiciar a Peralta S\u00e1nchez. Esperemos que el diputado Guillermo Toscano o alg\u00fan otro de Morena no vayan a rajarse; la senadora Griselda Valencia ya se pronunci\u00f3 en este sentido; sin embargo, los dem\u00e1s diputados han guardado un silencio ominoso que deben romper y pronunciarse a favor de la destituci\u00f3n del gobernador porque su permanencia en el cargo ofende a los colimenses. De no hacerlo estar\u00e1n, de facto, apoyando a un gobierno homicida y fallido.<\/p>\n\n\n\n<p class=\"wp-block-paragraph\">Si los diputados del PAN, del PANAL, de Movimiento Ciudadano, del PRI, del Verde Ecologista e independientes no se pronuncian en el sentido de la destituci\u00f3n del gobernador caer\u00e1 sobre ellos la responsabilidad de apoyar un gobierno asesino, corrupto y fallido.<\/p>\n\n\n\n<p class=\"wp-block-paragraph\">Cada muchacha violada o asesinada, cada ciudadano asesinado o plagiado, cada robo, cada acto de corrupci\u00f3n, cada nuevo acto de excesos del gobierno de Peralta S\u00e1nchez tambi\u00e9n ser\u00e1n actos imputables a los diputados c\u00f3mplices. Son tiempos de definiciones. En su conciencia quedar\u00e1 el peso de la decisi\u00f3n de poder haberlo evitado.<\/p>\n\n\n\n<p class=\"wp-block-paragraph\">No puede haber medias tintas, no hay matices, o se est\u00e1 con el gobern\u00f3 asesino o se est\u00e1 con los ciudadanos libres.<\/p>\n\n\n\n<p class=\"wp-block-paragraph\">Ojal\u00e1 no se pierdan en el laberinto de las palabras de la justificaci\u00f3n grosera. No hay pretextos, la mayor\u00eda del Congreso no pertenece al partido del gobernador.<\/p>\n\n\n\n<p class=\"wp-block-paragraph\">Ojal\u00e1 que no se pierdan en las leguleyadas de siempre y&nbsp; los pretexto pueriles.&nbsp;<\/p>\n\n\n\n<p class=\"wp-block-paragraph\">Ojal\u00e1 que hagan pol\u00edtica y no politiquer\u00eda.&nbsp;<\/p>\n\n\n\n<p class=\"wp-block-paragraph\">Est\u00e1n el Congreso mandatados por los ciudadanos, si no asumen su papel, no olviden que los ciudadanos tenemos la fuerza, un solo d\u00eda, del pr\u00f3ximo a\u00f1o y ese d\u00eda nos vamos acordar de sus cobard\u00edas y sus complicidades.<\/p>\n\n\n\n<p class=\"wp-block-paragraph\">No son tiempos de pusil\u00e1mines. Se\u00f1ores diputados, o est\u00e1n con el pueblo o est\u00e1n con los asesinos y el narco, ustedes deciden. Quien se declare neutral estar\u00e1 pasivamente a favor de los abusones.<\/p>\n\n\n\n<p class=\"wp-block-paragraph\">Peralta se ha dedicado a hacer org\u00edas de muerte con efebos y prostitutos profesionales; a aumentar su patrimonio personal; no ha sabido defender los intereses econ\u00f3micos de los colimenses; ya perdi\u00f3 el control del territorio estatal frente al crimen organizado; la inseguridad ha tomado niveles ya intolerables, las desapariciones, secuestros y asesinatos son pan nuestro de cada d\u00eda; el desorden en el gobierno es intolerable: Peralta rebaso todos los l\u00edmites.&nbsp;<\/p>\n\n\n\n<p class=\"wp-block-paragraph\">\u00bfQu\u00e9 inter\u00e9s persigue Peralta S\u00e1nchez al vincularse a una empresa como Altos Hornos de M\u00e9xico, cuyo accionista principal est\u00e1 preso en Espa\u00f1a, y pronto ser\u00e1 extraditado a M\u00e9xico?<\/p>\n\n\n\n<p class=\"wp-block-paragraph\">El presidente de la Republica declar\u00f3, en repetidas ocasiones, que no van a rescatar a esa empresa envuelta en turbios negocios financieros.<\/p>\n\n\n\n<p class=\"wp-block-paragraph\">\u00bfQu\u00e9 sucios negocios est\u00e1 tramando Peralta S\u00e1nchez con el gobierno de Coahuila, y quiz\u00e1 con el narco, y el socio mayoritario de Altos Hornos de M\u00e9xico, Alonso Ancira, que est\u00e1 siendo investigado tambi\u00e9n por lavado de dinero por la DEA en los Estados Unidos y por la UIF en M\u00e9xico?<\/p>\n\n\n\n<p class=\"wp-block-paragraph\">Querr\u00e1 los 700 millones de pesos de pr\u00e9stamo solicitando por Peralta S\u00e1nchez al Congreso para invertirlo en Alto Hornos de M\u00e9xico y rescatar a esa empresa llena de empresarios bajo sospecha y llenarse los bolsillos propios de dinero p\u00fablico.&nbsp;<\/p>\n\n\n\n<p class=\"wp-block-paragraph\">El Gobierno de M\u00e9xico por medio de la Unidad de Inteligencia Financiera, dirigida por Santiago Nieto, ha emprendido la operaci\u00f3n <em>Agave Verde<\/em> que ha congelado las cuentas de aproximadamente dos mil personas y negocios vinculados al Cartel Jalisco Nueva Generaci\u00f3n (CJNG); por su parte, el Sistema de Administraci\u00f3n Tributaria (SAT), encabezado por Raquel Buenrostro, ya inici\u00f3 una lucha contra los bufetes de abogados que se encargan de crear empresas fantasmas con las que instituciones que reciben presupuesto federal y justificaban ilegalmente&nbsp; el gasto que impunemente se robaban.<\/p>\n\n\n\n<p class=\"wp-block-paragraph\">El Gobierno de M\u00e9xico les est\u00e1 cerrando el cerco a los narcos y a las instituciones y a los gobiernos de los estados que se est\u00e1n portando mal, muy mal.<\/p>\n\n\n\n<p class=\"wp-block-paragraph\">Los diputados deben actuar y deslindarse: o est\u00e1n con los ciudadanos o est\u00e1n a favor del crimen organizado. Ellos deciden. Los neutrales ser\u00e1n vergonzantes apoyadores de los asesinos.<\/p>\n\n\n\n<p class=\"wp-block-paragraph\">Los ciudadanos estamos esperando que se aplique la Constituci\u00f3n y que el gobernador pague por su ineptitud y faltas a la ley.<\/p>\n\n\n\n<p class=\"wp-block-paragraph\">La masacre de los siete polic\u00edas estatales y el asesinato de la diputada Anel Bueno son la gota que derram\u00f3 el vaso.<\/p>\n\n\n\n<p class=\"wp-block-paragraph\">\u201cColima est\u00e1 administrada por la delincuencia organizada\u201d declar\u00f3 Peralta S\u00e1nchez a Radio F\u00f3rmula \u00bfEntonces \u00e9l es un florero o algo por el estilo? Tanto cinismo no puede ser verdad.<\/p>\n<div class=\"fb-background-color\">\n\t\t\t  <div \n\t\t\t  \tclass = \"fb-comments\" \n\t\t\t  \tdata-href = \"https:\/\/diarioavanzada.com.mx\/?p=13132\"\n\t\t\t  \tdata-numposts = \"10\"\n\t\t\t  \tdata-lazy = \"true\"\n\t\t\t\tdata-colorscheme = \"light\"\n\t\t\t\tdata-order-by = \"social\"\n\t\t\t\tdata-mobile=true>\n\t\t\t  <\/div><\/div>\n\t\t  <style>\n\t\t    .fb-background-color {\n\t\t\t\tbackground:  !important;\n\t\t\t}\n\t\t\t.fb_iframe_widget_fluid_desktop iframe {\n\t\t\t    width: 100% !important;\n\t\t\t}\n\t\t  <\/style>\n\t\t  ","protected":false},"excerpt":{"rendered":"<p>Los polic\u00edas estatales V\u00edctor Hugo Delgado Cruz, Ismael D\u00edaz Reyes, \u00c1ngel Soto L\u00f3pez, Juan Carlos Lazos P\u00e9rez, Juan Carlos V\u00e1zquez P\u00e9rez, Jos\u00e9 Armando Nazarit S\u00e1nchez, Jos\u00e9 Luis P\u00e9rez Varela y la diputada Anel Bueno S\u00e1nchez est\u00e1n muertos y el culpable es Jos\u00e9 Ignacio Peralta S\u00e1nchez. Colima es un estado civilizado, por tanto, lo que en [&hellip;]<\/p>\n","protected":false},"author":9,"featured_media":5804,"comment_status":"closed","ping_status":"closed","sticky":false,"template":"","format":"standard","meta":{"_coblocks_attr":"","_coblocks_dimensions":"","_coblocks_responsive_height":"","_coblocks_accordion_ie_support":"","advanced_seo_description":"","jetpack_seo_html_title":"","jetpack_seo_noindex":false,"jetpack_seo_schema_type":"","_jetpack_newsletter_access":"","_jetpack_dont_email_post_to_subs":false,"_jetpack_newsletter_tier_id":0,"_jetpack_memberships_contains_paywalled_content":false,"_wpcom_ai_launchpad_first_post":false,"_jetpack_feature_clip_id":0,"_jetpack_memberships_contains_paid_content":false,"footnotes":"","jetpack_post_was_ever_published":false},"categories":[19,24],"tags":[220,210],"class_list":["post-13132","post","type-post","status-publish","format-standard","has-post-thumbnail","hentry","category-colima","category-opinion","tag-opinion","tag-portada"],"jetpack-related-posts":[],"jetpack_sharing_enabled":true,"amp_enabled":true,"jetpack_featured_media_url":"https:\/\/diarioavanzada.com.mx\/wp-content\/uploads\/2019\/06\/Si-sen\u0303or-presidente.jpg","_links":{"self":[{"href":"https:\/\/diarioavanzada.com.mx\/index.php?rest_route=\/wp\/v2\/posts\/13132","targetHints":{"allow":["GET"]}}],"collection":[{"href":"https:\/\/diarioavanzada.com.mx\/index.php?rest_route=\/wp\/v2\/posts"}],"about":[{"href":"https:\/\/diarioavanzada.com.mx\/index.php?rest_route=\/wp\/v2\/types\/post"}],"author":[{"embeddable":true,"href":"https:\/\/diarioavanzada.com.mx\/index.php?rest_route=\/wp\/v2\/users\/9"}],"replies":[{"embeddable":true,"href":"https:\/\/diarioavanzada.com.mx\/index.php?rest_route=%2Fwp%2Fv2%2Fcomments&post=13132"}],"version-history":[{"count":0,"href":"https:\/\/diarioavanzada.com.mx\/index.php?rest_route=\/wp\/v2\/posts\/13132\/revisions"}],"wp:featuredmedia":[{"embeddable":true,"href":"https:\/\/diarioavanzada.com.mx\/index.php?rest_route=\/wp\/v2\/media\/5804"}],"wp:attachment":[{"href":"https:\/\/diarioavanzada.com.mx\/index.php?rest_route=%2Fwp%2Fv2%2Fmedia&parent=13132"}],"wp:term":[{"taxonomy":"category","embeddable":true,"href":"https:\/\/diarioavanzada.com.mx\/index.php?rest_route=%2Fwp%2Fv2%2Fcategories&post=13132"},{"taxonomy":"post_tag","embeddable":true,"href":"https:\/\/diarioavanzada.com.mx\/index.php?rest_route=%2Fwp%2Fv2%2Ftags&post=13132"}],"curies":[{"name":"wp","href":"https:\/\/api.w.org\/{rel}","templated":true}]}}