{"id":130890,"date":"2026-07-18T14:53:39","date_gmt":"2026-07-18T20:53:39","guid":{"rendered":"https:\/\/diarioavanzada.com.mx\/?p=130890"},"modified":"2026-07-18T14:53:43","modified_gmt":"2026-07-18T20:53:43","slug":"el-guardian-del-mas-alla-asi-era-el-perro-sagrado-de-las-tumbas-de-tiro-en-colima","status":"publish","type":"post","link":"https:\/\/diarioavanzada.com.mx\/?p=130890","title":{"rendered":"El guardi\u00e1n del m\u00e1s all\u00e1: as\u00ed era el perro sagrado de las tumbas de tiro en Colima"},"content":{"rendered":"\n<p class=\"wp-block-paragraph\">M\u00e9xico, Avanzada (18\/07\/2026).- El Instituto Nacional de Antropolog\u00eda e Historia (INAH) comparti\u00f3 a trav\u00e9s de sus redes sociales una serie de fotograf\u00edas de una escultura de perro xoloitzcuintle proveniente de Colima, pieza que \u2014seg\u00fan explic\u00f3 la instituci\u00f3n\u2014 ofrece una ventana al arte cer\u00e1mico desarrollado en el antiguo Occidente de M\u00e9xico.<\/p>\n\n\n\n<p class=\"wp-block-paragraph\">La figura, elaborada en cer\u00e1mica, pertenece al estilo Comala, tradici\u00f3n que se ubica cronol\u00f3gicamente entre el a\u00f1o 300 a.C. y el 600 d.C. Esta pieza forma parte del complejo cultural de las tumbas de tiro, una de las expresiones m\u00e1s representativas de las sociedades que habitaron la regi\u00f3n occidental del pa\u00eds. De acuerdo con el INAH, las superficies pulidas, los tonos rojizos y el modelado naturalista son rasgos caracter\u00edsticos de la cer\u00e1mica producida en el actual territorio de Colima.<\/p>\n\n\n\n<p class=\"wp-block-paragraph\">La instituci\u00f3n detall\u00f3 que las representaciones de perros son un elemento recurrente en los contextos funerarios asociados a esta tradici\u00f3n. Las excavaciones arqueol\u00f3gicas realizadas en la zona han permitido documentar tanto esculturas de cer\u00e1mica como restos \u00f3seos de estos animales, depositados directamente en las tumbas, lo que da cuenta de la relevancia que tuvieron dentro de las pr\u00e1cticas rituales de las sociedades prehisp\u00e1nicas del Occidente mexicano.<\/p>\n\n\n\n<p class=\"wp-block-paragraph\">Sobre el significado simb\u00f3lico de estas piezas, el INAH se\u00f1al\u00f3 que, de acuerdo con diversas fuentes hist\u00f3ricas y arqueol\u00f3gicas, el perro era considerado en la cosmovisi\u00f3n mesoamericana un compa\u00f1ero del ser humano y un gu\u00eda en el tr\u00e1nsito hacia el inframundo. Esta dimensi\u00f3n simb\u00f3lica explicar\u00eda su presencia constante entre las ofrendas funerarias, junto con otros objetos como vasijas e instrumentos musicales, destinados a acompa\u00f1ar a los difuntos en su viaje.<\/p>\n\n\n\n<p class=\"wp-block-paragraph\">Finalmente, la instituci\u00f3n destac\u00f3 que esta escultura es tambi\u00e9n un testimonio del alto nivel t\u00e9cnico y est\u00e9tico alcanzado por los ceramistas de la antigua Colima. El modelado naturalista, el cuidado en las proporciones y la expresividad de la figura reflejan, seg\u00fan el INAH, una tradici\u00f3n art\u00edstica que distingui\u00f3 a las sociedades del Occidente de M\u00e9xico.<\/p>\n\n\n\n<figure class=\"wp-block-image size-large\"><img loading=\"lazy\" decoding=\"async\" width=\"1024\" height=\"681\" src=\"https:\/\/diarioavanzada.com.mx\/wp-content\/uploads\/2026\/07\/image-41-1024x681.png\" alt=\"\" class=\"wp-image-130896\" srcset=\"https:\/\/diarioavanzada.com.mx\/wp-content\/uploads\/2026\/07\/image-41-1024x681.png 1024w, https:\/\/diarioavanzada.com.mx\/wp-content\/uploads\/2026\/07\/image-41-300x200.png 300w, https:\/\/diarioavanzada.com.mx\/wp-content\/uploads\/2026\/07\/image-41-768x511.png 768w, https:\/\/diarioavanzada.com.mx\/wp-content\/uploads\/2026\/07\/image-41-1536x1022.png 1536w, https:\/\/diarioavanzada.com.mx\/wp-content\/uploads\/2026\/07\/image-41-1200x798.png 1200w, https:\/\/diarioavanzada.com.mx\/wp-content\/uploads\/2026\/07\/image-41.png 2048w\" sizes=\"auto, (max-width: 1024px) 100vw, 1024px\" \/><\/figure>\n\n\n\n<figure class=\"wp-block-image size-large\"><img loading=\"lazy\" decoding=\"async\" width=\"1024\" height=\"681\" src=\"https:\/\/diarioavanzada.com.mx\/wp-content\/uploads\/2026\/07\/image-42-1024x681.png\" alt=\"\" class=\"wp-image-130898\" srcset=\"https:\/\/diarioavanzada.com.mx\/wp-content\/uploads\/2026\/07\/image-42-1024x681.png 1024w, https:\/\/diarioavanzada.com.mx\/wp-content\/uploads\/2026\/07\/image-42-300x200.png 300w, https:\/\/diarioavanzada.com.mx\/wp-content\/uploads\/2026\/07\/image-42-768x511.png 768w, https:\/\/diarioavanzada.com.mx\/wp-content\/uploads\/2026\/07\/image-42-1536x1022.png 1536w, https:\/\/diarioavanzada.com.mx\/wp-content\/uploads\/2026\/07\/image-42-1200x798.png 1200w, https:\/\/diarioavanzada.com.mx\/wp-content\/uploads\/2026\/07\/image-42.png 2048w\" sizes=\"auto, (max-width: 1024px) 100vw, 1024px\" \/><\/figure>\n<div class=\"fb-background-color\">\n\t\t\t  <div \n\t\t\t  \tclass = \"fb-comments\" \n\t\t\t  \tdata-href = \"https:\/\/diarioavanzada.com.mx\/?p=130890\"\n\t\t\t  \tdata-numposts = \"10\"\n\t\t\t  \tdata-lazy = \"true\"\n\t\t\t\tdata-colorscheme = \"light\"\n\t\t\t\tdata-order-by = \"social\"\n\t\t\t\tdata-mobile=true>\n\t\t\t  <\/div><\/div>\n\t\t  <style>\n\t\t    .fb-background-color {\n\t\t\t\tbackground:  !important;\n\t\t\t}\n\t\t\t.fb_iframe_widget_fluid_desktop iframe {\n\t\t\t    width: 100% !important;\n\t\t\t}\n\t\t  <\/style>\n\t\t  ","protected":false},"excerpt":{"rendered":"<p>M\u00e9xico, Avanzada (18\/07\/2026).- El Instituto Nacional de Antropolog\u00eda e Historia (INAH) comparti\u00f3 a trav\u00e9s de sus redes sociales una serie de fotograf\u00edas de una escultura de perro xoloitzcuintle proveniente de Colima, pieza que \u2014seg\u00fan explic\u00f3 la instituci\u00f3n\u2014 ofrece una ventana al arte cer\u00e1mico desarrollado en el antiguo Occidente de M\u00e9xico. La figura, elaborada en cer\u00e1mica, [&hellip;]<\/p>\n","protected":false},"author":7,"featured_media":130894,"comment_status":"closed","ping_status":"closed","sticky":false,"template":"","format":"standard","meta":{"_coblocks_attr":"","_coblocks_dimensions":"","_coblocks_responsive_height":"","_coblocks_accordion_ie_support":"","advanced_seo_description":"","jetpack_seo_html_title":"","jetpack_seo_noindex":false,"jetpack_seo_schema_type":"","_jetpack_newsletter_access":"","_jetpack_dont_email_post_to_subs":false,"_jetpack_newsletter_tier_id":0,"_jetpack_memberships_contains_paywalled_content":false,"_wpcom_ai_launchpad_first_post":false,"_jetpack_feature_clip_id":0,"_jetpack_memberships_contains_paid_content":false,"footnotes":"","jetpack_post_was_ever_published":false},"categories":[19,25,297,1,209,7,29],"tags":[210],"class_list":["post-130890","post","type-post","status-publish","format-standard","has-post-thumbnail","hentry","category-colima","category-cultura","category-fotonotas-y-videos","category-general","category-importantes","category-noticias","category-sociedad","tag-portada"],"jetpack-related-posts":[],"jetpack_sharing_enabled":true,"amp_enabled":true,"jetpack_featured_media_url":"https:\/\/diarioavanzada.com.mx\/wp-content\/uploads\/2026\/07\/image-40.png","_links":{"self":[{"href":"https:\/\/diarioavanzada.com.mx\/index.php?rest_route=\/wp\/v2\/posts\/130890","targetHints":{"allow":["GET"]}}],"collection":[{"href":"https:\/\/diarioavanzada.com.mx\/index.php?rest_route=\/wp\/v2\/posts"}],"about":[{"href":"https:\/\/diarioavanzada.com.mx\/index.php?rest_route=\/wp\/v2\/types\/post"}],"author":[{"embeddable":true,"href":"https:\/\/diarioavanzada.com.mx\/index.php?rest_route=\/wp\/v2\/users\/7"}],"replies":[{"embeddable":true,"href":"https:\/\/diarioavanzada.com.mx\/index.php?rest_route=%2Fwp%2Fv2%2Fcomments&post=130890"}],"version-history":[{"count":6,"href":"https:\/\/diarioavanzada.com.mx\/index.php?rest_route=\/wp\/v2\/posts\/130890\/revisions"}],"predecessor-version":[{"id":130904,"href":"https:\/\/diarioavanzada.com.mx\/index.php?rest_route=\/wp\/v2\/posts\/130890\/revisions\/130904"}],"wp:featuredmedia":[{"embeddable":true,"href":"https:\/\/diarioavanzada.com.mx\/index.php?rest_route=\/wp\/v2\/media\/130894"}],"wp:attachment":[{"href":"https:\/\/diarioavanzada.com.mx\/index.php?rest_route=%2Fwp%2Fv2%2Fmedia&parent=130890"}],"wp:term":[{"taxonomy":"category","embeddable":true,"href":"https:\/\/diarioavanzada.com.mx\/index.php?rest_route=%2Fwp%2Fv2%2Fcategories&post=130890"},{"taxonomy":"post_tag","embeddable":true,"href":"https:\/\/diarioavanzada.com.mx\/index.php?rest_route=%2Fwp%2Fv2%2Ftags&post=130890"}],"curies":[{"name":"wp","href":"https:\/\/api.w.org\/{rel}","templated":true}]}}