{"id":130575,"date":"2026-07-13T17:55:10","date_gmt":"2026-07-13T23:55:10","guid":{"rendered":"https:\/\/diarioavanzada.com.mx\/?p=130575"},"modified":"2026-07-13T17:55:10","modified_gmt":"2026-07-13T23:55:10","slug":"gobernadora-de-baja-california-rechaza-acusaciones-tras-difusion-de-nuevo-audio","status":"publish","type":"post","link":"https:\/\/diarioavanzada.com.mx\/?p=130575","title":{"rendered":"Gobernadora de Baja California rechaza acusaciones tras difusi\u00f3n de nuevo audio"},"content":{"rendered":"\n<p class=\"p1 wp-block-paragraph\">M\u00e9xico, Avanzada (13\/07\/2026).- La gobernadora de Baja California, Marina del Pilar \u00c1vila Olmeda, respondi\u00f3 al audio difundido este lunes por el periodista H\u00e9ctor de Maule\u00f3n y asegur\u00f3 que la grabaci\u00f3n corresponde a fragmentos de una conversaci\u00f3n privada sostenida con personas que se presentaron como agentes o intermediarios de autoridades estadounidenses, pero que nunca acreditaron formalmente esa representaci\u00f3n.<\/p>\n\n\n\n<p class=\"p1 wp-block-paragraph\">Mediante un posicionamiento oficial, la mandataria estatal se\u00f1al\u00f3 que durante esa conversaci\u00f3n los interlocutores plantearon diversos escenarios legales sin exhibir documentos, identificaciones o requerimientos oficiales que respaldaran sus afirmaciones, por lo que sostuvo que cualquier asunto de esa naturaleza deb\u00eda atenderse exclusivamente por las v\u00edas legales e institucionales.<\/p>\n\n\n\n<p class=\"p1 wp-block-paragraph\">Marina del Pilar afirm\u00f3 que se encuentra tranquila y con plena disposici\u00f3n para aclarar cualquier situaci\u00f3n que sea planteada formalmente por las autoridades competentes, al asegurar que no existe ning\u00fan acto irregular que ocultar.<\/p>\n\n\n\n<p class=\"p1 wp-block-paragraph\">Asimismo, explic\u00f3 que las referencias hechas durante la conversaci\u00f3n sobre cooperaci\u00f3n e intercambio de informaci\u00f3n corresponden \u00fanicamente a la coordinaci\u00f3n institucional que Baja California mantiene con autoridades de M\u00e9xico y Estados Unidos en materia de seguridad, debido a su condici\u00f3n de entidad fronteriza.<\/p>\n\n\n\n<p class=\"p1 wp-block-paragraph\">Precis\u00f3 que esa colaboraci\u00f3n se desarrolla dentro del marco legal, mediante canales oficiales y con pleno respeto a las atribuciones de cada instituci\u00f3n, bajo el principio de <em>\u201ccoordinaci\u00f3n y comunicaci\u00f3n, pero no subordinaci\u00f3n\u201d.<\/em><\/p>\n\n\n\n<p class=\"p1 wp-block-paragraph\">La gobernadora tambi\u00e9n rechaz\u00f3 las interpretaciones derivadas de fragmentos aislados de la conversaci\u00f3n y reiter\u00f3 que continuar\u00e1 enfocada en las labores de seguridad, bienestar y tranquilidad de las familias bajacalifornianas.<\/p>\n\n\n\n<p class=\"p1 wp-block-paragraph\">El pronunciamiento se dio horas despu\u00e9s de que H\u00e9ctor de Maule\u00f3n publicara en El Universal una columna en la que difundi\u00f3 un nuevo audio atribuido a una conversaci\u00f3n entre la gobernadora y un supuesto intermediario de autoridades estadounidenses. En esa grabaci\u00f3n, seg\u00fan la publicaci\u00f3n, \u00c1vila Olmeda expresa su disposici\u00f3n a colaborar con el FBI y a compartir informaci\u00f3n relacionada con las mesas de seguridad, adem\u00e1s de manifestar preocupaci\u00f3n por una eventual extradici\u00f3n. El periodista sostiene que el contenido del audio contradice declaraciones previas de la mandataria, quien hab\u00eda negado sostener negociaciones \u201cen lo oscurito\u201d con autoridades de Estados Unidos.<\/p>\n<div class=\"fb-background-color\">\n\t\t\t  <div \n\t\t\t  \tclass = \"fb-comments\" \n\t\t\t  \tdata-href = \"https:\/\/diarioavanzada.com.mx\/?p=130575\"\n\t\t\t  \tdata-numposts = \"10\"\n\t\t\t  \tdata-lazy = \"true\"\n\t\t\t\tdata-colorscheme = \"light\"\n\t\t\t\tdata-order-by = \"social\"\n\t\t\t\tdata-mobile=true>\n\t\t\t  <\/div><\/div>\n\t\t  <style>\n\t\t    .fb-background-color {\n\t\t\t\tbackground:  !important;\n\t\t\t}\n\t\t\t.fb_iframe_widget_fluid_desktop iframe {\n\t\t\t    width: 100% !important;\n\t\t\t}\n\t\t  <\/style>\n\t\t  ","protected":false},"excerpt":{"rendered":"<p>M\u00e9xico, Avanzada (13\/07\/2026).- La gobernadora de Baja California, Marina del Pilar \u00c1vila Olmeda, respondi\u00f3 al audio difundido este lunes por el periodista H\u00e9ctor de Maule\u00f3n y asegur\u00f3 que la grabaci\u00f3n corresponde a fragmentos de una conversaci\u00f3n privada sostenida con personas que se presentaron como agentes o intermediarios de autoridades estadounidenses, pero que nunca acreditaron formalmente [&hellip;]<\/p>\n","protected":false},"author":7,"featured_media":130574,"comment_status":"closed","ping_status":"closed","sticky":false,"template":"","format":"standard","meta":{"_coblocks_attr":"","_coblocks_dimensions":"","_coblocks_responsive_height":"","_coblocks_accordion_ie_support":"","advanced_seo_description":"","jetpack_seo_html_title":"","jetpack_seo_noindex":false,"jetpack_seo_schema_type":"","_jetpack_newsletter_access":"","_jetpack_dont_email_post_to_subs":false,"_jetpack_newsletter_tier_id":0,"_jetpack_memberships_contains_paywalled_content":false,"_wpcom_ai_launchpad_first_post":false,"_jetpack_feature_clip_id":0,"_jetpack_memberships_contains_paid_content":false,"footnotes":"","jetpack_post_was_ever_published":false},"categories":[1,209,22,7,231,29],"tags":[210],"class_list":["post-130575","post","type-post","status-publish","format-standard","has-post-thumbnail","hentry","category-general","category-importantes","category-nacion","category-noticias","category-seguridad","category-sociedad","tag-portada"],"jetpack-related-posts":[],"jetpack_sharing_enabled":true,"amp_enabled":true,"jetpack_featured_media_url":"https:\/\/diarioavanzada.com.mx\/wp-content\/uploads\/2026\/07\/img_2695.jpg","_links":{"self":[{"href":"https:\/\/diarioavanzada.com.mx\/index.php?rest_route=\/wp\/v2\/posts\/130575","targetHints":{"allow":["GET"]}}],"collection":[{"href":"https:\/\/diarioavanzada.com.mx\/index.php?rest_route=\/wp\/v2\/posts"}],"about":[{"href":"https:\/\/diarioavanzada.com.mx\/index.php?rest_route=\/wp\/v2\/types\/post"}],"author":[{"embeddable":true,"href":"https:\/\/diarioavanzada.com.mx\/index.php?rest_route=\/wp\/v2\/users\/7"}],"replies":[{"embeddable":true,"href":"https:\/\/diarioavanzada.com.mx\/index.php?rest_route=%2Fwp%2Fv2%2Fcomments&post=130575"}],"version-history":[{"count":0,"href":"https:\/\/diarioavanzada.com.mx\/index.php?rest_route=\/wp\/v2\/posts\/130575\/revisions"}],"wp:featuredmedia":[{"embeddable":true,"href":"https:\/\/diarioavanzada.com.mx\/index.php?rest_route=\/wp\/v2\/media\/130574"}],"wp:attachment":[{"href":"https:\/\/diarioavanzada.com.mx\/index.php?rest_route=%2Fwp%2Fv2%2Fmedia&parent=130575"}],"wp:term":[{"taxonomy":"category","embeddable":true,"href":"https:\/\/diarioavanzada.com.mx\/index.php?rest_route=%2Fwp%2Fv2%2Fcategories&post=130575"},{"taxonomy":"post_tag","embeddable":true,"href":"https:\/\/diarioavanzada.com.mx\/index.php?rest_route=%2Fwp%2Fv2%2Ftags&post=130575"}],"curies":[{"name":"wp","href":"https:\/\/api.w.org\/{rel}","templated":true}]}}