{"id":130214,"date":"2026-07-07T14:51:37","date_gmt":"2026-07-07T20:51:37","guid":{"rendered":"https:\/\/diarioavanzada.com.mx\/?p=130214"},"modified":"2026-07-07T14:53:54","modified_gmt":"2026-07-07T20:53:54","slug":"toyota-trasladara-la-produccion-de-la-tacoma-de-tijuana-a-texas","status":"publish","type":"post","link":"https:\/\/diarioavanzada.com.mx\/?p=130214","title":{"rendered":"Toyota trasladar\u00e1 la producci\u00f3n de la Tacoma de Tijuana a Texas"},"content":{"rendered":"\n<p class=\"wp-block-paragraph\">M\u00e9xico, Avanzada (07\/07\/2026).\u2014 La empresa automotriz japonesa Toyota reorganizar\u00e1 sus operaciones manufactureras en Norteam\u00e9rica, un movimiento que incluye el traslado paulatino de la producci\u00f3n de su camioneta Tacoma desde su planta fronteriza en Tijuana, Baja California, hacia las instalaciones de San Antonio, Texas, en Estados Unidos.<\/p>\n\n\n\n<p class=\"wp-block-paragraph\">La Secretar\u00eda de Econom\u00eda de M\u00e9xico y la directiva de Toyota Motor North America confirmaron que este proceso de transici\u00f3n ser\u00e1 gradual y se proyecta concluya de manera definitiva en el a\u00f1o 2030, descartando con ello un cese inmediato de las operaciones en la frontera norte del pa\u00eds.<\/p>\n\n\n\n<p class=\"wp-block-paragraph\">Para concretar esta reestructuraci\u00f3n, la firma nipona destinar\u00e1 una inversi\u00f3n de 3,600 millones de d\u00f3lares en el complejo estadounidense de Texas, donde se habilitar\u00e1 una nueva l\u00ednea de montaje que asumir\u00e1 la carga laboral que actualmente se genera en el territorio bajacaliforniano.<\/p>\n\n\n\n<p class=\"wp-block-paragraph\">Respecto al futuro de las instalaciones en Tijuana, los directivos de la corporaci\u00f3n notificaron a la presidenta Claudia Sheinbaum que ya eval\u00faan la asignaci\u00f3n de nuevos proyectos, componentes o l\u00edneas de manufactura sustitutas para asegurar la viabilidad de la planta a largo plazo y la preservaci\u00f3n de las fuentes de empleo locales tras el horizonte de 2030.<\/p>\n\n\n\n<p class=\"wp-block-paragraph\">Por otra parte, se ratific\u00f3 que la planta ubicada en Apaseo el Grande, Guanajuato, mantendr\u00e1 sus operaciones de ensamblaje del modelo Tacoma con total normalidad, blindando la continuidad de sus 2,800 puestos de trabajo directos.<\/p>\n\n\n\n<p class=\"wp-block-paragraph\">Aunque el corporativo automotriz atribuy\u00f3 formalmente la decisi\u00f3n a una estrategia de optimizaci\u00f3n global y competitividad en la regi\u00f3n, el anuncio coincidi\u00f3 con declaraciones emitidas desde la Casa Blanca por el presidente Donald Trump, quien adjudic\u00f3 la relocalizaci\u00f3n fabril a la presi\u00f3n ejercida por sus recientes propuestas en materia de pol\u00edtica arancelaria.<\/p>\n<div class=\"fb-background-color\">\n\t\t\t  <div \n\t\t\t  \tclass = \"fb-comments\" \n\t\t\t  \tdata-href = \"https:\/\/diarioavanzada.com.mx\/?p=130214\"\n\t\t\t  \tdata-numposts = \"10\"\n\t\t\t  \tdata-lazy = \"true\"\n\t\t\t\tdata-colorscheme = \"light\"\n\t\t\t\tdata-order-by = \"social\"\n\t\t\t\tdata-mobile=true>\n\t\t\t  <\/div><\/div>\n\t\t  <style>\n\t\t    .fb-background-color {\n\t\t\t\tbackground:  !important;\n\t\t\t}\n\t\t\t.fb_iframe_widget_fluid_desktop iframe {\n\t\t\t    width: 100% !important;\n\t\t\t}\n\t\t  <\/style>\n\t\t  ","protected":false},"excerpt":{"rendered":"<p>M\u00e9xico, Avanzada (07\/07\/2026).\u2014 La empresa automotriz japonesa Toyota reorganizar\u00e1 sus operaciones manufactureras en Norteam\u00e9rica, un movimiento que incluye el traslado paulatino de la producci\u00f3n de su camioneta Tacoma desde su planta fronteriza en Tijuana, Baja California, hacia las instalaciones de San Antonio, Texas, en Estados Unidos. La Secretar\u00eda de Econom\u00eda de M\u00e9xico y la directiva [&hellip;]<\/p>\n","protected":false},"author":7,"featured_media":130213,"comment_status":"closed","ping_status":"closed","sticky":false,"template":"","format":"standard","meta":{"_coblocks_attr":"","_coblocks_dimensions":"","_coblocks_responsive_height":"","_coblocks_accordion_ie_support":"","advanced_seo_description":"","jetpack_seo_html_title":"","jetpack_seo_noindex":false,"jetpack_seo_schema_type":"","_jetpack_newsletter_access":"","_jetpack_dont_email_post_to_subs":false,"_jetpack_newsletter_tier_id":0,"_jetpack_memberships_contains_paywalled_content":false,"_wpcom_ai_launchpad_first_post":false,"_jetpack_feature_clip_id":0,"_jetpack_memberships_contains_paid_content":false,"footnotes":"","jetpack_post_was_ever_published":false},"categories":[1,209,22,7,29],"tags":[],"class_list":["post-130214","post","type-post","status-publish","format-standard","has-post-thumbnail","hentry","category-general","category-importantes","category-nacion","category-noticias","category-sociedad"],"jetpack-related-posts":[],"jetpack_sharing_enabled":true,"amp_enabled":true,"jetpack_featured_media_url":"https:\/\/diarioavanzada.com.mx\/wp-content\/uploads\/2026\/07\/img_2940.png","_links":{"self":[{"href":"https:\/\/diarioavanzada.com.mx\/index.php?rest_route=\/wp\/v2\/posts\/130214","targetHints":{"allow":["GET"]}}],"collection":[{"href":"https:\/\/diarioavanzada.com.mx\/index.php?rest_route=\/wp\/v2\/posts"}],"about":[{"href":"https:\/\/diarioavanzada.com.mx\/index.php?rest_route=\/wp\/v2\/types\/post"}],"author":[{"embeddable":true,"href":"https:\/\/diarioavanzada.com.mx\/index.php?rest_route=\/wp\/v2\/users\/7"}],"replies":[{"embeddable":true,"href":"https:\/\/diarioavanzada.com.mx\/index.php?rest_route=%2Fwp%2Fv2%2Fcomments&post=130214"}],"version-history":[{"count":1,"href":"https:\/\/diarioavanzada.com.mx\/index.php?rest_route=\/wp\/v2\/posts\/130214\/revisions"}],"predecessor-version":[{"id":130215,"href":"https:\/\/diarioavanzada.com.mx\/index.php?rest_route=\/wp\/v2\/posts\/130214\/revisions\/130215"}],"wp:featuredmedia":[{"embeddable":true,"href":"https:\/\/diarioavanzada.com.mx\/index.php?rest_route=\/wp\/v2\/media\/130213"}],"wp:attachment":[{"href":"https:\/\/diarioavanzada.com.mx\/index.php?rest_route=%2Fwp%2Fv2%2Fmedia&parent=130214"}],"wp:term":[{"taxonomy":"category","embeddable":true,"href":"https:\/\/diarioavanzada.com.mx\/index.php?rest_route=%2Fwp%2Fv2%2Fcategories&post=130214"},{"taxonomy":"post_tag","embeddable":true,"href":"https:\/\/diarioavanzada.com.mx\/index.php?rest_route=%2Fwp%2Fv2%2Ftags&post=130214"}],"curies":[{"name":"wp","href":"https:\/\/api.w.org\/{rel}","templated":true}]}}