{"id":129337,"date":"2026-06-30T08:11:11","date_gmt":"2026-06-30T14:11:11","guid":{"rendered":"https:\/\/diarioavanzada.com.mx\/?p=129337"},"modified":"2026-06-30T08:15:04","modified_gmt":"2026-06-30T14:15:04","slug":"ecuador-pide-almohada-y-mexico-le-da-matraca","status":"publish","type":"post","link":"https:\/\/diarioavanzada.com.mx\/?p=129337","title":{"rendered":"Ecuador pide almohada y M\u00e9xico le da matraca"},"content":{"rendered":"\n<p class=\"wp-block-paragraph\">M\u00e9xico, Avanzada (30\/06\/2026).- Decenas de aficionados de la selecci\u00f3n mexicana de f\u00fatbol se congregaron la noche de este lunes y las primeras horas del martes a las afueras del hotel de concentraci\u00f3n de Ecuador, ubicado en la zona de Santa Fe, con el objetivo de brindar una &#8220;serenata&#8221; al conjunto sudamericano previo a su crucial enfrentamiento en los dieciseisavos de final del Mundial.<\/p>\n\n\n\n<p class=\"wp-block-paragraph\">La movilizaci\u00f3n, que comenz\u00f3 alrededor de las 22:00 horas sobre la avenida Javier Barros Sierra, transform\u00f3 las inmediaciones del hotel en una aut\u00e9ntica fiesta de folclore futbol\u00edstico. Con el uso de bocinas port\u00e1tiles de alta potencia, acelerones de motocicletas, trompetas, matracas y c\u00e1nticos locales, los seguidores locales armaron el jolgorio.<\/p>\n\n\n\n<p class=\"wp-block-paragraph\">Ante las quejas del personal hotelero y vecinos de la zona residencial, elementos de la Secretar\u00eda de Seguridad Ciudadana (SSC) de la Ciudad de M\u00e9xico arribaron al lugar cerca de la 1:00 de la ma\u00f1ana para dispersar a la multitud. Aunque el grueso del contingente se retir\u00f3 tras la intervenci\u00f3n policial, peque\u00f1os grupos de aficionados permanecieron en los alrededores durante la madrugada de este martes.<\/p>\n\n\n\n<p class=\"wp-block-paragraph\">El partido de dieciseisavos de final, que ha encendido las pasiones de ambas aficiones, se disputar\u00e1 bajo estrictas medidas de seguridad para garantizar la integridad de los planteles y los asistentes.<\/p>\n\n\n\n<figure class=\"wp-block-video wp-block-embed is-type-video is-provider-videopress\"><div class=\"wp-block-embed__wrapper\">\n<iframe loading=\"lazy\" title=\"VideoPress Video Player\" aria-label=\"VideoPress Video Player\" width=\"562\" height=\"1000\" src=\"https:\/\/videopress.com\/embed\/9nLD0Fz8?cover=1&amp;preloadContent=metadata&amp;useAverageColor=1&amp;hd=0\" frameborder=\"0\" allowfullscreen data-resize-to-parent=\"true\" allow=\"clipboard-write\"><\/iframe><script src='https:\/\/v0.wordpress.com\/js\/next\/videopress-iframe.js?m=1770107250'><\/script>\n<\/div><\/figure>\n<div class=\"fb-background-color\">\n\t\t\t  <div \n\t\t\t  \tclass = \"fb-comments\" \n\t\t\t  \tdata-href = \"https:\/\/diarioavanzada.com.mx\/?p=129337\"\n\t\t\t  \tdata-numposts = \"10\"\n\t\t\t  \tdata-lazy = \"true\"\n\t\t\t\tdata-colorscheme = \"light\"\n\t\t\t\tdata-order-by = \"social\"\n\t\t\t\tdata-mobile=true>\n\t\t\t  <\/div><\/div>\n\t\t  <style>\n\t\t    .fb-background-color {\n\t\t\t\tbackground:  !important;\n\t\t\t}\n\t\t\t.fb_iframe_widget_fluid_desktop iframe {\n\t\t\t    width: 100% !important;\n\t\t\t}\n\t\t  <\/style>\n\t\t  ","protected":false},"excerpt":{"rendered":"<p>M\u00e9xico, Avanzada (30\/06\/2026).- Decenas de aficionados de la selecci\u00f3n mexicana de f\u00fatbol se congregaron la noche de este lunes y las primeras horas del martes a las afueras del hotel de concentraci\u00f3n de Ecuador, ubicado en la zona de Santa Fe, con el objetivo de brindar una &#8220;serenata&#8221; al conjunto sudamericano previo a su crucial [&hellip;]<\/p>\n","protected":false},"author":7,"featured_media":129336,"comment_status":"closed","ping_status":"closed","sticky":false,"template":"","format":"standard","meta":{"_coblocks_attr":"","_coblocks_dimensions":"","_coblocks_responsive_height":"","_coblocks_accordion_ie_support":"","advanced_seo_description":"","jetpack_seo_html_title":"","jetpack_seo_noindex":false,"jetpack_seo_schema_type":"","_jetpack_newsletter_access":"","_jetpack_dont_email_post_to_subs":false,"_jetpack_newsletter_tier_id":0,"_jetpack_memberships_contains_paywalled_content":false,"_wpcom_ai_launchpad_first_post":false,"_jetpack_feature_clip_id":0,"_jetpack_memberships_contains_paid_content":false,"footnotes":"","jetpack_post_was_ever_published":false},"categories":[1,209,22,7,29],"tags":[210],"class_list":["post-129337","post","type-post","status-publish","format-standard","has-post-thumbnail","hentry","category-general","category-importantes","category-nacion","category-noticias","category-sociedad","tag-portada"],"jetpack-related-posts":[],"jetpack_sharing_enabled":true,"amp_enabled":true,"jetpack_featured_media_url":"https:\/\/diarioavanzada.com.mx\/wp-content\/uploads\/2026\/06\/img_2859.jpg","_links":{"self":[{"href":"https:\/\/diarioavanzada.com.mx\/index.php?rest_route=\/wp\/v2\/posts\/129337","targetHints":{"allow":["GET"]}}],"collection":[{"href":"https:\/\/diarioavanzada.com.mx\/index.php?rest_route=\/wp\/v2\/posts"}],"about":[{"href":"https:\/\/diarioavanzada.com.mx\/index.php?rest_route=\/wp\/v2\/types\/post"}],"author":[{"embeddable":true,"href":"https:\/\/diarioavanzada.com.mx\/index.php?rest_route=\/wp\/v2\/users\/7"}],"replies":[{"embeddable":true,"href":"https:\/\/diarioavanzada.com.mx\/index.php?rest_route=%2Fwp%2Fv2%2Fcomments&post=129337"}],"version-history":[{"count":4,"href":"https:\/\/diarioavanzada.com.mx\/index.php?rest_route=\/wp\/v2\/posts\/129337\/revisions"}],"predecessor-version":[{"id":129346,"href":"https:\/\/diarioavanzada.com.mx\/index.php?rest_route=\/wp\/v2\/posts\/129337\/revisions\/129346"}],"wp:featuredmedia":[{"embeddable":true,"href":"https:\/\/diarioavanzada.com.mx\/index.php?rest_route=\/wp\/v2\/media\/129336"}],"wp:attachment":[{"href":"https:\/\/diarioavanzada.com.mx\/index.php?rest_route=%2Fwp%2Fv2%2Fmedia&parent=129337"}],"wp:term":[{"taxonomy":"category","embeddable":true,"href":"https:\/\/diarioavanzada.com.mx\/index.php?rest_route=%2Fwp%2Fv2%2Fcategories&post=129337"},{"taxonomy":"post_tag","embeddable":true,"href":"https:\/\/diarioavanzada.com.mx\/index.php?rest_route=%2Fwp%2Fv2%2Ftags&post=129337"}],"curies":[{"name":"wp","href":"https:\/\/api.w.org\/{rel}","templated":true}]}}