{"id":12894,"date":"2020-05-27T09:08:02","date_gmt":"2020-05-27T14:08:02","guid":{"rendered":"https:\/\/diarioavanzada.com.mx\/?p=12894"},"modified":"2020-05-27T09:09:24","modified_gmt":"2020-05-27T14:09:24","slug":"la-semana-pasada-no-se-le-aplico-quimioterapia-a-mi-nina-por-desabasto-en-cancerologia","status":"publish","type":"post","link":"https:\/\/diarioavanzada.com.mx\/?p=12894","title":{"rendered":"La semana pasada no se le aplic\u00f3 quimioterapia a mi ni\u00f1a&#8230; por desabasto en Cancerolog\u00eda"},"content":{"rendered":"\n<p class=\"wp-block-paragraph\">Colima, M\u00e9xico, Avanzada (27\/05\/2020).- Norma Adriana Carrasco Chocotero solicit\u00f3 a las autoridades del Sector Salud a no olvidarse de los ni\u00f1os con c\u00e1ncer y por el contrario, garantizarles los medicamentos que requieren para sus quimioterapias.<\/p>\n\n\n\n<p class=\"wp-block-paragraph\">La madre de familia de una menor de 9 a\u00f1os que padece Leucemia, explic\u00f3 que desde hace m\u00e1s de un mes existe un desabasto de medicamentos oncol\u00f3gicos en el Instituto Estatal de Cancerolog\u00eda, lo que est\u00e1 impidiendo que los menores reciban las quimioterapias completas.<\/p>\n\n\n\n<p class=\"wp-block-paragraph\">Indic\u00f3 que en su caso,&nbsp;su hija Ariana est\u00e1 a punto de concluir el tratamiento de quimioterapias, que despu\u00e9s le permitir\u00e1 avanzar a la etapa de vigilancia m\u00e9dica con la finalidad de saber si venci\u00f3 el c\u00e1ncer que padece.<\/p>\n\n\n\n<p class=\"wp-block-paragraph\">\u201cMi ni\u00f1a est\u00e1 en la semana 110 de 120. La semana pasada no se le aplic\u00f3 una quimioterapia y no me gustar\u00eda que las fuera perdiendo porque ya vamos tan avanzados. Por eso pido a la autoridad que nos apoye para hacer las gestiones y se les otorgue el medicamento\u201d.<\/p>\n\n\n\n<p class=\"wp-block-paragraph\">La madre de familia refiri\u00f3 que los propios padres de los menores con c\u00e1ncer, en las \u00faltimas semanas han tenido que solventar los costos de las quimioterapias: La ciclofosfamida tiene&nbsp;un costo de 6 mil 652 pesos y la vicristina de 2 mil 600 pesos.<\/p>\n\n\n\n<p class=\"wp-block-paragraph\">\u201cEstamos desesperados. AMANC nos ayuda con un porcentaje y el resto tenemos que pagarlo nosotros. Mi esposo gana mil 600 pesos a la semana y apenas pagu\u00e9 el dinero que ped\u00eda prestado para los medicamentos anteriores y otra vez, debo ir a pedir\u201d.<\/p>\n\n\n\n<p class=\"wp-block-paragraph\">Record\u00f3 que hace un mes protestaron, pero la Secretar\u00eda de Salud en Colima no solucion\u00f3 el problema de desabasto, \u201cojal\u00e1 y nos ayuden porque estamos desesperados y preocupados por la falta de medicamento y de dinero\u201d, concluy\u00f3.<\/p>\n<div class=\"fb-background-color\">\n\t\t\t  <div \n\t\t\t  \tclass = \"fb-comments\" \n\t\t\t  \tdata-href = \"https:\/\/diarioavanzada.com.mx\/?p=12894\"\n\t\t\t  \tdata-numposts = \"10\"\n\t\t\t  \tdata-lazy = \"true\"\n\t\t\t\tdata-colorscheme = \"light\"\n\t\t\t\tdata-order-by = \"social\"\n\t\t\t\tdata-mobile=true>\n\t\t\t  <\/div><\/div>\n\t\t  <style>\n\t\t    .fb-background-color {\n\t\t\t\tbackground:  !important;\n\t\t\t}\n\t\t\t.fb_iframe_widget_fluid_desktop iframe {\n\t\t\t    width: 100% !important;\n\t\t\t}\n\t\t  <\/style>\n\t\t  ","protected":false},"excerpt":{"rendered":"<p>Colima, M\u00e9xico, Avanzada (27\/05\/2020).- Norma Adriana Carrasco Chocotero solicit\u00f3 a las autoridades del Sector Salud a no olvidarse de los ni\u00f1os con c\u00e1ncer y por el contrario, garantizarles los medicamentos que requieren para sus quimioterapias. La madre de familia de una menor de 9 a\u00f1os que padece Leucemia, explic\u00f3 que desde hace m\u00e1s de un [&hellip;]<\/p>\n","protected":false},"author":5,"featured_media":12738,"comment_status":"closed","ping_status":"closed","sticky":false,"template":"","format":"standard","meta":{"_coblocks_attr":"","_coblocks_dimensions":"","_coblocks_responsive_height":"","_coblocks_accordion_ie_support":"","_crdt_document":"","advanced_seo_description":"","jetpack_seo_html_title":"","jetpack_seo_noindex":false,"_jetpack_memberships_contains_paid_content":false,"footnotes":""},"categories":[19,27],"tags":[210,218],"class_list":["post-12894","post","type-post","status-publish","format-standard","has-post-thumbnail","hentry","category-colima","category-salud","tag-portada","tag-salud"],"jetpack_featured_media_url":"https:\/\/diarioavanzada.com.mx\/wp-content\/uploads\/2020\/05\/Hospital-Camas.jpg","jetpack-related-posts":[],"jetpack_sharing_enabled":true,"amp_enabled":true,"_links":{"self":[{"href":"https:\/\/diarioavanzada.com.mx\/index.php?rest_route=\/wp\/v2\/posts\/12894","targetHints":{"allow":["GET"]}}],"collection":[{"href":"https:\/\/diarioavanzada.com.mx\/index.php?rest_route=\/wp\/v2\/posts"}],"about":[{"href":"https:\/\/diarioavanzada.com.mx\/index.php?rest_route=\/wp\/v2\/types\/post"}],"author":[{"embeddable":true,"href":"https:\/\/diarioavanzada.com.mx\/index.php?rest_route=\/wp\/v2\/users\/5"}],"replies":[{"embeddable":true,"href":"https:\/\/diarioavanzada.com.mx\/index.php?rest_route=%2Fwp%2Fv2%2Fcomments&post=12894"}],"version-history":[{"count":0,"href":"https:\/\/diarioavanzada.com.mx\/index.php?rest_route=\/wp\/v2\/posts\/12894\/revisions"}],"wp:featuredmedia":[{"embeddable":true,"href":"https:\/\/diarioavanzada.com.mx\/index.php?rest_route=\/wp\/v2\/media\/12738"}],"wp:attachment":[{"href":"https:\/\/diarioavanzada.com.mx\/index.php?rest_route=%2Fwp%2Fv2%2Fmedia&parent=12894"}],"wp:term":[{"taxonomy":"category","embeddable":true,"href":"https:\/\/diarioavanzada.com.mx\/index.php?rest_route=%2Fwp%2Fv2%2Fcategories&post=12894"},{"taxonomy":"post_tag","embeddable":true,"href":"https:\/\/diarioavanzada.com.mx\/index.php?rest_route=%2Fwp%2Fv2%2Ftags&post=12894"}],"curies":[{"name":"wp","href":"https:\/\/api.w.org\/{rel}","templated":true}]}}