{"id":12803,"date":"2020-05-23T10:09:58","date_gmt":"2020-05-23T15:09:58","guid":{"rendered":"https:\/\/diarioavanzada.com.mx\/?p=12803"},"modified":"2020-05-23T10:10:00","modified_gmt":"2020-05-23T15:10:00","slug":"hasta-8-anos-pasaran-en-prision-los-funcionarios-por-filtrar-fotografias","status":"publish","type":"post","link":"https:\/\/diarioavanzada.com.mx\/?p=12803","title":{"rendered":"Hasta 8 a\u00f1os pasar\u00e1n en prisi\u00f3n los funcionarios por filtrar fotograf\u00edas"},"content":{"rendered":"\n<p class=\"wp-block-paragraph\">Colima, M\u00e9xico, Comunicado (23\/05\/2020).- El Congreso del Estado de Colima aprob\u00f3 por unanimidad de los presentes la llamada Ley Ingrid para la entidad, con lo que se proteger\u00e1n los datos de v\u00edctimas al evitar las filtraciones, por parte de servidores p\u00fablicos, de im\u00e1genes, audios, videos del lugar de un asesinato y de cad\u00e1veres, con sanciones especiales cuando las asesinadas sean mujeres y menores de edad.&nbsp;<\/p>\n\n\n\n<p class=\"wp-block-paragraph\">La iniciativa de la Ley fue presentada por el diputado Vladimir Parra Barrag\u00e1n y las diputadas Ana Karen Hern\u00e1ndez Aceves y Blanca Livier Rodr\u00edguez Osorio, con ella se adicion\u00f3 el art\u00edculo 240 Bis al C\u00f3digo Penal del Estado de Colima.&nbsp;<\/p>\n\n\n\n<p class=\"wp-block-paragraph\">Recordemos que el pasado 9 de febrero de 2020 sucedi\u00f3 el feminicidio de Ingrig Escamilla, sin embargo im\u00e1genes de su cad\u00e1ver fueron publicadas en diferentes plataformas, por lo que la Fiscal General de Justicia de la Ciudad de M\u00e9xico, Erenestina Godoy, present\u00f3 una iniciativa en el Congreso de la capital para evitar que este tipo de filtraciones vuelvan a ocurrir.&nbsp;<\/p>\n\n\n\n<p class=\"wp-block-paragraph\">Con base en lo anterior los legisladores iniciadores rescatan la dignidad humana como un punto medular de los derechos humanos fundamentales y la Suprema Corte de Justicia de la Naci\u00f3n (SCJN) la ha definido como el inter\u00e9s inherente a toda persona.&nbsp;<\/p>\n\n\n\n<p class=\"wp-block-paragraph\">La reforma al C\u00f3digo Penal busca garantizar el bien jur\u00eddico a la integridad y seguridad personal, que tiene como fin y objeto que las personas puedan desarrollarse integralmente, as\u00ed como otorgar las condiciones que permitan al ser humano gozar de una vida plena.&nbsp;<\/p>\n\n\n\n<p class=\"wp-block-paragraph\">Para quienes indebidamente difundan, entreguen, revelen, publiquen, transmita, exponga, remita, distribuya, videograbe, audiograbe, fotograf\u00ede, filme, reproduzca, comercialice, oferte, intercambie o comparta im\u00e1genes, audios, videos o documentos del lugar de los hechos o del hallazgo, indicios, evidencias, objetos o instrumentos relacionados con el procedimiento penal tendr\u00e1 una pena de 3 a 6 a\u00f1os de prisi\u00f3n y una multa equivalente de 50 a 100 UMA\u00b4s.&nbsp;<\/p>\n\n\n\n<p class=\"wp-block-paragraph\">Si se trata de im\u00e1genes, audios o videos de cad\u00e1veres o parte de ellos, de las circunstancias de su muerte, de las lesiones o estado de salud, la pena de prisi\u00f3n ser\u00e1 de cuatro a siete a\u00f1os de prisi\u00f3n y la multa de setenta a ciento treinta veces el valor diario de la unidad de medida y actualizaci\u00f3n.<\/p>\n\n\n\n<p class=\"wp-block-paragraph\">Trat\u00e1ndose de mujeres, ni\u00f1as o adolescentes, la pena ser\u00e1 de cuatro a 8 a\u00f1os y la multa de 80 a 150 veces el valor diario de la UMA; cuando el delito sea cometido por un servidor p\u00fablico, integrante de laguna instituci\u00f3n policial, de procuraci\u00f3n o impartici\u00f3n de justicia, se impodr\u00e1 de 4 a 8 a\u00f1os de prisi\u00f3n y una multa de 80 a 150 veces el valor diario de la UMA.&nbsp;<\/p>\n<div class=\"fb-background-color\">\n\t\t\t  <div \n\t\t\t  \tclass = \"fb-comments\" \n\t\t\t  \tdata-href = \"https:\/\/diarioavanzada.com.mx\/?p=12803\"\n\t\t\t  \tdata-numposts = \"10\"\n\t\t\t  \tdata-lazy = \"true\"\n\t\t\t\tdata-colorscheme = \"light\"\n\t\t\t\tdata-order-by = \"social\"\n\t\t\t\tdata-mobile=true>\n\t\t\t  <\/div><\/div>\n\t\t  <style>\n\t\t    .fb-background-color {\n\t\t\t\tbackground:  !important;\n\t\t\t}\n\t\t\t.fb_iframe_widget_fluid_desktop iframe {\n\t\t\t    width: 100% !important;\n\t\t\t}\n\t\t  <\/style>\n\t\t  ","protected":false},"excerpt":{"rendered":"<p>Colima, M\u00e9xico, Comunicado (23\/05\/2020).- El Congreso del Estado de Colima aprob\u00f3 por unanimidad de los presentes la llamada Ley Ingrid para la entidad, con lo que se proteger\u00e1n los datos de v\u00edctimas al evitar las filtraciones, por parte de servidores p\u00fablicos, de im\u00e1genes, audios, videos del lugar de un asesinato y de cad\u00e1veres, con sanciones [&hellip;]<\/p>\n","protected":false},"author":7,"featured_media":12804,"comment_status":"closed","ping_status":"closed","sticky":false,"template":"","format":"standard","meta":{"_coblocks_attr":"","_coblocks_dimensions":"","_coblocks_responsive_height":"","_coblocks_accordion_ie_support":"","_crdt_document":"","advanced_seo_description":"","jetpack_seo_html_title":"","jetpack_seo_noindex":false,"_jetpack_memberships_contains_paid_content":false,"footnotes":""},"categories":[19],"tags":[],"class_list":["post-12803","post","type-post","status-publish","format-standard","has-post-thumbnail","hentry","category-colima"],"jetpack_featured_media_url":"https:\/\/diarioavanzada.com.mx\/wp-content\/uploads\/2020\/05\/IMG_1672.jpg","jetpack-related-posts":[],"jetpack_sharing_enabled":true,"amp_enabled":true,"_links":{"self":[{"href":"https:\/\/diarioavanzada.com.mx\/index.php?rest_route=\/wp\/v2\/posts\/12803","targetHints":{"allow":["GET"]}}],"collection":[{"href":"https:\/\/diarioavanzada.com.mx\/index.php?rest_route=\/wp\/v2\/posts"}],"about":[{"href":"https:\/\/diarioavanzada.com.mx\/index.php?rest_route=\/wp\/v2\/types\/post"}],"author":[{"embeddable":true,"href":"https:\/\/diarioavanzada.com.mx\/index.php?rest_route=\/wp\/v2\/users\/7"}],"replies":[{"embeddable":true,"href":"https:\/\/diarioavanzada.com.mx\/index.php?rest_route=%2Fwp%2Fv2%2Fcomments&post=12803"}],"version-history":[{"count":0,"href":"https:\/\/diarioavanzada.com.mx\/index.php?rest_route=\/wp\/v2\/posts\/12803\/revisions"}],"wp:featuredmedia":[{"embeddable":true,"href":"https:\/\/diarioavanzada.com.mx\/index.php?rest_route=\/wp\/v2\/media\/12804"}],"wp:attachment":[{"href":"https:\/\/diarioavanzada.com.mx\/index.php?rest_route=%2Fwp%2Fv2%2Fmedia&parent=12803"}],"wp:term":[{"taxonomy":"category","embeddable":true,"href":"https:\/\/diarioavanzada.com.mx\/index.php?rest_route=%2Fwp%2Fv2%2Fcategories&post=12803"},{"taxonomy":"post_tag","embeddable":true,"href":"https:\/\/diarioavanzada.com.mx\/index.php?rest_route=%2Fwp%2Fv2%2Ftags&post=12803"}],"curies":[{"name":"wp","href":"https:\/\/api.w.org\/{rel}","templated":true}]}}