{"id":12750,"date":"2020-05-20T17:43:55","date_gmt":"2020-05-20T22:43:55","guid":{"rendered":"https:\/\/diarioavanzada.com.mx\/?p=12750"},"modified":"2020-05-20T17:43:56","modified_gmt":"2020-05-20T22:43:56","slug":"hospitalizan-en-el-issste-a-medico-del-hru-por-posible-contagio-de-covid-19","status":"publish","type":"post","link":"https:\/\/diarioavanzada.com.mx\/?p=12750","title":{"rendered":"Hospitalizan en el ISSSTE a m\u00e9dico del HRU por posible contagio de Covid-19"},"content":{"rendered":"\n<p class=\"wp-block-paragraph\">Colima, M\u00e9xico, Avanzada (20\/05\/2020).- Un m\u00e9dico del Hospital Regional Universitario se encuentra hospitalizado en el ISSSTE, por presentar complicaciones de salud\u00a0por posible contagio de coronavirus.<\/p>\n\n\n\n<p class=\"wp-block-paragraph\">De acuerdo a fuentes extraoficiales, el m\u00e9dico fue ingresado en la cl\u00ednica del ISSSTE este mi\u00e9rcoles, por presentar diversos s\u00edntomas, entre ellos, la dificultad respiratoria.<\/p>\n\n\n\n<p class=\"wp-block-paragraph\">Desde que se decret\u00f3 la declaratoria de emergencia en la entidad, y en diversas partes del pa\u00eds, el personal que labora en los hospitales y centros de salud demand\u00f3 equipo m\u00e9dico que los protegiera de un posible contagio.<\/p>\n\n\n\n<p class=\"wp-block-paragraph\">Hasta el momento, la autoridad sanitaria en Colima no ha confirmado sobre la existencia de personal m\u00e9dico contagiado por la enfermedad, a pesar de que el n\u00famero de contagios increment\u00f3 desde la semana pasada, sobre todo en los municipios de Manzanillo, Tecom\u00e1n, Colima y Villa de \u00c1lvarez.<\/p>\n\n\n\n<p class=\"wp-block-paragraph\">El pasado 5 de mayo, El secretario general de la Secci\u00f3n XXV del Sindicato de Trabajadores del Instituto Mexicano del Seguro Social (STIMSS), Rafael Ruvalcaba Aceves, inform\u00f3 que tres trabajadores de esa instituci\u00f3n fueron contagiados de coronavirus.<\/p>\n\n\n\n<p class=\"wp-block-paragraph\">En el caso de Colima existen 546 empleados del sector salud, entre personal m\u00e9dico y administrativo, que se encuentran resguardados en sus domicilios por considerar que son poblaci\u00f3n vulnerable, al presentar alguna enfermedad cr\u00f3nica, como hipertensi\u00f3n o diabetes.<\/p>\n\n\n\n<p class=\"wp-block-paragraph\">Por su parte a nivel nacional se report\u00f3 la muerte de 194 trabajadores del sector Salud por COVID-19.&nbsp;<\/p>\n<div class=\"fb-background-color\">\n\t\t\t  <div \n\t\t\t  \tclass = \"fb-comments\" \n\t\t\t  \tdata-href = \"https:\/\/diarioavanzada.com.mx\/?p=12750\"\n\t\t\t  \tdata-numposts = \"10\"\n\t\t\t  \tdata-lazy = \"true\"\n\t\t\t\tdata-colorscheme = \"light\"\n\t\t\t\tdata-order-by = \"social\"\n\t\t\t\tdata-mobile=true>\n\t\t\t  <\/div><\/div>\n\t\t  <style>\n\t\t    .fb-background-color {\n\t\t\t\tbackground:  !important;\n\t\t\t}\n\t\t\t.fb_iframe_widget_fluid_desktop iframe {\n\t\t\t    width: 100% !important;\n\t\t\t}\n\t\t  <\/style>\n\t\t  ","protected":false},"excerpt":{"rendered":"<p>Colima, M\u00e9xico, Avanzada (20\/05\/2020).- Un m\u00e9dico del Hospital Regional Universitario se encuentra hospitalizado en el ISSSTE, por presentar complicaciones de salud\u00a0por posible contagio de coronavirus. De acuerdo a fuentes extraoficiales, el m\u00e9dico fue ingresado en la cl\u00ednica del ISSSTE este mi\u00e9rcoles, por presentar diversos s\u00edntomas, entre ellos, la dificultad respiratoria. Desde que se decret\u00f3 la [&hellip;]<\/p>\n","protected":false},"author":7,"featured_media":12751,"comment_status":"closed","ping_status":"closed","sticky":false,"template":"","format":"standard","meta":{"_coblocks_attr":"","_coblocks_dimensions":"","_coblocks_responsive_height":"","_coblocks_accordion_ie_support":"","advanced_seo_description":"","jetpack_seo_html_title":"","jetpack_seo_noindex":false,"jetpack_seo_schema_type":"","_jetpack_newsletter_access":"","_jetpack_dont_email_post_to_subs":false,"_jetpack_newsletter_tier_id":0,"_jetpack_memberships_contains_paywalled_content":false,"_wpcom_ai_launchpad_first_post":false,"_jetpack_feature_clip_id":0,"_jetpack_memberships_contains_paid_content":false,"footnotes":"","jetpack_post_was_ever_published":false},"categories":[19,27],"tags":[300,210],"class_list":["post-12750","post","type-post","status-publish","format-standard","has-post-thumbnail","hentry","category-colima","category-salud","tag-covid-19","tag-portada"],"jetpack-related-posts":[],"jetpack_sharing_enabled":true,"amp_enabled":true,"jetpack_featured_media_url":"https:\/\/diarioavanzada.com.mx\/wp-content\/uploads\/2020\/05\/95822769_2920722951352205_805643265234698240_o.jpg","_links":{"self":[{"href":"https:\/\/diarioavanzada.com.mx\/index.php?rest_route=\/wp\/v2\/posts\/12750","targetHints":{"allow":["GET"]}}],"collection":[{"href":"https:\/\/diarioavanzada.com.mx\/index.php?rest_route=\/wp\/v2\/posts"}],"about":[{"href":"https:\/\/diarioavanzada.com.mx\/index.php?rest_route=\/wp\/v2\/types\/post"}],"author":[{"embeddable":true,"href":"https:\/\/diarioavanzada.com.mx\/index.php?rest_route=\/wp\/v2\/users\/7"}],"replies":[{"embeddable":true,"href":"https:\/\/diarioavanzada.com.mx\/index.php?rest_route=%2Fwp%2Fv2%2Fcomments&post=12750"}],"version-history":[{"count":0,"href":"https:\/\/diarioavanzada.com.mx\/index.php?rest_route=\/wp\/v2\/posts\/12750\/revisions"}],"wp:featuredmedia":[{"embeddable":true,"href":"https:\/\/diarioavanzada.com.mx\/index.php?rest_route=\/wp\/v2\/media\/12751"}],"wp:attachment":[{"href":"https:\/\/diarioavanzada.com.mx\/index.php?rest_route=%2Fwp%2Fv2%2Fmedia&parent=12750"}],"wp:term":[{"taxonomy":"category","embeddable":true,"href":"https:\/\/diarioavanzada.com.mx\/index.php?rest_route=%2Fwp%2Fv2%2Fcategories&post=12750"},{"taxonomy":"post_tag","embeddable":true,"href":"https:\/\/diarioavanzada.com.mx\/index.php?rest_route=%2Fwp%2Fv2%2Ftags&post=12750"}],"curies":[{"name":"wp","href":"https:\/\/api.w.org\/{rel}","templated":true}]}}