{"id":12693,"date":"2020-05-18T09:28:39","date_gmt":"2020-05-18T14:28:39","guid":{"rendered":"https:\/\/diarioavanzada.com.mx\/?p=12693"},"modified":"2020-05-18T09:28:41","modified_gmt":"2020-05-18T14:28:41","slug":"que-le-cobren-a-mam-antes-de-endeudar-a-colima-con-700-mdp-vladimir-parra","status":"publish","type":"post","link":"https:\/\/diarioavanzada.com.mx\/?p=12693","title":{"rendered":"Que le cobren a MAM antes de endeudar a Colima con 700 MDP: Vladimir Parra"},"content":{"rendered":"\n<p class=\"wp-block-paragraph\">Colima, M\u00e9xico, Avanzada (18\/05\/2020).- El coordinador de la fracci\u00f3n de Morena, Vladimir Parra Barrag\u00e1n denunci\u00f3 que el gobernador, Ignacio Peralta S\u00e1nchez pretende contraer un cr\u00e9dito bancario por 776 millones de pesos&nbsp; que pagar\u00e1n los colimenses, en contraste, no ha hecho ning\u00fan recorte de gastos suntuosos de la administraci\u00f3n estatal.<\/p>\n\n\n\n<p class=\"wp-block-paragraph\">Dijo que antes de endeudar a los colimenses, tendr\u00edan que recortarse diversos pagos que hace el gobierno de Colima y que no son prioritarios para la implementaci\u00f3n de programas, adem\u00e1s, sostuvo que el gobierno podr\u00eda obtener recursos si le cobra al ex gobernador, Mario Anguiano Moreno, los 515 millones de pesos&nbsp; que debe pagar por orden de un juez.<\/p>\n\n\n\n<p class=\"wp-block-paragraph\">El legislador se\u00f1al\u00f3 que el gobierno estatal gasta 22 millones de pesos en pago de suscripciones a peri\u00f3dicos o revistas y existen facturas desde 250 mil a 500 mil pesos a un peri\u00f3dico (Diario de Colima) propiedad de un familiar directo del mandatario estatal.<\/p>\n\n\n\n<p class=\"wp-block-paragraph\">Parra Barrag\u00e1n sostuvo que Peralta S\u00e1nchez insiste en la contrataci\u00f3n de un cr\u00e9dito bancario pese a la opacidad con la que ha manejado los recursos p\u00fablicos y m\u00e1s en la contrataci\u00f3n de deuda, pero no ha puesto en marcha un plan emergente de austeridad, por ejemplo, que incluya&nbsp; la venta de los veh\u00edculos Toyota Prius que tienen un costo de 400 mil pesos y que \u2013seg\u00fan el legislador- utilizan los secretarios de primer nivel y algunos directores, \u201chasta para uso personal\u201d, dijo.<\/p>\n\n\n\n<p class=\"wp-block-paragraph\">Dijo que la administraci\u00f3n estatal paga 17&nbsp;millones&nbsp;de&nbsp;pesos&nbsp; en arrendamientos de edificios o casas para oficinas, \u201cEse dinero puede ahorrarse para gastos prioritarios, as\u00ed como los 2 millones 500 mil pesos que se destinan a la oficina del gobernador\u201d.<\/p>\n\n\n\n<p class=\"wp-block-paragraph\">\u201cTambi\u00e9n est\u00e1 pendiente el cobro de 515&nbsp;millones&nbsp;de&nbsp;pesos&nbsp;por la multa impuesta al ex gobernador Mario Anguiano. El gobierno del estado debe cumplir esa obligaci\u00f3n en beneficio del erario p\u00fablico\u201d, sentenci\u00f3.<\/p>\n\n\n\n<p class=\"wp-block-paragraph\">Vladimir Parra Barrag\u00e1n afirm\u00f3 que el gobernador estatal pretende adquirir un nuevo cr\u00e9dito por 776 millones de pesos, de los cuales, 500 millones ser\u00edan destinados para culminar el C5; 46 millones para terminar los trabajos de remodelaci\u00f3n del Palacio de Gobierno; 45 millones para pagar una supuesta garant\u00eda para la construcci\u00f3n de un nuevo libramiento; 150 millones espec\u00edficamente para atender necesidades originadas por la pandemia de Covid-19 y 25 millones para la construcci\u00f3n de un hospital de la Marina Armada de M\u00e9xico.<\/p>\n<div class=\"fb-background-color\">\n\t\t\t  <div \n\t\t\t  \tclass = \"fb-comments\" \n\t\t\t  \tdata-href = \"https:\/\/diarioavanzada.com.mx\/?p=12693\"\n\t\t\t  \tdata-numposts = \"10\"\n\t\t\t  \tdata-lazy = \"true\"\n\t\t\t\tdata-colorscheme = \"light\"\n\t\t\t\tdata-order-by = \"social\"\n\t\t\t\tdata-mobile=true>\n\t\t\t  <\/div><\/div>\n\t\t  <style>\n\t\t    .fb-background-color {\n\t\t\t\tbackground:  !important;\n\t\t\t}\n\t\t\t.fb_iframe_widget_fluid_desktop iframe {\n\t\t\t    width: 100% !important;\n\t\t\t}\n\t\t  <\/style>\n\t\t  ","protected":false},"excerpt":{"rendered":"<p>Colima, M\u00e9xico, Avanzada (18\/05\/2020).- El coordinador de la fracci\u00f3n de Morena, Vladimir Parra Barrag\u00e1n denunci\u00f3 que el gobernador, Ignacio Peralta S\u00e1nchez pretende contraer un cr\u00e9dito bancario por 776 millones de pesos&nbsp; que pagar\u00e1n los colimenses, en contraste, no ha hecho ning\u00fan recorte de gastos suntuosos de la administraci\u00f3n estatal. Dijo que antes de endeudar a [&hellip;]<\/p>\n","protected":false},"author":5,"featured_media":11272,"comment_status":"closed","ping_status":"closed","sticky":false,"template":"","format":"standard","meta":{"_coblocks_attr":"","_coblocks_dimensions":"","_coblocks_responsive_height":"","_coblocks_accordion_ie_support":"","_crdt_document":"","advanced_seo_description":"","jetpack_seo_html_title":"","jetpack_seo_noindex":false,"_jetpack_memberships_contains_paid_content":false,"footnotes":""},"categories":[19],"tags":[210],"class_list":["post-12693","post","type-post","status-publish","format-standard","has-post-thumbnail","hentry","category-colima","tag-portada"],"jetpack_featured_media_url":"https:\/\/diarioavanzada.com.mx\/wp-content\/uploads\/2020\/03\/mam-y-nacho.jpg","jetpack-related-posts":[],"jetpack_sharing_enabled":true,"amp_enabled":true,"_links":{"self":[{"href":"https:\/\/diarioavanzada.com.mx\/index.php?rest_route=\/wp\/v2\/posts\/12693","targetHints":{"allow":["GET"]}}],"collection":[{"href":"https:\/\/diarioavanzada.com.mx\/index.php?rest_route=\/wp\/v2\/posts"}],"about":[{"href":"https:\/\/diarioavanzada.com.mx\/index.php?rest_route=\/wp\/v2\/types\/post"}],"author":[{"embeddable":true,"href":"https:\/\/diarioavanzada.com.mx\/index.php?rest_route=\/wp\/v2\/users\/5"}],"replies":[{"embeddable":true,"href":"https:\/\/diarioavanzada.com.mx\/index.php?rest_route=%2Fwp%2Fv2%2Fcomments&post=12693"}],"version-history":[{"count":0,"href":"https:\/\/diarioavanzada.com.mx\/index.php?rest_route=\/wp\/v2\/posts\/12693\/revisions"}],"wp:featuredmedia":[{"embeddable":true,"href":"https:\/\/diarioavanzada.com.mx\/index.php?rest_route=\/wp\/v2\/media\/11272"}],"wp:attachment":[{"href":"https:\/\/diarioavanzada.com.mx\/index.php?rest_route=%2Fwp%2Fv2%2Fmedia&parent=12693"}],"wp:term":[{"taxonomy":"category","embeddable":true,"href":"https:\/\/diarioavanzada.com.mx\/index.php?rest_route=%2Fwp%2Fv2%2Fcategories&post=12693"},{"taxonomy":"post_tag","embeddable":true,"href":"https:\/\/diarioavanzada.com.mx\/index.php?rest_route=%2Fwp%2Fv2%2Ftags&post=12693"}],"curies":[{"name":"wp","href":"https:\/\/api.w.org\/{rel}","templated":true}]}}