{"id":12370,"date":"2020-05-05T08:41:16","date_gmt":"2020-05-05T13:41:16","guid":{"rendered":"https:\/\/diarioavanzada.com.mx\/?p=12370"},"modified":"2020-05-05T08:41:18","modified_gmt":"2020-05-05T13:41:18","slug":"dejenos-trabajar-piden-comerciantes-de-colima-y-villa-de-alvarez","status":"publish","type":"post","link":"https:\/\/diarioavanzada.com.mx\/?p=12370","title":{"rendered":"\u00a1D\u00e9jenos trabajar\u00a1 Piden comerciantes de Colima y Villa de \u00c1lvarez"},"content":{"rendered":"\n<p class=\"wp-block-paragraph\">Colima, M\u00e9xico, Avanzada (05\/05\/2020).- Comerciantes de Colima y Villa de \u00c1lvarez solicitaron a las autoridades municipales que les permitan trabajar, de lo contrario, cerca de 4 mil familias est\u00e1n en riesgo de quedarse sin alimentos por la falta de recursos econ\u00f3micos.<\/p>\n\n\n\n<p class=\"wp-block-paragraph\">A trav\u00e9s de su l\u00edder, Luis Moreno, explicaron que en Villa de \u00c1lvarez \u2013 donde gobierna, Felipe Cruz Calvario.- los comerciantes est\u00e1n siendo v\u00edctimas de la prepotencia y las amenazas de los inspectores, quienes los obligan a cerrar sus comercios de forma inmediata, de lo contrario, les advierten que perder\u00e1n la licencia municipal para seguir operando.<\/p>\n\n\n\n<p class=\"wp-block-paragraph\">Tambi\u00e9n, denunciaron que los inspectores acuden a sus&nbsp; comercios con elementos de la Guardia Nacional, la polic\u00eda Estatal o la Polic\u00eda Municipal.<\/p>\n\n\n\n<p class=\"wp-block-paragraph\">Advirtieron que la situaci\u00f3n econ\u00f3mica es tan desesperante que o trabajan o se quedan sin dinero para poder mantener a sus familias.<\/p>\n\n\n\n<p class=\"wp-block-paragraph\">De manera particular Luis Moreno \u2013 l\u00edder de los comerciantes- &nbsp;refiri\u00f3 que los m\u00e1s de mil&nbsp; micro empresarios &nbsp;establecidos, &nbsp;est\u00e1n solicitando que les permitan reabrir sus negocios y a cambio, extremar\u00e1n las medidas de seguridad que establezca la secretar\u00eda de Salud para evitar los contagios por coronavirus.<\/p>\n\n\n\n<p class=\"wp-block-paragraph\">Moreno refiri\u00f3 que los comerciantes est\u00e1n buscando que la econom\u00eda no colapse y expuso que en estos momentos existen mil propietarios y m\u00e1s de 4 mil empleados&nbsp; que no tienen dinero, ni comida para llevar a su casa porque fueron obligados a cerrar sus negocios por considerarlos no esenciales.<\/p>\n\n\n\n<p class=\"wp-block-paragraph\">Puntualiz\u00f3 que no est\u00e1n recibiendo ning\u00fan tipo de apoyo por parte de la autoridad y por eso, dijo que a nombre de todos los comerciantes, solicita que los dejen trabajar, porque no tienen dinero para preservar a los empleados, y sostener a sus propias familias.&nbsp;<\/p>\n<div class=\"fb-background-color\">\n\t\t\t  <div \n\t\t\t  \tclass = \"fb-comments\" \n\t\t\t  \tdata-href = \"https:\/\/diarioavanzada.com.mx\/?p=12370\"\n\t\t\t  \tdata-numposts = \"10\"\n\t\t\t  \tdata-lazy = \"true\"\n\t\t\t\tdata-colorscheme = \"light\"\n\t\t\t\tdata-order-by = \"social\"\n\t\t\t\tdata-mobile=true>\n\t\t\t  <\/div><\/div>\n\t\t  <style>\n\t\t    .fb-background-color {\n\t\t\t\tbackground:  !important;\n\t\t\t}\n\t\t\t.fb_iframe_widget_fluid_desktop iframe {\n\t\t\t    width: 100% !important;\n\t\t\t}\n\t\t  <\/style>\n\t\t  ","protected":false},"excerpt":{"rendered":"<p>Colima, M\u00e9xico, Avanzada (05\/05\/2020).- Comerciantes de Colima y Villa de \u00c1lvarez solicitaron a las autoridades municipales que les permitan trabajar, de lo contrario, cerca de 4 mil familias est\u00e1n en riesgo de quedarse sin alimentos por la falta de recursos econ\u00f3micos. A trav\u00e9s de su l\u00edder, Luis Moreno, explicaron que en Villa de \u00c1lvarez \u2013 [&hellip;]<\/p>\n","protected":false},"author":5,"featured_media":12371,"comment_status":"closed","ping_status":"closed","sticky":false,"template":"","format":"standard","meta":{"_coblocks_attr":"","_coblocks_dimensions":"","_coblocks_responsive_height":"","_coblocks_accordion_ie_support":"","advanced_seo_description":"","jetpack_seo_html_title":"","jetpack_seo_noindex":false,"jetpack_seo_schema_type":"","_jetpack_newsletter_access":"","_jetpack_dont_email_post_to_subs":false,"_jetpack_newsletter_tier_id":0,"_jetpack_memberships_contains_paywalled_content":false,"_wpcom_ai_launchpad_first_post":false,"_jetpack_feature_clip_id":0,"_jetpack_memberships_contains_paid_content":false,"footnotes":"","jetpack_post_was_ever_published":false},"categories":[19],"tags":[300,227,210],"class_list":["post-12370","post","type-post","status-publish","format-standard","has-post-thumbnail","hentry","category-colima","tag-covid-19","tag-economia","tag-portada"],"jetpack-related-posts":[],"jetpack_sharing_enabled":true,"amp_enabled":true,"jetpack_featured_media_url":"https:\/\/diarioavanzada.com.mx\/wp-content\/uploads\/2020\/05\/95489083_660661857826242_7604457700302258176_n.jpg","_links":{"self":[{"href":"https:\/\/diarioavanzada.com.mx\/index.php?rest_route=\/wp\/v2\/posts\/12370","targetHints":{"allow":["GET"]}}],"collection":[{"href":"https:\/\/diarioavanzada.com.mx\/index.php?rest_route=\/wp\/v2\/posts"}],"about":[{"href":"https:\/\/diarioavanzada.com.mx\/index.php?rest_route=\/wp\/v2\/types\/post"}],"author":[{"embeddable":true,"href":"https:\/\/diarioavanzada.com.mx\/index.php?rest_route=\/wp\/v2\/users\/5"}],"replies":[{"embeddable":true,"href":"https:\/\/diarioavanzada.com.mx\/index.php?rest_route=%2Fwp%2Fv2%2Fcomments&post=12370"}],"version-history":[{"count":0,"href":"https:\/\/diarioavanzada.com.mx\/index.php?rest_route=\/wp\/v2\/posts\/12370\/revisions"}],"wp:featuredmedia":[{"embeddable":true,"href":"https:\/\/diarioavanzada.com.mx\/index.php?rest_route=\/wp\/v2\/media\/12371"}],"wp:attachment":[{"href":"https:\/\/diarioavanzada.com.mx\/index.php?rest_route=%2Fwp%2Fv2%2Fmedia&parent=12370"}],"wp:term":[{"taxonomy":"category","embeddable":true,"href":"https:\/\/diarioavanzada.com.mx\/index.php?rest_route=%2Fwp%2Fv2%2Fcategories&post=12370"},{"taxonomy":"post_tag","embeddable":true,"href":"https:\/\/diarioavanzada.com.mx\/index.php?rest_route=%2Fwp%2Fv2%2Ftags&post=12370"}],"curies":[{"name":"wp","href":"https:\/\/api.w.org\/{rel}","templated":true}]}}