{"id":12326,"date":"2020-05-03T08:57:13","date_gmt":"2020-05-03T13:57:13","guid":{"rendered":"https:\/\/diarioavanzada.com.mx\/?p=12326"},"modified":"2020-05-03T08:57:14","modified_gmt":"2020-05-03T13:57:14","slug":"locho-busca-concesionar-la-procesadora-de-carne-advierte-diputada","status":"publish","type":"post","link":"https:\/\/diarioavanzada.com.mx\/?p=12326","title":{"rendered":"Locho busca concesionar la Procesadora de carne, advierte diputada"},"content":{"rendered":"\n<p class=\"wp-block-paragraph\">Colima, M\u00e9xico, Avazada (03\/05\/2020).- La diputada de Morena, Claudia Aguirre Luna alert\u00f3 que el presidente municipal de Colima, Leoncio Mor\u00e1n S\u00e1nchez pretende reabrir la Procesadora Municipal de Carne a trav\u00e9s de una concesi\u00f3n.<\/p>\n\n\n\n<p class=\"wp-block-paragraph\">La legisladora reproch\u00f3 que el Ayuntamiento de Colima quiera eximirse de su responsabilidad al garantizar el servicio, y pretenda concesionarlo a particulares, quienes se encargar\u00edan de operar el rastro capitalino.<\/p>\n\n\n\n<p class=\"wp-block-paragraph\">Cabe recordar que el pasado mes de marzo, el alcalde, Leoncio Mor\u00e1n anunci\u00f3 el cierre de la Procesadora Municipal ante el reclamo de los carniceros e introductores de carne, quienes se\u00f1alaron que la poblaci\u00f3n estaba en riesgo porque incrementar\u00edan los rastros clandestinos y se ofertar\u00eda a la poblaci\u00f3n, carne que no contara con los sellos de sanidad.<\/p>\n\n\n\n<p class=\"wp-block-paragraph\">Aguirre Luna afirm\u00f3 que desde hace varias semanas denunci\u00f3 el cierre unilateral de la Procesadora y record\u00f3 que el edil, Mor\u00e1n S\u00e1nchez acus\u00f3 a los legisladores locales de querer politizar una decisi\u00f3n que estaba respaldada por el Cabildo.<\/p>\n\n\n\n<p class=\"wp-block-paragraph\">Refiri\u00f3 que ante los yerros jur\u00eddicos en los que incurri\u00f3 el presidente municipal, y por los cuales ser\u00e1 sujeto a una investigaci\u00f3n por parte del OSAFIG est\u00e1 buscando c\u00f3mo solventar el problema, \u201cahora resulta que est\u00e1n buscando reabrir la procesadora pero a trav\u00e9s de una concesi\u00f3n.<\/p>\n\n\n\n<p class=\"wp-block-paragraph\">Por otra parte, la mayor\u00eda de los diputados locales solicitaron al OSAFIG investigar por desacato y presuntas faltas administrativas al alcalde de Colima.<\/p>\n\n\n\n<p class=\"wp-block-paragraph\">En su exposici\u00f3n de motivos, los legisladores locales consideraron que el Ayuntamiento de Colima carece de facultades para aprobar el Acuerdo de Extinci\u00f3n de la Procesadora Municipal y con esa acci\u00f3n violent\u00f3 la Constituci\u00f3n Federal, porque renuncia a la obligaci\u00f3n de prestar un servicio p\u00fablico.<\/p>\n<div class=\"fb-background-color\">\n\t\t\t  <div \n\t\t\t  \tclass = \"fb-comments\" \n\t\t\t  \tdata-href = \"https:\/\/diarioavanzada.com.mx\/?p=12326\"\n\t\t\t  \tdata-numposts = \"10\"\n\t\t\t  \tdata-lazy = \"true\"\n\t\t\t\tdata-colorscheme = \"light\"\n\t\t\t\tdata-order-by = \"social\"\n\t\t\t\tdata-mobile=true>\n\t\t\t  <\/div><\/div>\n\t\t  <style>\n\t\t    .fb-background-color {\n\t\t\t\tbackground:  !important;\n\t\t\t}\n\t\t\t.fb_iframe_widget_fluid_desktop iframe {\n\t\t\t    width: 100% !important;\n\t\t\t}\n\t\t  <\/style>\n\t\t  ","protected":false},"excerpt":{"rendered":"<p>Colima, M\u00e9xico, Avazada (03\/05\/2020).- La diputada de Morena, Claudia Aguirre Luna alert\u00f3 que el presidente municipal de Colima, Leoncio Mor\u00e1n S\u00e1nchez pretende reabrir la Procesadora Municipal de Carne a trav\u00e9s de una concesi\u00f3n. La legisladora reproch\u00f3 que el Ayuntamiento de Colima quiera eximirse de su responsabilidad al garantizar el servicio, y pretenda concesionarlo a particulares, [&hellip;]<\/p>\n","protected":false},"author":5,"featured_media":7283,"comment_status":"closed","ping_status":"closed","sticky":false,"template":"","format":"standard","meta":{"_coblocks_attr":"","_coblocks_dimensions":"","_coblocks_responsive_height":"","_coblocks_accordion_ie_support":"","_crdt_document":"","advanced_seo_description":"","jetpack_seo_html_title":"","jetpack_seo_noindex":false,"_jetpack_memberships_contains_paid_content":false,"footnotes":""},"categories":[19],"tags":[210],"class_list":["post-12326","post","type-post","status-publish","format-standard","has-post-thumbnail","hentry","category-colima","tag-portada"],"jetpack_featured_media_url":"https:\/\/diarioavanzada.com.mx\/wp-content\/uploads\/2019\/08\/Locho-Mora\u0301n.jpg","jetpack-related-posts":[],"jetpack_sharing_enabled":true,"amp_enabled":true,"_links":{"self":[{"href":"https:\/\/diarioavanzada.com.mx\/index.php?rest_route=\/wp\/v2\/posts\/12326","targetHints":{"allow":["GET"]}}],"collection":[{"href":"https:\/\/diarioavanzada.com.mx\/index.php?rest_route=\/wp\/v2\/posts"}],"about":[{"href":"https:\/\/diarioavanzada.com.mx\/index.php?rest_route=\/wp\/v2\/types\/post"}],"author":[{"embeddable":true,"href":"https:\/\/diarioavanzada.com.mx\/index.php?rest_route=\/wp\/v2\/users\/5"}],"replies":[{"embeddable":true,"href":"https:\/\/diarioavanzada.com.mx\/index.php?rest_route=%2Fwp%2Fv2%2Fcomments&post=12326"}],"version-history":[{"count":0,"href":"https:\/\/diarioavanzada.com.mx\/index.php?rest_route=\/wp\/v2\/posts\/12326\/revisions"}],"wp:featuredmedia":[{"embeddable":true,"href":"https:\/\/diarioavanzada.com.mx\/index.php?rest_route=\/wp\/v2\/media\/7283"}],"wp:attachment":[{"href":"https:\/\/diarioavanzada.com.mx\/index.php?rest_route=%2Fwp%2Fv2%2Fmedia&parent=12326"}],"wp:term":[{"taxonomy":"category","embeddable":true,"href":"https:\/\/diarioavanzada.com.mx\/index.php?rest_route=%2Fwp%2Fv2%2Fcategories&post=12326"},{"taxonomy":"post_tag","embeddable":true,"href":"https:\/\/diarioavanzada.com.mx\/index.php?rest_route=%2Fwp%2Fv2%2Ftags&post=12326"}],"curies":[{"name":"wp","href":"https:\/\/api.w.org\/{rel}","templated":true}]}}