{"id":12282,"date":"2020-05-01T08:19:37","date_gmt":"2020-05-01T13:19:37","guid":{"rendered":"https:\/\/diarioavanzada.com.mx\/?p=12282"},"modified":"2020-05-01T08:19:39","modified_gmt":"2020-05-01T13:19:39","slug":"solicita-griselda-martinez-al-gobernador-activar-un-seguro-de-desempleo-en-todo-el-estado","status":"publish","type":"post","link":"https:\/\/diarioavanzada.com.mx\/?p=12282","title":{"rendered":"Solicita Griselda Mart\u00ednez al gobernador activar un seguro de desempleo en todo el Estado"},"content":{"rendered":"\n<p class=\"wp-block-paragraph\">Manzanillo, M\u00e9xico, Comunicado (01\/05\/2020).- Este mi\u00e9rcoles, la Presidenta Municipal de Manzanillo, Griselda Mart\u00ednez Mart\u00ednez, envi\u00f3 al Gobernador del Estado, Jos\u00e9 Ignacio Peralta S\u00e1nchez, una petici\u00f3n para activar un seguro de desempleo, que en este momento de crisis econ\u00f3mica causada por la pandemia del coronavirus, vendr\u00eda a aliviar la necesidad de miles de familias en todo el Estado.<\/p>\n\n\n\n<p class=\"wp-block-paragraph\">En el oficio, la mandataria expone que, si bien la actividad del puerto se mantiene, la poblaci\u00f3n que no labora ah\u00ed subsiste de una gran cantidad de actividades comerciales y de servicios, esta poblaci\u00f3n perdi\u00f3 su fuente de trabajo. Se\u00f1al\u00f3 que fuera del puerto, la mayor parte de la actividad econ\u00f3mica es del sector de servicios pues la Poblaci\u00f3n Econ\u00f3micamente Activa (PEA) municipal se especializa en las actividades de comercio y servicios con 44.22 %, de \u00e9stos, los servicios tur\u00edsticos tienen un gran impacto pues de 8,868 unidades productivas que existen en Manzanillo 1,325 son de servicios al turismo, bares, restaurantes, hoteles y moteles.<\/p>\n\n\n\n<p class=\"wp-block-paragraph\">La alcaldesa manzanillense destaca que en sus recorridos, las personas se le acercan para pedir -desesperadamente- apoyos directos, por ello, el municipio hizo un esfuerzo al adelantar el ejercicio del recurso de despensas para entregar de manera masiva, 3000 de ellas; tambi\u00e9n implement\u00f3 desde el 20 a abril, el programa de Cocinas Comunitarias que brinda alimentos preparados a 3,500 manzanillenses diariamente y as\u00ed ser\u00e1 hasta el 31 de mayo.<\/p>\n\n\n\n<p class=\"wp-block-paragraph\">En el documento, Griselda Mart\u00ednez se\u00f1ala que en la Ciudad de M\u00e9xico el seguro del desempleo se activ\u00f3 desde la Secretar\u00eda del Trabajo de esa entidad, aprovechando los recursos de los programas de capacitaci\u00f3n laboral; dicha prestaci\u00f3n est\u00e1 dirigida a personas que por alguna raz\u00f3n perdieron su empleo y consiste en un apoyo mensual (actualmente es de 2,600 pesos) mientras se capacitan para el trabajo. La presidenta manzanillense consider\u00f3 fundamental que, dada la necesidad de proteger el ingreso de las personas en esta condici\u00f3n extraordinaria, en estos momentos aplicar una pol\u00edtica similar a la antes mencionada, ser\u00eda un acierto para el gobierno estatal.<\/p>\n\n\n\n<p class=\"wp-block-paragraph\">Griselda Mart\u00ednez recomienda que el seguro del desempleo se financie con recursos provenientes del Impuesto Sobre N\u00f3mina -que se cobra a todas las empresas y negocios que sufragan sueldos-, y que sumados a la reorientaci\u00f3n del gasto no necesitar\u00eda contraerse deuda para su implementaci\u00f3n. En 2019 se recaudaron 402 millones de pesos en el Estado de Colima a trav\u00e9s del Impuesto Sobre N\u00f3mina y siempre Manzanillo es el municipio que m\u00e1s aporta al estado por este concepto, recursos que deber\u00edan emplearse para el fomento de la econom\u00eda estatal, se\u00f1al\u00f3.<\/p>\n<div class=\"fb-background-color\">\n\t\t\t  <div \n\t\t\t  \tclass = \"fb-comments\" \n\t\t\t  \tdata-href = \"https:\/\/diarioavanzada.com.mx\/?p=12282\"\n\t\t\t  \tdata-numposts = \"10\"\n\t\t\t  \tdata-lazy = \"true\"\n\t\t\t\tdata-colorscheme = \"light\"\n\t\t\t\tdata-order-by = \"social\"\n\t\t\t\tdata-mobile=true>\n\t\t\t  <\/div><\/div>\n\t\t  <style>\n\t\t    .fb-background-color {\n\t\t\t\tbackground:  !important;\n\t\t\t}\n\t\t\t.fb_iframe_widget_fluid_desktop iframe {\n\t\t\t    width: 100% !important;\n\t\t\t}\n\t\t  <\/style>\n\t\t  ","protected":false},"excerpt":{"rendered":"<p>Manzanillo, M\u00e9xico, Comunicado (01\/05\/2020).- Este mi\u00e9rcoles, la Presidenta Municipal de Manzanillo, Griselda Mart\u00ednez Mart\u00ednez, envi\u00f3 al Gobernador del Estado, Jos\u00e9 Ignacio Peralta S\u00e1nchez, una petici\u00f3n para activar un seguro de desempleo, que en este momento de crisis econ\u00f3mica causada por la pandemia del coronavirus, vendr\u00eda a aliviar la necesidad de miles de familias en todo [&hellip;]<\/p>\n","protected":false},"author":7,"featured_media":12283,"comment_status":"closed","ping_status":"closed","sticky":false,"template":"","format":"standard","meta":{"_coblocks_attr":"","_coblocks_dimensions":"","_coblocks_responsive_height":"","_coblocks_accordion_ie_support":"","advanced_seo_description":"","jetpack_seo_html_title":"","jetpack_seo_noindex":false,"jetpack_seo_schema_type":"","_jetpack_newsletter_access":"","_jetpack_dont_email_post_to_subs":false,"_jetpack_newsletter_tier_id":0,"_jetpack_memberships_contains_paywalled_content":false,"_wpcom_ai_launchpad_first_post":false,"_jetpack_feature_clip_id":0,"_jetpack_memberships_contains_paid_content":false,"footnotes":"","jetpack_post_was_ever_published":false},"categories":[19,20],"tags":[300,227,210],"class_list":["post-12282","post","type-post","status-publish","format-standard","has-post-thumbnail","hentry","category-colima","category-manzanillo","tag-covid-19","tag-economia","tag-portada"],"jetpack-related-posts":[],"jetpack_sharing_enabled":true,"amp_enabled":true,"jetpack_featured_media_url":"https:\/\/diarioavanzada.com.mx\/wp-content\/uploads\/2020\/05\/GRISELDA-MARTI\u0301NEZ.jpeg","_links":{"self":[{"href":"https:\/\/diarioavanzada.com.mx\/index.php?rest_route=\/wp\/v2\/posts\/12282","targetHints":{"allow":["GET"]}}],"collection":[{"href":"https:\/\/diarioavanzada.com.mx\/index.php?rest_route=\/wp\/v2\/posts"}],"about":[{"href":"https:\/\/diarioavanzada.com.mx\/index.php?rest_route=\/wp\/v2\/types\/post"}],"author":[{"embeddable":true,"href":"https:\/\/diarioavanzada.com.mx\/index.php?rest_route=\/wp\/v2\/users\/7"}],"replies":[{"embeddable":true,"href":"https:\/\/diarioavanzada.com.mx\/index.php?rest_route=%2Fwp%2Fv2%2Fcomments&post=12282"}],"version-history":[{"count":0,"href":"https:\/\/diarioavanzada.com.mx\/index.php?rest_route=\/wp\/v2\/posts\/12282\/revisions"}],"wp:featuredmedia":[{"embeddable":true,"href":"https:\/\/diarioavanzada.com.mx\/index.php?rest_route=\/wp\/v2\/media\/12283"}],"wp:attachment":[{"href":"https:\/\/diarioavanzada.com.mx\/index.php?rest_route=%2Fwp%2Fv2%2Fmedia&parent=12282"}],"wp:term":[{"taxonomy":"category","embeddable":true,"href":"https:\/\/diarioavanzada.com.mx\/index.php?rest_route=%2Fwp%2Fv2%2Fcategories&post=12282"},{"taxonomy":"post_tag","embeddable":true,"href":"https:\/\/diarioavanzada.com.mx\/index.php?rest_route=%2Fwp%2Fv2%2Ftags&post=12282"}],"curies":[{"name":"wp","href":"https:\/\/api.w.org\/{rel}","templated":true}]}}