{"id":12228,"date":"2020-04-29T08:20:57","date_gmt":"2020-04-29T13:20:57","guid":{"rendered":"https:\/\/diarioavanzada.com.mx\/?p=12228"},"modified":"2020-04-29T08:20:58","modified_gmt":"2020-04-29T13:20:58","slug":"colima-no-debe-endeudarse-mas-por-opaco-y-tener-comprometidas-las-fuentes-de-pago","status":"publish","type":"post","link":"https:\/\/diarioavanzada.com.mx\/?p=12228","title":{"rendered":"Colima no debe endeudarse m\u00e1s, por opaco y tener comprometidas las fuentes de pago"},"content":{"rendered":"\n<p class=\"wp-block-paragraph\">Colima, M\u00e9xico, Avanzada (29\/04\/2020).- Para el abogado, Humberto Arias Guill\u00e9n, el Gobierno de Colima no cuenta con las condiciones para solicitar un nuevo cr\u00e9dito bancario, cuando no ha aclarado el gasto de los anteriores empr\u00e9stitos, pero adem\u00e1s, tiene comprometidas las participaciones federales que se otorgan como garant\u00eda de pago.<\/p>\n\n\n\n<p class=\"wp-block-paragraph\">En primer t\u00e9rmino, &nbsp;dijo que con el cr\u00e9dito de Banobras de 410 millones de pesos que solicit\u00f3 en el 2018 la administraci\u00f3n estatal, se comprometieron las participaciones federales, \u201cy no hay posibilidades de una nueva contrataci\u00f3n porque las fuentes de pago ya est\u00e1n comprometidas\u201d.<\/p>\n\n\n\n<p class=\"wp-block-paragraph\">Adem\u00e1s, refiri\u00f3 que dichas participaciones podr\u00edan ser menores de lo proyectado, &nbsp;por la ca\u00edda de los precios del petr\u00f3leo y por la falta de pago de impuestos federales, \u201chay una econom\u00eda comprometida y no hay condiciones para un nuevo cr\u00e9dito\u201d.<\/p>\n\n\n\n<p class=\"wp-block-paragraph\">Se\u00f1al\u00f3 que el mandatario colimense recientemente manifest\u00f3 la posibilidad de solicitar un nuevo empr\u00e9stito aunque no existe ninguna propuesta formal para ello, \u201cpero, creo que si llegara la petici\u00f3n, los diputados locales no pueden estar de floreros, y deben ser conscientes de la situaci\u00f3n\u201d.<\/p>\n\n\n\n<p class=\"wp-block-paragraph\">De igual forma, el abogado Humberto Arias record\u00f3 que hay varias dudas sobre el ejercicio de los 410 millones de pesos, y refiri\u00f3 que el mismo OSAFIG hizo se\u00f1alamientos para saber la forma en la que ejecut\u00f3 el recurso, pues, 200 millones de pesos se destinaron para un fin diferente a lo autorizado en el decreto emitido por el Poder Legislativo el 26 de septiembre de 2018.<\/p>\n\n\n\n<p class=\"wp-block-paragraph\">Insisti\u00f3 que los legisladores locales deben ser el contrapeso que se requiere, y por el contrario, &nbsp;tienen que frenar cualquier intento de un posible cr\u00e9dito, \u201cya lo ha dicho el presidente de la rep\u00fablica, as\u00ed que tienen que ser responsables\u201d.<\/p>\n\n\n\n<p class=\"wp-block-paragraph\">Arias reconoci\u00f3 que la situaci\u00f3n por la pandemia es compleja, pero antes de un empr\u00e9stito, se deben buscar soluciones, \u201ctiene que haber alternativas reales, pero sin que se involucren personas que est\u00e1n relacionadas con el Ejecutivo estatal. Necesitamos que se tome con seriedad y que no sigan endeudando a los colimenses\u201d.<\/p>\n<div class=\"fb-background-color\">\n\t\t\t  <div \n\t\t\t  \tclass = \"fb-comments\" \n\t\t\t  \tdata-href = \"https:\/\/diarioavanzada.com.mx\/?p=12228\"\n\t\t\t  \tdata-numposts = \"10\"\n\t\t\t  \tdata-lazy = \"true\"\n\t\t\t\tdata-colorscheme = \"light\"\n\t\t\t\tdata-order-by = \"social\"\n\t\t\t\tdata-mobile=true>\n\t\t\t  <\/div><\/div>\n\t\t  <style>\n\t\t    .fb-background-color {\n\t\t\t\tbackground:  !important;\n\t\t\t}\n\t\t\t.fb_iframe_widget_fluid_desktop iframe {\n\t\t\t    width: 100% !important;\n\t\t\t}\n\t\t  <\/style>\n\t\t  ","protected":false},"excerpt":{"rendered":"<p>Colima, M\u00e9xico, Avanzada (29\/04\/2020).- Para el abogado, Humberto Arias Guill\u00e9n, el Gobierno de Colima no cuenta con las condiciones para solicitar un nuevo cr\u00e9dito bancario, cuando no ha aclarado el gasto de los anteriores empr\u00e9stitos, pero adem\u00e1s, tiene comprometidas las participaciones federales que se otorgan como garant\u00eda de pago. En primer t\u00e9rmino, &nbsp;dijo que con [&hellip;]<\/p>\n","protected":false},"author":5,"featured_media":3109,"comment_status":"closed","ping_status":"closed","sticky":false,"template":"","format":"standard","meta":{"_coblocks_attr":"","_coblocks_dimensions":"","_coblocks_responsive_height":"","_coblocks_accordion_ie_support":"","_crdt_document":"","advanced_seo_description":"","jetpack_seo_html_title":"","jetpack_seo_noindex":false,"_jetpack_memberships_contains_paid_content":false,"footnotes":""},"categories":[19],"tags":[210],"class_list":["post-12228","post","type-post","status-publish","format-standard","has-post-thumbnail","hentry","category-colima","tag-portada"],"jetpack_featured_media_url":"https:\/\/diarioavanzada.com.mx\/wp-content\/uploads\/2019\/01\/Edificio-de-gobierno.jpg","jetpack-related-posts":[],"jetpack_sharing_enabled":true,"amp_enabled":true,"_links":{"self":[{"href":"https:\/\/diarioavanzada.com.mx\/index.php?rest_route=\/wp\/v2\/posts\/12228","targetHints":{"allow":["GET"]}}],"collection":[{"href":"https:\/\/diarioavanzada.com.mx\/index.php?rest_route=\/wp\/v2\/posts"}],"about":[{"href":"https:\/\/diarioavanzada.com.mx\/index.php?rest_route=\/wp\/v2\/types\/post"}],"author":[{"embeddable":true,"href":"https:\/\/diarioavanzada.com.mx\/index.php?rest_route=\/wp\/v2\/users\/5"}],"replies":[{"embeddable":true,"href":"https:\/\/diarioavanzada.com.mx\/index.php?rest_route=%2Fwp%2Fv2%2Fcomments&post=12228"}],"version-history":[{"count":0,"href":"https:\/\/diarioavanzada.com.mx\/index.php?rest_route=\/wp\/v2\/posts\/12228\/revisions"}],"wp:featuredmedia":[{"embeddable":true,"href":"https:\/\/diarioavanzada.com.mx\/index.php?rest_route=\/wp\/v2\/media\/3109"}],"wp:attachment":[{"href":"https:\/\/diarioavanzada.com.mx\/index.php?rest_route=%2Fwp%2Fv2%2Fmedia&parent=12228"}],"wp:term":[{"taxonomy":"category","embeddable":true,"href":"https:\/\/diarioavanzada.com.mx\/index.php?rest_route=%2Fwp%2Fv2%2Fcategories&post=12228"},{"taxonomy":"post_tag","embeddable":true,"href":"https:\/\/diarioavanzada.com.mx\/index.php?rest_route=%2Fwp%2Fv2%2Ftags&post=12228"}],"curies":[{"name":"wp","href":"https:\/\/api.w.org\/{rel}","templated":true}]}}