{"id":12224,"date":"2020-04-29T07:34:33","date_gmt":"2020-04-29T12:34:33","guid":{"rendered":"https:\/\/diarioavanzada.com.mx\/?p=12224"},"modified":"2020-04-29T07:36:03","modified_gmt":"2020-04-29T12:36:03","slug":"puerto-interior-de-manzanillo-probable-fuente-de-propagacion-del-coronavirus","status":"publish","type":"post","link":"https:\/\/diarioavanzada.com.mx\/?p=12224","title":{"rendered":"Puerto interior de Manzanillo, probable fuente de propagaci\u00f3n del Coronavirus"},"content":{"rendered":"\n<p class=\"wp-block-paragraph\">Manzanillo, M\u00e9xico, Avanzada (29\/04\/2020).- A trav\u00e9s del Puerto de Manzanillo se empieza a extender la red de contagios de coronavirus y las primeras muertes por Covid-19 en el estado de Colima.<\/p>\n\n\n\n<p class=\"wp-block-paragraph\">A pesar de que Manzanillo es frontera con el mundo a trav\u00e9s de su puerto y de que la propagaci\u00f3n del coronavirus ya se hab\u00eda convertido en pandemia, no se percibi\u00f3 la aplicaci\u00f3n de protocolos de salud de manera oportuna ni adecuada en el puerto, por lo que ah\u00ed surgi\u00f3 un brote de contagio con los primeros casos.<\/p>\n\n\n\n<p class=\"wp-block-paragraph\">De acuerdo con informaci\u00f3n obtenida de fuentes extraoficiales por Avanzada, el Centro de Emergencias de la Administraci\u00f3n Portuaria Integral (API), ubicado dentro del recinto portuario, tiene un segundo acceso en donde no se aplicaba filtro sanitario, ni hab\u00eda ning\u00fan tipo de vigilancia sanitaria antes del contagio.<\/p>\n\n\n\n<p class=\"wp-block-paragraph\">El coordinador del Centro de Emergencias de la API de Manzanillo muri\u00f3 por Covid-19, pero como todav\u00eda no estaban los resultados sobre la causa de su muerte, tuvo un funeral tradicional, con decenas de asistentes a la funeraria, donde se corre el riesgo que varios de ellos hayan resultado contagiados.<\/p>\n\n\n\n<p class=\"wp-block-paragraph\">De acuerdo con la titular de la Secretar\u00eda de Salud y Bienestar Social (SSBS), Leticia Guadalupe Delgado Carrillo, la v\u00edctima, mayor de 65 a\u00f1os de edad, muri\u00f3 el 13 de abril en el Hospital Naval de Manzanillo, sin embargo el resultado positivo a coronavirus fue dado a conocer por el laboratorio del IMSS hasta el d\u00eda 17.<\/p>\n\n\n\n<p class=\"wp-block-paragraph\">Seg\u00fan el parte m\u00e9dico el paciente tuvo s\u00edntomas desde el 6 de abril, pero acudi\u00f3 a recibir atenci\u00f3n m\u00e9dica por insuficiencia respiratoria, hasta el d\u00eda 12 de abril por la tarde. El 13 de abril se le tom\u00f3 la muestra y fue clasificado como caso sospechoso, pero ese mismo d\u00eda muri\u00f3.<\/p>\n\n\n\n<p class=\"wp-block-paragraph\">La noche previa, el jueves 16, se hab\u00eda dado a conocer la primera muerte por Covid-19 en el estado, una mujer de 52 a\u00f1os de edad tambi\u00e9n residente del municipio de Manzanillo, con antecedentes de diabetes y obesidad.<\/p>\n\n\n\n<p class=\"wp-block-paragraph\">Despu\u00e9s de la muerte del director de la Central de Emergencias de la API, un trabajador de ah\u00ed mismo result\u00f3 positivo al coronavirus, pero es asintom\u00e1tico, aunque a su vez contagi\u00f3 a su esposa, quien est\u00e1 embarazada y a su vez \u00e9sta contagi\u00f3 a un sacerdote con el que tuvo contacto.<\/p>\n\n\n\n<p class=\"wp-block-paragraph\">Otro trabajador de la Central de emergencias enferm\u00f3 y estuvo grave -entubado- en un hospital de Manzanillo.<\/p>\n\n\n\n<p class=\"wp-block-paragraph\">Ante este brote de contagios la Central de Emergencias descans\u00f3 a la mitad de su personal a trav\u00e9s del aislamiento social en casa, pero el resto sigue trabajando.<\/p>\n\n\n\n<p class=\"wp-block-paragraph\">De acuerdo con la SSBS, Manzanillo se convirti\u00f3 en el municipio de mayor riesgo de covid 19 en la entidad, pues fue en este lugar donde han ocurrido los tres fallecimientos que hasta ahora se han contabilizado a nivel estatal, a la vez que se ha presentado un total de catorce de los 25 casos positivos confirmados en el estado.<\/p>\n\n\n\n<p class=\"wp-block-paragraph\"><em>* Fotograf\u00eda tomada del website de API Manzanillo.<\/em><\/p>\n<div class=\"fb-background-color\">\n\t\t\t  <div \n\t\t\t  \tclass = \"fb-comments\" \n\t\t\t  \tdata-href = \"https:\/\/diarioavanzada.com.mx\/?p=12224\"\n\t\t\t  \tdata-numposts = \"10\"\n\t\t\t  \tdata-lazy = \"true\"\n\t\t\t\tdata-colorscheme = \"light\"\n\t\t\t\tdata-order-by = \"social\"\n\t\t\t\tdata-mobile=true>\n\t\t\t  <\/div><\/div>\n\t\t  <style>\n\t\t    .fb-background-color {\n\t\t\t\tbackground:  !important;\n\t\t\t}\n\t\t\t.fb_iframe_widget_fluid_desktop iframe {\n\t\t\t    width: 100% !important;\n\t\t\t}\n\t\t  <\/style>\n\t\t  ","protected":false},"excerpt":{"rendered":"<p>Manzanillo, M\u00e9xico, Avanzada (29\/04\/2020).- A trav\u00e9s del Puerto de Manzanillo se empieza a extender la red de contagios de coronavirus y las primeras muertes por Covid-19 en el estado de Colima. A pesar de que Manzanillo es frontera con el mundo a trav\u00e9s de su puerto y de que la propagaci\u00f3n del coronavirus ya se [&hellip;]<\/p>\n","protected":false},"author":7,"featured_media":5918,"comment_status":"closed","ping_status":"closed","sticky":false,"template":"","format":"standard","meta":{"_coblocks_attr":"","_coblocks_dimensions":"","_coblocks_responsive_height":"","_coblocks_accordion_ie_support":"","advanced_seo_description":"","jetpack_seo_html_title":"","jetpack_seo_noindex":false,"jetpack_seo_schema_type":"","_jetpack_newsletter_access":"","_jetpack_dont_email_post_to_subs":false,"_jetpack_newsletter_tier_id":0,"_jetpack_memberships_contains_paywalled_content":false,"_wpcom_ai_launchpad_first_post":false,"_jetpack_feature_clip_id":0,"_jetpack_memberships_contains_paid_content":false,"footnotes":"","jetpack_post_was_ever_published":false},"categories":[20],"tags":[300,210],"class_list":["post-12224","post","type-post","status-publish","format-standard","has-post-thumbnail","hentry","category-manzanillo","tag-covid-19","tag-portada"],"jetpack-related-posts":[],"jetpack_sharing_enabled":true,"amp_enabled":true,"jetpack_featured_media_url":"https:\/\/diarioavanzada.com.mx\/wp-content\/uploads\/Manzanillo\/42254814047e9259b5e1f5e8188518866d94ff09.png","_links":{"self":[{"href":"https:\/\/diarioavanzada.com.mx\/index.php?rest_route=\/wp\/v2\/posts\/12224","targetHints":{"allow":["GET"]}}],"collection":[{"href":"https:\/\/diarioavanzada.com.mx\/index.php?rest_route=\/wp\/v2\/posts"}],"about":[{"href":"https:\/\/diarioavanzada.com.mx\/index.php?rest_route=\/wp\/v2\/types\/post"}],"author":[{"embeddable":true,"href":"https:\/\/diarioavanzada.com.mx\/index.php?rest_route=\/wp\/v2\/users\/7"}],"replies":[{"embeddable":true,"href":"https:\/\/diarioavanzada.com.mx\/index.php?rest_route=%2Fwp%2Fv2%2Fcomments&post=12224"}],"version-history":[{"count":0,"href":"https:\/\/diarioavanzada.com.mx\/index.php?rest_route=\/wp\/v2\/posts\/12224\/revisions"}],"wp:featuredmedia":[{"embeddable":true,"href":"https:\/\/diarioavanzada.com.mx\/index.php?rest_route=\/wp\/v2\/media\/5918"}],"wp:attachment":[{"href":"https:\/\/diarioavanzada.com.mx\/index.php?rest_route=%2Fwp%2Fv2%2Fmedia&parent=12224"}],"wp:term":[{"taxonomy":"category","embeddable":true,"href":"https:\/\/diarioavanzada.com.mx\/index.php?rest_route=%2Fwp%2Fv2%2Fcategories&post=12224"},{"taxonomy":"post_tag","embeddable":true,"href":"https:\/\/diarioavanzada.com.mx\/index.php?rest_route=%2Fwp%2Fv2%2Ftags&post=12224"}],"curies":[{"name":"wp","href":"https:\/\/api.w.org\/{rel}","templated":true}]}}