{"id":12187,"date":"2020-04-27T07:37:31","date_gmt":"2020-04-27T12:37:31","guid":{"rendered":"https:\/\/diarioavanzada.com.mx\/?p=12187"},"modified":"2020-04-27T07:37:34","modified_gmt":"2020-04-27T12:37:34","slug":"colima-pagara-3-mil-mdp-a-banqueros-y-otros-pasivos-en-el-corto-plazo","status":"publish","type":"post","link":"https:\/\/diarioavanzada.com.mx\/?p=12187","title":{"rendered":"Colima pagar\u00e1 3 mil MDP a banqueros y &#8220;otros pasivos&#8221; en el corto plazo"},"content":{"rendered":"\n<p class=\"wp-block-paragraph\">Colima, M\u00e9xico, Avanzada (27\/04\/2020).- El Gobierno de Colima enfrenta deudas por m\u00e1s de 3 mil 276 millones de pesos que deber\u00e1 pagar a corto plazo, de los cuales, m\u00e1s de mil millones de pesos son adeudos que tiene con diversos bancos.<\/p>\n\n\n\n<p class=\"wp-block-paragraph\">La semana pasada, el gobernador de la entidad, Ignacio Peralta S\u00e1nchez reconoci\u00f3 que la situaci\u00f3n econ\u00f3mica en el gobierno es complicada, y se\u00f1al\u00f3 que se necesitaba que la federaci\u00f3n apoyara con m\u00e1s recursos econ\u00f3micos a la entidad o se tendr\u00eda que solicitar un cr\u00e9dito bancario para enfrentar las necesidades por la emergencia sanitaria decretada por el coronavirus.<\/p>\n\n\n\n<p class=\"wp-block-paragraph\">Sin embargo, diputados locales rechazaron aprobar un endeudamiento al titular del Ejecutivo y refirieron que antes de hablar sobre la contrataci\u00f3n de un nuevo empr\u00e9stito, el gobernador tendr\u00eda que explicar en qu\u00e9 se us\u00f3 el dinero de la deuda p\u00fablica a corto plazo.<\/p>\n\n\n\n<p class=\"wp-block-paragraph\">El legislador, Francisco Rodr\u00edguez Garc\u00eda, indic\u00f3 que el gobierno estatal ha actuado con opacidad, y no existen condiciones para que los legisladores discutan la aprobaci\u00f3n de un nuevo endeudamiento que deber\u00e1n pagar los colimenses por los pr\u00f3ximos a\u00f1os.<\/p>\n\n\n\n<p class=\"wp-block-paragraph\">Por otra parte, de acuerdo al informe del \u00faltimo trimestre del 2019, el Gobierno estatal tendr\u00e1 que pagar m\u00e1s de mil millones de pesos a banqueros con los que contrat\u00f3 cr\u00e9ditos a corto plazo.<\/p>\n\n\n\n<p class=\"wp-block-paragraph\">Hasta el momento, la administraci\u00f3n estatal no ha especificado en qu\u00e9 rubros se utilizaron los m\u00e1s de mil millones de pesos que tendr\u00e1n que liquidarse en este 2020.<\/p>\n\n\n\n<p class=\"wp-block-paragraph\">El informe del \u00faltimo trimestre del 2019 \u2013 disponible en la p\u00e1gina de gobierno- muestra que la administraci\u00f3n que encabeza Peralta S\u00e1nchez tiene deudas por pagar a corto plazos superiores a los 3 mil millones de pesos: 2 mil 276 millones 461 mil 780&nbsp; pesos a \u201cotros pasivos\u201d y mil 8 millones de pesos a banqueros.<\/p>\n<div class=\"fb-background-color\">\n\t\t\t  <div \n\t\t\t  \tclass = \"fb-comments\" \n\t\t\t  \tdata-href = \"https:\/\/diarioavanzada.com.mx\/?p=12187\"\n\t\t\t  \tdata-numposts = \"10\"\n\t\t\t  \tdata-lazy = \"true\"\n\t\t\t\tdata-colorscheme = \"light\"\n\t\t\t\tdata-order-by = \"social\"\n\t\t\t\tdata-mobile=true>\n\t\t\t  <\/div><\/div>\n\t\t  <style>\n\t\t    .fb-background-color {\n\t\t\t\tbackground:  !important;\n\t\t\t}\n\t\t\t.fb_iframe_widget_fluid_desktop iframe {\n\t\t\t    width: 100% !important;\n\t\t\t}\n\t\t  <\/style>\n\t\t  ","protected":false},"excerpt":{"rendered":"<p>Colima, M\u00e9xico, Avanzada (27\/04\/2020).- El Gobierno de Colima enfrenta deudas por m\u00e1s de 3 mil 276 millones de pesos que deber\u00e1 pagar a corto plazo, de los cuales, m\u00e1s de mil millones de pesos son adeudos que tiene con diversos bancos. La semana pasada, el gobernador de la entidad, Ignacio Peralta S\u00e1nchez reconoci\u00f3 que la [&hellip;]<\/p>\n","protected":false},"author":5,"featured_media":9396,"comment_status":"closed","ping_status":"closed","sticky":false,"template":"","format":"standard","meta":{"_coblocks_attr":"","_coblocks_dimensions":"","_coblocks_responsive_height":"","_coblocks_accordion_ie_support":"","_crdt_document":"","advanced_seo_description":"","jetpack_seo_html_title":"","jetpack_seo_noindex":false,"_jetpack_memberships_contains_paid_content":false,"footnotes":""},"categories":[19],"tags":[227,210],"class_list":["post-12187","post","type-post","status-publish","format-standard","has-post-thumbnail","hentry","category-colima","tag-economia","tag-portada"],"jetpack_featured_media_url":"https:\/\/diarioavanzada.com.mx\/wp-content\/uploads\/2020\/01\/Gobernador-tras-banderas.png","jetpack-related-posts":[],"jetpack_sharing_enabled":true,"amp_enabled":true,"_links":{"self":[{"href":"https:\/\/diarioavanzada.com.mx\/index.php?rest_route=\/wp\/v2\/posts\/12187","targetHints":{"allow":["GET"]}}],"collection":[{"href":"https:\/\/diarioavanzada.com.mx\/index.php?rest_route=\/wp\/v2\/posts"}],"about":[{"href":"https:\/\/diarioavanzada.com.mx\/index.php?rest_route=\/wp\/v2\/types\/post"}],"author":[{"embeddable":true,"href":"https:\/\/diarioavanzada.com.mx\/index.php?rest_route=\/wp\/v2\/users\/5"}],"replies":[{"embeddable":true,"href":"https:\/\/diarioavanzada.com.mx\/index.php?rest_route=%2Fwp%2Fv2%2Fcomments&post=12187"}],"version-history":[{"count":0,"href":"https:\/\/diarioavanzada.com.mx\/index.php?rest_route=\/wp\/v2\/posts\/12187\/revisions"}],"wp:featuredmedia":[{"embeddable":true,"href":"https:\/\/diarioavanzada.com.mx\/index.php?rest_route=\/wp\/v2\/media\/9396"}],"wp:attachment":[{"href":"https:\/\/diarioavanzada.com.mx\/index.php?rest_route=%2Fwp%2Fv2%2Fmedia&parent=12187"}],"wp:term":[{"taxonomy":"category","embeddable":true,"href":"https:\/\/diarioavanzada.com.mx\/index.php?rest_route=%2Fwp%2Fv2%2Fcategories&post=12187"},{"taxonomy":"post_tag","embeddable":true,"href":"https:\/\/diarioavanzada.com.mx\/index.php?rest_route=%2Fwp%2Fv2%2Ftags&post=12187"}],"curies":[{"name":"wp","href":"https:\/\/api.w.org\/{rel}","templated":true}]}}