{"id":12128,"date":"2020-04-24T08:20:09","date_gmt":"2020-04-24T13:20:09","guid":{"rendered":"https:\/\/diarioavanzada.com.mx\/?p=12128"},"modified":"2020-04-24T08:28:49","modified_gmt":"2020-04-24T13:28:49","slug":"urge-hospital-para-enfermos-por-covid-19-hospitalizados-por-otras-enfermedades-estan-en-riesgo","status":"publish","type":"post","link":"https:\/\/diarioavanzada.com.mx\/?p=12128","title":{"rendered":"Urge hospital para enfermos por Covid-19, hospitalizados por otras enfermedades est\u00e1n en riesgo"},"content":{"rendered":"\n<p class=\"wp-block-paragraph\">Colima, M\u00e9xico, Avanzada (24\/04\/2020).- Por segunda ocasi\u00f3n en menos de un mes, la secretar\u00eda general del sindicato de Salud, Dolores Gonz\u00e1lez Meza solicit\u00f3 al gobernador, Ignacio Peralta S\u00e1nchez que defina un solo hospital para atender a las personas contagiadas de Covid-19, de lo contrario, se pondr\u00e1 en riesgo a los pacientes hospitalizados por otras enfermedades.<\/p>\n\n\n\n<p class=\"wp-block-paragraph\">Gonz\u00e1lez Meza indic\u00f3 que hay deficiencias en el sistema de Salud y refiri\u00f3 que ni el Hospital Regional Universitario, el Civil de Manzanillo o el de Tecom\u00e1n tienen la capacidad para formar parte de la reconversi\u00f3n hospitalaria (realizar la lista de materiales con los que cuentan para atender a enfermos de coronavirus, como n\u00famero de camas, ox\u00edgeno, ventiladores) porque todos los d\u00edas siguen recibiendo a nuevos hospitalizados por otras enfermedades.<\/p>\n\n\n\n<p class=\"wp-block-paragraph\">\u201cMe preocupa que Colima es el \u00fanico estado en donde no tenemos un hospital por referencia de Covid, porque en ning\u00fan hospital, ni el de Manzanillo, ni el de Tecom\u00e1n ni el Regional, est\u00e1n para hacer una readaptaci\u00f3n (reconversi\u00f3n) &nbsp;a hospital Covid porque seguimos recibiendo pacientes con otras enfermedades y se podr\u00e1n en riesgo\u201d.<\/p>\n\n\n\n<p class=\"wp-block-paragraph\">La lideresa sindical solicit\u00f3 a la autoridad estatal atender con urgencia la problem\u00e1tica que enfrenta el sector salud y empezar a definir, en qu\u00e9 nosocomio se estar\u00e1 concentrado a los pacientes, como ya lo hicieron en otras entidades del pa\u00eds desde hace d\u00edas.<\/p>\n\n\n\n<p class=\"wp-block-paragraph\">\u201cNo podemos estar recibiendo a los pacientes por Covid y estarlos paseando de un \u00e1rea a otra porque eso pondr\u00e1 en riesgo a todos. Necesitamos que se defina y por eso le hago un llamado al gobernador\u201d.<\/p>\n<div class=\"fb-background-color\">\n\t\t\t  <div \n\t\t\t  \tclass = \"fb-comments\" \n\t\t\t  \tdata-href = \"https:\/\/diarioavanzada.com.mx\/?p=12128\"\n\t\t\t  \tdata-numposts = \"10\"\n\t\t\t  \tdata-lazy = \"true\"\n\t\t\t\tdata-colorscheme = \"light\"\n\t\t\t\tdata-order-by = \"social\"\n\t\t\t\tdata-mobile=true>\n\t\t\t  <\/div><\/div>\n\t\t  <style>\n\t\t    .fb-background-color {\n\t\t\t\tbackground:  !important;\n\t\t\t}\n\t\t\t.fb_iframe_widget_fluid_desktop iframe {\n\t\t\t    width: 100% !important;\n\t\t\t}\n\t\t  <\/style>\n\t\t  ","protected":false},"excerpt":{"rendered":"<p>Colima, M\u00e9xico, Avanzada (24\/04\/2020).- Por segunda ocasi\u00f3n en menos de un mes, la secretar\u00eda general del sindicato de Salud, Dolores Gonz\u00e1lez Meza solicit\u00f3 al gobernador, Ignacio Peralta S\u00e1nchez que defina un solo hospital para atender a las personas contagiadas de Covid-19, de lo contrario, se pondr\u00e1 en riesgo a los pacientes hospitalizados por otras enfermedades. [&hellip;]<\/p>\n","protected":false},"author":5,"featured_media":12130,"comment_status":"closed","ping_status":"closed","sticky":false,"template":"","format":"standard","meta":{"_coblocks_attr":"","_coblocks_dimensions":"","_coblocks_responsive_height":"","_coblocks_accordion_ie_support":"","_crdt_document":"","advanced_seo_description":"","jetpack_seo_html_title":"","jetpack_seo_noindex":false,"_jetpack_memberships_contains_paid_content":false,"footnotes":""},"categories":[19,27],"tags":[210],"class_list":["post-12128","post","type-post","status-publish","format-standard","has-post-thumbnail","hentry","category-colima","category-salud","tag-portada"],"jetpack_featured_media_url":"https:\/\/diarioavanzada.com.mx\/wp-content\/uploads\/2020\/04\/94033066_1958425714349114_6165990019484876800_n.jpg","jetpack-related-posts":[],"jetpack_sharing_enabled":true,"amp_enabled":true,"_links":{"self":[{"href":"https:\/\/diarioavanzada.com.mx\/index.php?rest_route=\/wp\/v2\/posts\/12128","targetHints":{"allow":["GET"]}}],"collection":[{"href":"https:\/\/diarioavanzada.com.mx\/index.php?rest_route=\/wp\/v2\/posts"}],"about":[{"href":"https:\/\/diarioavanzada.com.mx\/index.php?rest_route=\/wp\/v2\/types\/post"}],"author":[{"embeddable":true,"href":"https:\/\/diarioavanzada.com.mx\/index.php?rest_route=\/wp\/v2\/users\/5"}],"replies":[{"embeddable":true,"href":"https:\/\/diarioavanzada.com.mx\/index.php?rest_route=%2Fwp%2Fv2%2Fcomments&post=12128"}],"version-history":[{"count":0,"href":"https:\/\/diarioavanzada.com.mx\/index.php?rest_route=\/wp\/v2\/posts\/12128\/revisions"}],"wp:featuredmedia":[{"embeddable":true,"href":"https:\/\/diarioavanzada.com.mx\/index.php?rest_route=\/wp\/v2\/media\/12130"}],"wp:attachment":[{"href":"https:\/\/diarioavanzada.com.mx\/index.php?rest_route=%2Fwp%2Fv2%2Fmedia&parent=12128"}],"wp:term":[{"taxonomy":"category","embeddable":true,"href":"https:\/\/diarioavanzada.com.mx\/index.php?rest_route=%2Fwp%2Fv2%2Fcategories&post=12128"},{"taxonomy":"post_tag","embeddable":true,"href":"https:\/\/diarioavanzada.com.mx\/index.php?rest_route=%2Fwp%2Fv2%2Ftags&post=12128"}],"curies":[{"name":"wp","href":"https:\/\/api.w.org\/{rel}","templated":true}]}}