{"id":121271,"date":"2026-05-01T16:27:39","date_gmt":"2026-05-01T22:27:39","guid":{"rendered":"https:\/\/diarioavanzada.com.mx\/?p=121271"},"modified":"2026-05-01T16:27:39","modified_gmt":"2026-05-01T22:27:39","slug":"se-busca-daniela-tiene-14-anos-de-edad-desaparecio-este-dia-en-el-municipio-de-colima","status":"publish","type":"post","link":"https:\/\/diarioavanzada.com.mx\/?p=121271","title":{"rendered":"Se busca: Daniela tiene 14 a\u00f1os de edad, desapareci\u00f3 este d\u00eda en el municipio de Colima"},"content":{"rendered":"\n<p class=\"p2 wp-block-paragraph\">Colima, M\u00e9xico, Avanzada (01\/05\/2026).- La Comisi\u00f3n de B\u00fasqueda de Personas del Estado de Colima emiti\u00f3 una ficha para localizar a Daniela Alejandra Torres Casillas, una menor de 14 a\u00f1os de edad reportada como desaparecida este 1 de mayo de 2026 en Colima.<\/p>\n\n\n\n<p class=\"p2 wp-block-paragraph\">De acuerdo con la informaci\u00f3n oficial, la adolescente fue vista por \u00faltima vez en la capital del estado el mismo d\u00eda en que se levant\u00f3 el reporte. Como parte de sus caracter\u00edsticas f\u00edsicas, se indic\u00f3 que mide aproximadamente 1.35 metros, tiene complexi\u00f3n delgada, cara redonda, nariz achatada, tez morena clara, as\u00ed como ojos color caf\u00e9 oscuro y cabello lacio, corto y casta\u00f1o claro.<\/p>\n\n\n\n<p class=\"p2 wp-block-paragraph\">Al momento de su desaparici\u00f3n, Daniela vest\u00eda una blusa color rosa, falda corta negra y tenis blancos. Las autoridades se\u00f1alaron que no cuenta con se\u00f1as particulares visibles.<\/p>\n\n\n\n<p class=\"p2 wp-block-paragraph\">La Comisi\u00f3n de B\u00fasqueda hizo un llamado a la ciudadan\u00eda para aportar cualquier informaci\u00f3n que contribuya a dar con su paradero, poniendo a disposici\u00f3n el n\u00famero telef\u00f3nico 312 131 3809 para reportes.<\/p>\n\n\n\n<p class=\"p3 wp-block-paragraph\">Las autoridades mantienen activo el protocolo de b\u00fasqueda y reiteraron la importancia de la colaboraci\u00f3n social para la pronta localizaci\u00f3n de la menor.<\/p>\n\n\n\n<figure class=\"wp-block-image size-large\"><img loading=\"lazy\" decoding=\"async\" width=\"1024\" height=\"871\" src=\"https:\/\/diarioavanzada.com.mx\/wp-content\/uploads\/2026\/05\/img_0743-1024x871.jpg\" class=\"wp-image-121269\" srcset=\"https:\/\/diarioavanzada.com.mx\/wp-content\/uploads\/2026\/05\/img_0743-1024x871.jpg 1024w, https:\/\/diarioavanzada.com.mx\/wp-content\/uploads\/2026\/05\/img_0743-300x255.jpg 300w, https:\/\/diarioavanzada.com.mx\/wp-content\/uploads\/2026\/05\/img_0743-768x653.jpg 768w, https:\/\/diarioavanzada.com.mx\/wp-content\/uploads\/2026\/05\/img_0743.jpg 1224w\" sizes=\"auto, (max-width: 1024px) 100vw, 1024px\" \/><\/figure>\n<div class=\"fb-background-color\">\n\t\t\t  <div \n\t\t\t  \tclass = \"fb-comments\" \n\t\t\t  \tdata-href = \"https:\/\/diarioavanzada.com.mx\/?p=121271\"\n\t\t\t  \tdata-numposts = \"10\"\n\t\t\t  \tdata-lazy = \"true\"\n\t\t\t\tdata-colorscheme = \"light\"\n\t\t\t\tdata-order-by = \"social\"\n\t\t\t\tdata-mobile=true>\n\t\t\t  <\/div><\/div>\n\t\t  <style>\n\t\t    .fb-background-color {\n\t\t\t\tbackground:  !important;\n\t\t\t}\n\t\t\t.fb_iframe_widget_fluid_desktop iframe {\n\t\t\t    width: 100% !important;\n\t\t\t}\n\t\t  <\/style>\n\t\t  ","protected":false},"excerpt":{"rendered":"<p>Colima, M\u00e9xico, Avanzada (01\/05\/2026).- La Comisi\u00f3n de B\u00fasqueda de Personas del Estado de Colima emiti\u00f3 una ficha para localizar a Daniela Alejandra Torres Casillas, una menor de 14 a\u00f1os de edad reportada como desaparecida este 1 de mayo de 2026 en Colima. De acuerdo con la informaci\u00f3n oficial, la adolescente fue vista por \u00faltima vez [&hellip;]<\/p>\n","protected":false},"author":7,"featured_media":121270,"comment_status":"closed","ping_status":"closed","sticky":false,"template":"","format":"standard","meta":{"_coblocks_attr":"","_coblocks_dimensions":"","_coblocks_responsive_height":"","_coblocks_accordion_ie_support":"","_crdt_document":"","advanced_seo_description":"","jetpack_seo_html_title":"","jetpack_seo_noindex":false,"_jetpack_memberships_contains_paid_content":false,"footnotes":""},"categories":[19,1,209,7,231,29],"tags":[210],"class_list":["post-121271","post","type-post","status-publish","format-standard","has-post-thumbnail","hentry","category-colima","category-general","category-importantes","category-noticias","category-seguridad","category-sociedad","tag-portada"],"jetpack_featured_media_url":"https:\/\/diarioavanzada.com.mx\/wp-content\/uploads\/2026\/05\/img_0744.png","jetpack-related-posts":[],"jetpack_sharing_enabled":true,"amp_enabled":true,"_links":{"self":[{"href":"https:\/\/diarioavanzada.com.mx\/index.php?rest_route=\/wp\/v2\/posts\/121271","targetHints":{"allow":["GET"]}}],"collection":[{"href":"https:\/\/diarioavanzada.com.mx\/index.php?rest_route=\/wp\/v2\/posts"}],"about":[{"href":"https:\/\/diarioavanzada.com.mx\/index.php?rest_route=\/wp\/v2\/types\/post"}],"author":[{"embeddable":true,"href":"https:\/\/diarioavanzada.com.mx\/index.php?rest_route=\/wp\/v2\/users\/7"}],"replies":[{"embeddable":true,"href":"https:\/\/diarioavanzada.com.mx\/index.php?rest_route=%2Fwp%2Fv2%2Fcomments&post=121271"}],"version-history":[{"count":0,"href":"https:\/\/diarioavanzada.com.mx\/index.php?rest_route=\/wp\/v2\/posts\/121271\/revisions"}],"wp:featuredmedia":[{"embeddable":true,"href":"https:\/\/diarioavanzada.com.mx\/index.php?rest_route=\/wp\/v2\/media\/121270"}],"wp:attachment":[{"href":"https:\/\/diarioavanzada.com.mx\/index.php?rest_route=%2Fwp%2Fv2%2Fmedia&parent=121271"}],"wp:term":[{"taxonomy":"category","embeddable":true,"href":"https:\/\/diarioavanzada.com.mx\/index.php?rest_route=%2Fwp%2Fv2%2Fcategories&post=121271"},{"taxonomy":"post_tag","embeddable":true,"href":"https:\/\/diarioavanzada.com.mx\/index.php?rest_route=%2Fwp%2Fv2%2Ftags&post=121271"}],"curies":[{"name":"wp","href":"https:\/\/api.w.org\/{rel}","templated":true}]}}