{"id":121265,"date":"2026-05-01T16:04:09","date_gmt":"2026-05-01T22:04:09","guid":{"rendered":"https:\/\/diarioavanzada.com.mx\/?p=121265"},"modified":"2026-05-01T16:04:09","modified_gmt":"2026-05-01T22:04:09","slug":"fgr-rechaza-detener-a-ruben-rocha-moya-por-falta-de-pruebas","status":"publish","type":"post","link":"https:\/\/diarioavanzada.com.mx\/?p=121265","title":{"rendered":"FGR rechaza detener a Rub\u00e9n Rocha Moya por falta de pruebas"},"content":{"rendered":"\n<p class=\"p1 wp-block-paragraph\">Avanzada (01\/05\/2026).- La Fiscal\u00eda General de la Rep\u00fablica (FGR) inform\u00f3 que la solicitud de autoridades de Estados Unidos para detener provisionalmente con fines de extradici\u00f3n a 10 ciudadanos mexicanos, presuntamente vinculados con actividades del narcotr\u00e1fico, carece de elementos suficientes, por lo que se solicitar\u00e1 informaci\u00f3n adicional antes de emitir una determinaci\u00f3n.<\/p>\n\n\n\n<p class=\"p2 wp-block-paragraph\">Durante una conferencia de prensa, el titular de la Fiscal\u00eda Especializada de Control Competencial, Ra\u00fal Jim\u00e9nez V\u00e1zquez, explic\u00f3 que el requerimiento fue presentado por la fiscal\u00eda federal del Distrito Sur de Nueva York, a trav\u00e9s del Departamento de Justicia, y canalizado a M\u00e9xico por la Secretar\u00eda de Relaciones Exteriores.<\/p>\n\n\n\n<p class=\"p2 wp-block-paragraph\">Precis\u00f3 que no se trata de una solicitud formal de extradici\u00f3n, sino \u00fanicamente de una petici\u00f3n de medida cautelar consistente en la detenci\u00f3n provisional de los implicados. Sin embargo, tras un primer an\u00e1lisis, la FGR concluy\u00f3 que el expediente no contiene justificaci\u00f3n sobre la urgencia de las detenciones ni pruebas suficientes que acrediten los delitos se\u00f1alados.<\/p>\n\n\n\n<p class=\"p2 wp-block-paragraph\">En ese sentido, indic\u00f3 que la Fiscal\u00eda solicitar\u00e1, por conducto de la canciller\u00eda, que se remitan los documentos, evidencias y argumentos necesarios, bajo mecanismos que garanticen la confidencialidad, a fin de realizar una nueva valoraci\u00f3n jur\u00eddica.<\/p>\n\n\n\n<p class=\"p2 wp-block-paragraph\">El funcionario subray\u00f3 que la detenci\u00f3n provisional implica una restricci\u00f3n a derechos humanos, por lo que solo puede autorizarse cuando existen fundamentos s\u00f3lidos y plenamente acreditados, lo cual, dijo, no ocurre en este caso.<\/p>\n\n\n\n<p class=\"p2 wp-block-paragraph\">Asimismo, dej\u00f3 en claro que cualquier decisi\u00f3n de la FGR se limitar\u00e1, por ahora, al an\u00e1lisis de esta medida cautelar, y no a un proceso de extradici\u00f3n formal, el cual implicar\u00eda etapas adicionales ante la Secretar\u00eda de Relaciones Exteriores y el Poder Judicial.<\/p>\n\n\n\n<p class=\"p2 wp-block-paragraph\">Cabe recordar que, d\u00edas antes, autoridades estadounidenses dieron a conocer una acusaci\u00f3n formal contra el gobernador de Sinaloa, Rub\u00e9n Rocha Moya, y otros nueve funcionarios, a quienes se\u00f1alan de presuntos v\u00ednculos con el C\u00e1rtel de Sinaloa para facilitar el tr\u00e1fico de drogas hacia ese pa\u00eds. La solicitud de detenci\u00f3n provisional anunciada este d\u00eda se enmarca en ese mismo caso.<\/p>\n\n\n\n<p class=\"p3 wp-block-paragraph\">La FGR reiter\u00f3 que actuar\u00e1 conforme a la Constituci\u00f3n, la ley de extradici\u00f3n internacional y los tratados bilaterales, y sostuvo que su actuaci\u00f3n estar\u00e1 guiada por los principios de legalidad, debido proceso y defensa de la soberan\u00eda nacional.<\/p>\n\n\n\n<figure class=\"wp-block-video\"><div class=\"wp-block-embed__wrapper\">\n<iframe title=\"VideoPress Video Player\" aria-label='VideoPress Video Player' width='740' height='416' src='https:\/\/videopress.com\/embed\/pnDIB58C?cover=1&amp;preloadContent=metadata&amp;useAverageColor=1&amp;hd=0' frameborder='0' allowfullscreen data-resize-to-parent=\"true\" allow='clipboard-write'><\/iframe><script src='https:\/\/v0.wordpress.com\/js\/next\/videopress-iframe.js?m=1770107250'><\/script>\n<\/div><\/figure>\n<div class=\"fb-background-color\">\n\t\t\t  <div \n\t\t\t  \tclass = \"fb-comments\" \n\t\t\t  \tdata-href = \"https:\/\/diarioavanzada.com.mx\/?p=121265\"\n\t\t\t  \tdata-numposts = \"10\"\n\t\t\t  \tdata-lazy = \"true\"\n\t\t\t\tdata-colorscheme = \"light\"\n\t\t\t\tdata-order-by = \"social\"\n\t\t\t\tdata-mobile=true>\n\t\t\t  <\/div><\/div>\n\t\t  <style>\n\t\t    .fb-background-color {\n\t\t\t\tbackground:  !important;\n\t\t\t}\n\t\t\t.fb_iframe_widget_fluid_desktop iframe {\n\t\t\t    width: 100% !important;\n\t\t\t}\n\t\t  <\/style>\n\t\t  ","protected":false},"excerpt":{"rendered":"<p>Avanzada (01\/05\/2026).- La Fiscal\u00eda General de la Rep\u00fablica (FGR) inform\u00f3 que la solicitud de autoridades de Estados Unidos para detener provisionalmente con fines de extradici\u00f3n a 10 ciudadanos mexicanos, presuntamente vinculados con actividades del narcotr\u00e1fico, carece de elementos suficientes, por lo que se solicitar\u00e1 informaci\u00f3n adicional antes de emitir una determinaci\u00f3n. Durante una conferencia de [&hellip;]<\/p>\n","protected":false},"author":7,"featured_media":121267,"comment_status":"closed","ping_status":"closed","sticky":false,"template":"","format":"standard","meta":{"_coblocks_attr":"","_coblocks_dimensions":"","_coblocks_responsive_height":"","_coblocks_accordion_ie_support":"","_crdt_document":"","advanced_seo_description":"","jetpack_seo_html_title":"","jetpack_seo_noindex":false,"_jetpack_memberships_contains_paid_content":false,"footnotes":""},"categories":[1,209,22,7,231,29],"tags":[210],"class_list":["post-121265","post","type-post","status-publish","format-standard","has-post-thumbnail","hentry","category-general","category-importantes","category-nacion","category-noticias","category-seguridad","category-sociedad","tag-portada"],"jetpack_featured_media_url":"https:\/\/diarioavanzada.com.mx\/wp-content\/uploads\/2026\/05\/img_0675.png","jetpack-related-posts":[],"jetpack_sharing_enabled":true,"amp_enabled":true,"_links":{"self":[{"href":"https:\/\/diarioavanzada.com.mx\/index.php?rest_route=\/wp\/v2\/posts\/121265","targetHints":{"allow":["GET"]}}],"collection":[{"href":"https:\/\/diarioavanzada.com.mx\/index.php?rest_route=\/wp\/v2\/posts"}],"about":[{"href":"https:\/\/diarioavanzada.com.mx\/index.php?rest_route=\/wp\/v2\/types\/post"}],"author":[{"embeddable":true,"href":"https:\/\/diarioavanzada.com.mx\/index.php?rest_route=\/wp\/v2\/users\/7"}],"replies":[{"embeddable":true,"href":"https:\/\/diarioavanzada.com.mx\/index.php?rest_route=%2Fwp%2Fv2%2Fcomments&post=121265"}],"version-history":[{"count":1,"href":"https:\/\/diarioavanzada.com.mx\/index.php?rest_route=\/wp\/v2\/posts\/121265\/revisions"}],"predecessor-version":[{"id":121268,"href":"https:\/\/diarioavanzada.com.mx\/index.php?rest_route=\/wp\/v2\/posts\/121265\/revisions\/121268"}],"wp:featuredmedia":[{"embeddable":true,"href":"https:\/\/diarioavanzada.com.mx\/index.php?rest_route=\/wp\/v2\/media\/121267"}],"wp:attachment":[{"href":"https:\/\/diarioavanzada.com.mx\/index.php?rest_route=%2Fwp%2Fv2%2Fmedia&parent=121265"}],"wp:term":[{"taxonomy":"category","embeddable":true,"href":"https:\/\/diarioavanzada.com.mx\/index.php?rest_route=%2Fwp%2Fv2%2Fcategories&post=121265"},{"taxonomy":"post_tag","embeddable":true,"href":"https:\/\/diarioavanzada.com.mx\/index.php?rest_route=%2Fwp%2Fv2%2Ftags&post=121265"}],"curies":[{"name":"wp","href":"https:\/\/api.w.org\/{rel}","templated":true}]}}