{"id":121225,"date":"2026-05-01T10:22:02","date_gmt":"2026-05-01T16:22:02","guid":{"rendered":"https:\/\/diarioavanzada.com.mx\/?p=121225"},"modified":"2026-05-01T10:22:02","modified_gmt":"2026-05-01T16:22:02","slug":"martha-zepeda-procedera-por-privacion-ilegal-de-la-libertad","status":"publish","type":"post","link":"https:\/\/diarioavanzada.com.mx\/?p=121225","title":{"rendered":"Martha Zepeda proceder\u00e1 por privaci\u00f3n ilegal de la libertad"},"content":{"rendered":"\n<p class=\"p1 wp-block-paragraph\">Colima, M\u00e9xico, Avanzada (01\/05\/2026).- La coordinadora de Movimiento Ciudadano y regidora de Manzanillo, Martha Mar\u00eda Zepeda del Toro, asegur\u00f3 que su detenci\u00f3n ocurrida el d\u00eda de ayer fue ilegal y obedeci\u00f3 a una instrucci\u00f3n dirigida para frenar la resistencia ciudadana contra el derribo de \u00e1rboles en un predio en disputa.<\/p>\n\n\n\n<p class=\"p2 wp-block-paragraph\">En entrevista con <em>Diario Avanzada<\/em>, Zepeda del Toro explic\u00f3 que, junto con vecinos, acudi\u00f3 desde temprano al lugar para impedir el ingreso de maquinaria, ante el riesgo de que se concrete la tala. Se\u00f1al\u00f3 que la protesta ha sido pac\u00edfica y responde a la falta de di\u00e1logo por parte de la autoridad municipal, que \u2014afirm\u00f3\u2014 no consult\u00f3 a la poblaci\u00f3n antes de cambiar el uso de suelo.<\/p>\n\n\n\n<p class=\"p2 wp-block-paragraph\"><em>\u201cCuando te quitan la v\u00eda legal, cuando te quitan la v\u00eda de di\u00e1logo, lo \u00fanico que te queda es la resistencia, y eso fue lo que hicimos\u201d, <\/em>expres\u00f3.<\/p>\n\n\n\n<p class=\"p2 wp-block-paragraph\">La regidora sostuvo que su detenci\u00f3n, que dur\u00f3 entre dos y tres horas, careci\u00f3 de sustento jur\u00eddico. Indic\u00f3 que inicialmente se intent\u00f3 justificar bajo el delito de despojo, pese a que \u2014dijo\u2014 los trabajadores permanec\u00edan dentro del predio, lo que imped\u00eda configurar esa falta. Tambi\u00e9n rechaz\u00f3 haber desobedecido alg\u00fan mandato de autoridad, al se\u00f1alar que nunca se les mostr\u00f3 una orden formal.<\/p>\n\n\n\n<p class=\"p2 wp-block-paragraph\"><em>\u201cSiempre actuamos de manera pac\u00edfica, nunca alteramos el orden ni cometimos ning\u00fan delito\u201d,<\/em> afirm\u00f3.<\/p>\n\n\n\n<p class=\"p2 wp-block-paragraph\">Zepeda del Toro relat\u00f3 que, incluso cuando ya era trasladada para ser puesta a disposici\u00f3n del Ministerio P\u00fablico, se dio la orden de liberarla sin cargos ni faltas administrativas. Consider\u00f3 que la intervenci\u00f3n de recursos legales promovidos casi de inmediato influy\u00f3 en su liberaci\u00f3n.<\/p>\n\n\n\n<p class=\"p2 wp-block-paragraph\">La regidora calific\u00f3 el hecho como <em>\u201cgrav\u00edsimo\u201d <\/em>y advirti\u00f3 que podr\u00eda sentar un precedente de criminalizaci\u00f3n de la protesta social. En ese sentido, anunci\u00f3 que proceder\u00e1 legalmente por privaci\u00f3n ilegal de la libertad.<\/p>\n\n\n\n<p class=\"p2 wp-block-paragraph\"><em>\u201cEs muy grave que la autoridad caiga en la tentaci\u00f3n de reprimir cuando un ciudadano se manifiesta para pedir di\u00e1logo. La expresi\u00f3n de ideas no se puede criminalizar\u201d,<\/em> subray\u00f3.<\/p>\n\n\n\n<p class=\"p2 wp-block-paragraph\">Asimismo, sugiri\u00f3 que la actuaci\u00f3n policial pudo responder a intereses econ\u00f3micos, al se\u00f1alar que un representante de la constructora presente en el lugar insist\u00eda en que fueran detenidos. <em>\u201cImag\u00ednate, la autoridad le obedece al poder econ\u00f3mico\u201d,<\/em> dijo.<\/p>\n\n\n\n<p class=\"p2 wp-block-paragraph\">Sobre la cadena de mando, indic\u00f3 que los elementos que participaron pertenec\u00edan a la Polic\u00eda Estatal y a la Secretar\u00eda de Marina, por lo que consider\u00f3 que la instrucci\u00f3n debi\u00f3 provenir de niveles superiores en materia de seguridad p\u00fablica estatal.<\/p>\n\n\n\n<p class=\"p2 wp-block-paragraph\">Zepeda del Toro tambi\u00e9n denunci\u00f3 que existe una persecuci\u00f3n sistem\u00e1tica en su contra, al asegurar que enfrenta varios procesos legales que calific\u00f3 como injustificados, y advirti\u00f3 que podr\u00edan presentarse m\u00e1s acciones en su contra.<\/p>\n\n\n\n<p class=\"p2 wp-block-paragraph\">En cuanto al predio, se\u00f1al\u00f3 que actualmente se encuentra en manos de un particular y que se busca avanzar en un proyecto habitacional, presuntamente vinculado al Infonavit. Mientras tanto, vecinos mantienen guardias permanentes para impedir el derribo de \u00e1rboles, en tanto contin\u00faan los procesos legales en tribunales.<\/p>\n\n\n\n<p class=\"p3 wp-block-paragraph\"><em>\u201cLo que queremos es di\u00e1logo, que escuchen a los vecinos y atiendan el sentir de la comunidad\u201d,<\/em> concluy\u00f3.<\/p>\n<div class=\"fb-background-color\">\n\t\t\t  <div \n\t\t\t  \tclass = \"fb-comments\" \n\t\t\t  \tdata-href = \"https:\/\/diarioavanzada.com.mx\/?p=121225\"\n\t\t\t  \tdata-numposts = \"10\"\n\t\t\t  \tdata-lazy = \"true\"\n\t\t\t\tdata-colorscheme = \"light\"\n\t\t\t\tdata-order-by = \"social\"\n\t\t\t\tdata-mobile=true>\n\t\t\t  <\/div><\/div>\n\t\t  <style>\n\t\t    .fb-background-color {\n\t\t\t\tbackground:  !important;\n\t\t\t}\n\t\t\t.fb_iframe_widget_fluid_desktop iframe {\n\t\t\t    width: 100% !important;\n\t\t\t}\n\t\t  <\/style>\n\t\t  ","protected":false},"excerpt":{"rendered":"<p>Colima, M\u00e9xico, Avanzada (01\/05\/2026).- La coordinadora de Movimiento Ciudadano y regidora de Manzanillo, Martha Mar\u00eda Zepeda del Toro, asegur\u00f3 que su detenci\u00f3n ocurrida el d\u00eda de ayer fue ilegal y obedeci\u00f3 a una instrucci\u00f3n dirigida para frenar la resistencia ciudadana contra el derribo de \u00e1rboles en un predio en disputa. En entrevista con Diario Avanzada, [&hellip;]<\/p>\n","protected":false},"author":21,"featured_media":121232,"comment_status":"closed","ping_status":"closed","sticky":false,"template":"","format":"standard","meta":{"_coblocks_attr":"","_coblocks_dimensions":"","_coblocks_responsive_height":"","_coblocks_accordion_ie_support":"","_crdt_document":"","advanced_seo_description":"","jetpack_seo_html_title":"","jetpack_seo_noindex":false,"_jetpack_memberships_contains_paid_content":false,"footnotes":""},"categories":[19,1,209,20,7,29],"tags":[210],"class_list":["post-121225","post","type-post","status-publish","format-standard","has-post-thumbnail","hentry","category-colima","category-general","category-importantes","category-manzanillo","category-noticias","category-sociedad","tag-portada"],"jetpack_featured_media_url":"https:\/\/diarioavanzada.com.mx\/wp-content\/uploads\/2026\/05\/img_0726.jpg","jetpack-related-posts":[],"jetpack_sharing_enabled":true,"amp_enabled":true,"_links":{"self":[{"href":"https:\/\/diarioavanzada.com.mx\/index.php?rest_route=\/wp\/v2\/posts\/121225","targetHints":{"allow":["GET"]}}],"collection":[{"href":"https:\/\/diarioavanzada.com.mx\/index.php?rest_route=\/wp\/v2\/posts"}],"about":[{"href":"https:\/\/diarioavanzada.com.mx\/index.php?rest_route=\/wp\/v2\/types\/post"}],"author":[{"embeddable":true,"href":"https:\/\/diarioavanzada.com.mx\/index.php?rest_route=\/wp\/v2\/users\/21"}],"replies":[{"embeddable":true,"href":"https:\/\/diarioavanzada.com.mx\/index.php?rest_route=%2Fwp%2Fv2%2Fcomments&post=121225"}],"version-history":[{"count":2,"href":"https:\/\/diarioavanzada.com.mx\/index.php?rest_route=\/wp\/v2\/posts\/121225\/revisions"}],"predecessor-version":[{"id":121233,"href":"https:\/\/diarioavanzada.com.mx\/index.php?rest_route=\/wp\/v2\/posts\/121225\/revisions\/121233"}],"wp:featuredmedia":[{"embeddable":true,"href":"https:\/\/diarioavanzada.com.mx\/index.php?rest_route=\/wp\/v2\/media\/121232"}],"wp:attachment":[{"href":"https:\/\/diarioavanzada.com.mx\/index.php?rest_route=%2Fwp%2Fv2%2Fmedia&parent=121225"}],"wp:term":[{"taxonomy":"category","embeddable":true,"href":"https:\/\/diarioavanzada.com.mx\/index.php?rest_route=%2Fwp%2Fv2%2Fcategories&post=121225"},{"taxonomy":"post_tag","embeddable":true,"href":"https:\/\/diarioavanzada.com.mx\/index.php?rest_route=%2Fwp%2Fv2%2Ftags&post=121225"}],"curies":[{"name":"wp","href":"https:\/\/api.w.org\/{rel}","templated":true}]}}