{"id":121175,"date":"2026-04-30T19:34:00","date_gmt":"2026-05-01T01:34:00","guid":{"rendered":"https:\/\/diarioavanzada.com.mx\/?p=121175"},"modified":"2026-04-30T19:34:02","modified_gmt":"2026-05-01T01:34:02","slug":"gabriel-de-la-mora-destacado-artista-visual-nuevo-maestro-universitario-distinguido-de-la-universidad-de-colima","status":"publish","type":"post","link":"https:\/\/diarioavanzada.com.mx\/?p=121175","title":{"rendered":"Gabriel de la Mora, destacado artista visual, nuevo Maestro\u00a0Universitario Distinguido de la Universidad de Colima"},"content":{"rendered":"\n<p class=\"wp-block-paragraph\"><em>\u201cTe quiero invitar a que nos ayudes a construir ese puente entre el arte y la academia representada por la Universidad de Colima\u201d. Christian Torres Ortiz, rector.<\/em><\/p>\n\n\n\n<p class=\"wp-block-paragraph\"><em>\u201cLa igualdad no consiste en tratar a todos de la misma manera, sino en generar condiciones para que cada uno pueda desarrollar sus capacidades\u201d: Gabriel de la Mora.<\/em><\/p>\n\n\n\n<p class=\"wp-block-paragraph\">Colima, M\u00e9xico, Comunicado (30\/04\/2026).- Este jueves 30 de abril, en la Pinacoteca, la universidad de Colima entreg\u00f3 el t\u00edtulo de Maestro Universitario Distinguido al artista visual Gabriel de la Mora Centeno, \u201cpor sus aportaciones al arte contempor\u00e1neo en M\u00e9xico y su trayectoria como artista, ampliamente reconocida por el p\u00fablico y la cr\u00edtica especializada, que subraya el valor cultural de la memoria y la comunicaci\u00f3n humana para construir una realidad influyente y diversa\u201d.\u00a0<\/p>\n\n\n\n<p class=\"wp-block-paragraph\">En su discurso, Gabriel de la Mora confes\u00f3 que, aunque como artista su mejor forma de expresi\u00f3n es visual, se tom\u00f3 el tiempo para escribir, por primera vez, unas palabras de agradecimiento: \u201cRecibo esta distinci\u00f3n con gratitud, pero tambi\u00e9n con una profunda conciencia de responsabilidad, porque los reconocimientos, cuando vienen de una instituci\u00f3n acad\u00e9mica, no solo miran hacia el pasado, tambi\u00e9n interpelan el presente y comprometen el futuro\u201d.<\/p>\n\n\n\n<p class=\"wp-block-paragraph\"><strong>La \u00fanica forma de ser diferente es ser uno mismo<\/strong><\/p>\n\n\n\n<p class=\"wp-block-paragraph\">El artista record\u00f3 los inicios de su carrera art\u00edstica, en agosto de 1996: \u201cA\u00f1o en el que tom\u00e9 una decisi\u00f3n que marcar\u00eda mi vida: dejar la arquitectura, cerrar mi despacho Cat\u00e1lisis Arquitectos y dedicarme por completo al arte. Ese mismo a\u00f1o present\u00e9 mi primera exposici\u00f3n individual, \u2018La inconsciencia de la vista\u2019, en el Museo Regional de Historia de Colima\u201d.&nbsp;<\/p>\n\n\n\n<p class=\"wp-block-paragraph\">Gabriel record\u00f3 al ni\u00f1o que fue a los cuatro a\u00f1os, en su sal\u00f3n de clases, cuando escribi\u00f3 una plana de la letra ele hecha en espejo, de derecha a izquierda: \u201cRecuerdo a la maestra corrigi\u00e9ndome e indic\u00e1ndome la direcci\u00f3n \u2018correcta\u2019; yo obedec\u00ed. Al terminar, sin que nadie me lo pidiera, volte\u00e9 la hoja y repet\u00ed el ejercicio en espejo. Esto no era un error, era una forma de pensamiento, una manera distinta de organizar el mundo\u201d.<\/p>\n\n\n\n<p class=\"wp-block-paragraph\">Esa hoja, la cual guard\u00f3 su madre por d\u00e9cadas, fue presentada como su primera obra en la exposici\u00f3n \u201cLa Petite Mort\u201d (Museo de Arte Contempor\u00e1neo de Monterrey, MARCO, 2026, coorganizada con el Museo Jumex). \u201cEn esa hoja descubr\u00ed algo: en realidad, siempre hab\u00eda estado presente. Con el tiempo he entendido que muchas de las cosas que en alg\u00fan momento fueron se\u00f1aladas como desviaciones eran en realidad posibilidades. La \u00fanica forma de ser diferente es ser uno mismo\u201d.<\/p>\n\n\n\n<p class=\"wp-block-paragraph\">De la Mora Centeno dijo que el sistema educativo y en general muchas estructuras sociales fueron dise\u00f1adas bajo la premisa de la homogeneidad. \u201cLa realidad es otra. No todos pensamos, aprendemos o percibimos de la misma manera. Durante mucho tiempo me sent\u00ed fuera de lugar en ciertos espacios acad\u00e9micos por una diferencia en los procesos\u201d.&nbsp;<\/p>\n\n\n\n<p class=\"wp-block-paragraph\">En ese contexto, destac\u00f3: \u201cEl dibujo apareci\u00f3 no solo como una pr\u00e1ctica art\u00edstica, sino como una forma de conocimiento; lo que se identificaba como dislexia dej\u00f3 de ser una limitaci\u00f3n para convertirse en una herramienta, para ver distinto, para reaccionar distinto, para insistir donde otros descartan\u201d.<\/p>\n\n\n\n<p class=\"wp-block-paragraph\">\u201cSoy zurdo, disl\u00e9xico, con rasgos dentro del espectro autista y con un trastorno obsesivo-compulsivo\u201d, confes\u00f3. \u201cHoy, en cambio, contamos con un marco distinto: el de la neurodiversidad. Un concepto que no niega las dificultades, pero que tampoco reduce la experiencia humana a ellas. Un concepto que abre la posibilidad de entender la diferencia no como error, sino como variaci\u00f3n\u201d.<\/p>\n\n\n\n<p class=\"wp-block-paragraph\">El homenajeado se\u00f1al\u00f3 que hoy en d\u00eda no se puede entender su trabajo sin esa condici\u00f3n de ser neurodivergente: \u201cMi obra no busca representar una idea previa, sino construir un sistema basado en la repetici\u00f3n con diferencia, en el error como punto de partida, en el espejo como estructura y en la obsesi\u00f3n como m\u00e9todo. Trabajo desde la insistencia, desde la variaci\u00f3n m\u00ednima, desde la acumulaci\u00f3n. No se trata de hacer una imagen, sino de sostener un proceso. No se trata de controlar el resultado, sino de permitir que emerja. En ese sentido, mi pr\u00e1ctica art\u00edstica es tambi\u00e9n una forma de pensamiento\u201d.<\/p>\n\n\n\n<p class=\"wp-block-paragraph\">Para el artista, el reconocimiento que le hace la Universidad de Colima tiene un significado muy particular, ya que durante mucho tiempo sinti\u00f3 que habitaba un margen entre dos rumbos: el del arte y el de la academia. \u201cHoy, ese margen se vuelve un puente, pero a\u00fan hay mucho m\u00e1s que hacer, particularmente en el \u00e1mbito educativo\u201d.&nbsp;<\/p>\n\n\n\n<p class=\"wp-block-paragraph\">Reconocer la neurodivergencia -a\u00f1adi\u00f3- \u201cno es solo una cuesti\u00f3n de lenguaje, sino que implica repensar metodolog\u00edas, evaluaciones y formas de acompa\u00f1amiento. Implica aceptar que la igualdad no consiste en tratar a todos de la misma manera, sino en generar condiciones para que cada uno pueda desarrollar sus capacidades\u201d.<\/p>\n\n\n\n<p class=\"wp-block-paragraph\">Antes de concluir, Gabriel de la Mora agradeci\u00f3 a quienes han sido parte de este camino: \u201cHago cada d\u00eda lo que m\u00e1s amo: el arte, y lo hago no desde la certeza, sino desde la pregunta; no desde la respuesta, sino desde la b\u00fasqueda. Asumo este reconocimiento como una responsabilidad renovada: la responsabilidad de seguir trabajando, de seguir cuestionando, de seguir proponiendo. Porque el arte, como el conocimiento, no es est\u00e1tico\u201d.<\/p>\n\n\n\n<p class=\"wp-block-paragraph\">Tras escuchar su discurso, el p\u00fablico presente en el Sal\u00f3n del Vitral le brind\u00f3 de pie un largo aplauso.<\/p>\n\n\n\n<p class=\"wp-block-paragraph\"><strong>Construir un puente entre el arte y la academia<\/strong><\/p>\n\n\n\n<p class=\"wp-block-paragraph\">Al tomar la palabra, el rector se\u00f1al\u00f3 que este reconocimiento ha sido conferido a las personalidades que, a trav\u00e9s de su obra, su pensamiento y trayectoria han contribuido de manera significativa a engrandecer los valores institucionales y de la humanidad. \u201cEs un honor para la Universidad entregar esta distinci\u00f3n a uno de los artistas contempor\u00e1neos m\u00e1s importantes de nuestro pa\u00eds, cuya carrera se distingue por una producci\u00f3n art\u00edstica s\u00f3lida, rigurosa y de gran trascendencia\u201d.&nbsp;<\/p>\n\n\n\n<p class=\"wp-block-paragraph\">Christian Torres Ortiz record\u00f3 con especial apreci\u00f3 al padre del homenajeado, el profesor Gabriel de la Mora de la Mora, \u201centra\u00f1able maestro universitario que contribuy\u00f3 a la formaci\u00f3n de cientos de ciudadanos y ciudadanas colimenses\u201d.&nbsp;<\/p>\n\n\n\n<p class=\"wp-block-paragraph\">Al hablar de Gabriel de la Mora, el rector se\u00f1al\u00f3 que fue precisamente hace 30 a\u00f1os que inici\u00f3 su trayectoria art\u00edstica en uno de los museos de la UdeC. \u201cA partir de entonces, su desarrollo profesional ha sido constante y notable, llev\u00e1ndola a exponer su obra en algunos de los museos de arte contempor\u00e1neo m\u00e1s importantes de M\u00e9xico y de Am\u00e9rica Latina. Adem\u00e1s, su trayectoria ha sido exhibida en los cinco continentes, lo que confirma la proyecci\u00f3n y vigencia internacional de su obra\u201d.&nbsp;<\/p>\n\n\n\n<p class=\"wp-block-paragraph\">Antes de concluir su intervenci\u00f3n, el rector invit\u00f3 al homenajeado a formar parte de los festejos por el trig\u00e9simo aniversario de la Pinacoteca Universitaria mediante la realizaci\u00f3n de una exposici\u00f3n de su obra. \u201cPara la Universidad de Colima y para el pueblo colimense ser\u00e1 un honor, un verdadero privilegio concretar esta muestra y seguir fortaleciendo juntos una historia compartida de arte, pensamiento y compromiso cultural. Por \u00faltimo, te quiero invitar a que nos ayudes a construir ese puente entre el arte y la academia representada por la Universidad de Colima\u201d.<\/p>\n\n\n\n<p class=\"wp-block-paragraph\">Carlos Ram\u00edrez Vuelvas, coordinador general de Extensi\u00f3n, rese\u00f1\u00f3 la trayectoria del artista destacando su m\u00e1s reciente exposici\u00f3n en el Museo Jumex, uno de los m\u00e1s importantes de M\u00e9xico y Latinoam\u00e9rica, la cual abarc\u00f3 m\u00e1s de veintid\u00f3s a\u00f1os de su trabajo. \u201cGabriel de la Mora ha mantenido un v\u00ednculo constante con Colima y la Universidad, impartiendo conferencias y talleres en el Instituto Universitario de Bellas Artes (IUBA) y la Facultad de Arquitectura. En 2022 expuso en la Pinacoteca Universitaria \u2018El poder es el autor que desaparece\u2019. El d\u00eda de hoy recibe la investidura como Maestro Universitario Distinguido, la primera distinci\u00f3n acad\u00e9mica que se le otorga por los m\u00e9ritos de su trayectoria art\u00edstica\u201d.<\/p>\n\n\n\n<p class=\"wp-block-paragraph\">El momento art\u00edstico estuvo a cargo de Simone Iannarelli, destacado guitarrista cl\u00e1sico y compositor quien interpret\u00f3 dos piezas de su autor\u00eda.&nbsp;&nbsp;<\/p>\n\n\n\n<figure class=\"wp-block-image size-large\"><img loading=\"lazy\" decoding=\"async\" width=\"1024\" height=\"683\" src=\"https:\/\/diarioavanzada.com.mx\/wp-content\/uploads\/2026\/04\/Gabriel-de-la-Mora-Maestro-Universitario-Distinguido-de-la-UdeC_a-1024x683.jpg\" alt=\"\" class=\"wp-image-121177\" srcset=\"https:\/\/diarioavanzada.com.mx\/wp-content\/uploads\/2026\/04\/Gabriel-de-la-Mora-Maestro-Universitario-Distinguido-de-la-UdeC_a-1024x683.jpg 1024w, https:\/\/diarioavanzada.com.mx\/wp-content\/uploads\/2026\/04\/Gabriel-de-la-Mora-Maestro-Universitario-Distinguido-de-la-UdeC_a-300x200.jpg 300w, https:\/\/diarioavanzada.com.mx\/wp-content\/uploads\/2026\/04\/Gabriel-de-la-Mora-Maestro-Universitario-Distinguido-de-la-UdeC_a-768x512.jpg 768w, https:\/\/diarioavanzada.com.mx\/wp-content\/uploads\/2026\/04\/Gabriel-de-la-Mora-Maestro-Universitario-Distinguido-de-la-UdeC_a.jpg 1048w\" sizes=\"auto, (max-width: 1024px) 100vw, 1024px\" \/><\/figure>\n\n\n\n<figure class=\"wp-block-image size-large\"><img loading=\"lazy\" decoding=\"async\" width=\"1024\" height=\"683\" src=\"https:\/\/diarioavanzada.com.mx\/wp-content\/uploads\/2026\/04\/Gabriel-de-la-Mora-Maestro-Universitario-Distinguido-de-la-UdeC_e-1024x683.jpg\" alt=\"\" class=\"wp-image-121179\" srcset=\"https:\/\/diarioavanzada.com.mx\/wp-content\/uploads\/2026\/04\/Gabriel-de-la-Mora-Maestro-Universitario-Distinguido-de-la-UdeC_e-1024x683.jpg 1024w, https:\/\/diarioavanzada.com.mx\/wp-content\/uploads\/2026\/04\/Gabriel-de-la-Mora-Maestro-Universitario-Distinguido-de-la-UdeC_e-300x200.jpg 300w, https:\/\/diarioavanzada.com.mx\/wp-content\/uploads\/2026\/04\/Gabriel-de-la-Mora-Maestro-Universitario-Distinguido-de-la-UdeC_e-768x512.jpg 768w, https:\/\/diarioavanzada.com.mx\/wp-content\/uploads\/2026\/04\/Gabriel-de-la-Mora-Maestro-Universitario-Distinguido-de-la-UdeC_e.jpg 1048w\" sizes=\"auto, (max-width: 1024px) 100vw, 1024px\" \/><\/figure>\n\n\n\n<figure class=\"wp-block-image size-large\"><img loading=\"lazy\" decoding=\"async\" width=\"1024\" height=\"683\" src=\"https:\/\/diarioavanzada.com.mx\/wp-content\/uploads\/2026\/04\/Gabriel-de-la-Mora-Maestro-Universitario-Distinguido-de-la-UdeC_Carlos-1024x683.jpg\" alt=\"\" class=\"wp-image-121180\" srcset=\"https:\/\/diarioavanzada.com.mx\/wp-content\/uploads\/2026\/04\/Gabriel-de-la-Mora-Maestro-Universitario-Distinguido-de-la-UdeC_Carlos-1024x683.jpg 1024w, https:\/\/diarioavanzada.com.mx\/wp-content\/uploads\/2026\/04\/Gabriel-de-la-Mora-Maestro-Universitario-Distinguido-de-la-UdeC_Carlos-300x200.jpg 300w, https:\/\/diarioavanzada.com.mx\/wp-content\/uploads\/2026\/04\/Gabriel-de-la-Mora-Maestro-Universitario-Distinguido-de-la-UdeC_Carlos-768x512.jpg 768w, https:\/\/diarioavanzada.com.mx\/wp-content\/uploads\/2026\/04\/Gabriel-de-la-Mora-Maestro-Universitario-Distinguido-de-la-UdeC_Carlos.jpg 1048w\" sizes=\"auto, (max-width: 1024px) 100vw, 1024px\" \/><\/figure>\n\n\n\n<figure class=\"wp-block-image size-large\"><img loading=\"lazy\" decoding=\"async\" width=\"1024\" height=\"683\" src=\"https:\/\/diarioavanzada.com.mx\/wp-content\/uploads\/2026\/04\/Gabriel-de-la-Mora-Maestro-Universitario-Distinguido-de-la-UdeC-1024x683.jpg\" alt=\"\" class=\"wp-image-121182\" srcset=\"https:\/\/diarioavanzada.com.mx\/wp-content\/uploads\/2026\/04\/Gabriel-de-la-Mora-Maestro-Universitario-Distinguido-de-la-UdeC-1024x683.jpg 1024w, https:\/\/diarioavanzada.com.mx\/wp-content\/uploads\/2026\/04\/Gabriel-de-la-Mora-Maestro-Universitario-Distinguido-de-la-UdeC-300x200.jpg 300w, https:\/\/diarioavanzada.com.mx\/wp-content\/uploads\/2026\/04\/Gabriel-de-la-Mora-Maestro-Universitario-Distinguido-de-la-UdeC-768x512.jpg 768w, https:\/\/diarioavanzada.com.mx\/wp-content\/uploads\/2026\/04\/Gabriel-de-la-Mora-Maestro-Universitario-Distinguido-de-la-UdeC.jpg 1048w\" sizes=\"auto, (max-width: 1024px) 100vw, 1024px\" \/><\/figure>\n\n\n\n<figure class=\"wp-block-image size-large\"><img loading=\"lazy\" decoding=\"async\" width=\"1024\" height=\"683\" src=\"https:\/\/diarioavanzada.com.mx\/wp-content\/uploads\/2026\/04\/Gabriel-de-la-Mora-Maestro-Universitario-Distinguido-de-la-UdeC_c-1024x683.jpg\" alt=\"\" class=\"wp-image-121185\" srcset=\"https:\/\/diarioavanzada.com.mx\/wp-content\/uploads\/2026\/04\/Gabriel-de-la-Mora-Maestro-Universitario-Distinguido-de-la-UdeC_c-1024x683.jpg 1024w, https:\/\/diarioavanzada.com.mx\/wp-content\/uploads\/2026\/04\/Gabriel-de-la-Mora-Maestro-Universitario-Distinguido-de-la-UdeC_c-300x200.jpg 300w, https:\/\/diarioavanzada.com.mx\/wp-content\/uploads\/2026\/04\/Gabriel-de-la-Mora-Maestro-Universitario-Distinguido-de-la-UdeC_c-768x512.jpg 768w, https:\/\/diarioavanzada.com.mx\/wp-content\/uploads\/2026\/04\/Gabriel-de-la-Mora-Maestro-Universitario-Distinguido-de-la-UdeC_c.jpg 1048w\" sizes=\"auto, (max-width: 1024px) 100vw, 1024px\" \/><\/figure>\n<div class=\"fb-background-color\">\n\t\t\t  <div \n\t\t\t  \tclass = \"fb-comments\" \n\t\t\t  \tdata-href = \"https:\/\/diarioavanzada.com.mx\/?p=121175\"\n\t\t\t  \tdata-numposts = \"10\"\n\t\t\t  \tdata-lazy = \"true\"\n\t\t\t\tdata-colorscheme = \"light\"\n\t\t\t\tdata-order-by = \"social\"\n\t\t\t\tdata-mobile=true>\n\t\t\t  <\/div><\/div>\n\t\t  <style>\n\t\t    .fb-background-color {\n\t\t\t\tbackground:  !important;\n\t\t\t}\n\t\t\t.fb_iframe_widget_fluid_desktop iframe {\n\t\t\t    width: 100% !important;\n\t\t\t}\n\t\t  <\/style>\n\t\t  ","protected":false},"excerpt":{"rendered":"<p>\u201cTe quiero invitar a que nos ayudes a construir ese puente entre el arte y la academia representada por la Universidad de Colima\u201d. Christian Torres Ortiz, rector. \u201cLa igualdad no consiste en tratar a todos de la misma manera, sino en generar condiciones para que cada uno pueda desarrollar sus capacidades\u201d: Gabriel de la Mora. [&hellip;]<\/p>\n","protected":false},"author":7,"featured_media":121186,"comment_status":"closed","ping_status":"closed","sticky":false,"template":"","format":"standard","meta":{"_coblocks_attr":"","_coblocks_dimensions":"","_coblocks_responsive_height":"","_coblocks_accordion_ie_support":"","_crdt_document":"","advanced_seo_description":"","jetpack_seo_html_title":"","jetpack_seo_noindex":false,"_jetpack_memberships_contains_paid_content":false,"footnotes":""},"categories":[19,25,1,209,7,29],"tags":[],"class_list":["post-121175","post","type-post","status-publish","format-standard","has-post-thumbnail","hentry","category-colima","category-cultura","category-general","category-importantes","category-noticias","category-sociedad"],"jetpack_featured_media_url":"https:\/\/diarioavanzada.com.mx\/wp-content\/uploads\/2026\/04\/Gabriel-de-la-Mora-Maestro-Universitario-Distinguido-de-la-UdeC_g.jpg","jetpack-related-posts":[],"jetpack_sharing_enabled":true,"amp_enabled":true,"_links":{"self":[{"href":"https:\/\/diarioavanzada.com.mx\/index.php?rest_route=\/wp\/v2\/posts\/121175","targetHints":{"allow":["GET"]}}],"collection":[{"href":"https:\/\/diarioavanzada.com.mx\/index.php?rest_route=\/wp\/v2\/posts"}],"about":[{"href":"https:\/\/diarioavanzada.com.mx\/index.php?rest_route=\/wp\/v2\/types\/post"}],"author":[{"embeddable":true,"href":"https:\/\/diarioavanzada.com.mx\/index.php?rest_route=\/wp\/v2\/users\/7"}],"replies":[{"embeddable":true,"href":"https:\/\/diarioavanzada.com.mx\/index.php?rest_route=%2Fwp%2Fv2%2Fcomments&post=121175"}],"version-history":[{"count":6,"href":"https:\/\/diarioavanzada.com.mx\/index.php?rest_route=\/wp\/v2\/posts\/121175\/revisions"}],"predecessor-version":[{"id":121188,"href":"https:\/\/diarioavanzada.com.mx\/index.php?rest_route=\/wp\/v2\/posts\/121175\/revisions\/121188"}],"wp:featuredmedia":[{"embeddable":true,"href":"https:\/\/diarioavanzada.com.mx\/index.php?rest_route=\/wp\/v2\/media\/121186"}],"wp:attachment":[{"href":"https:\/\/diarioavanzada.com.mx\/index.php?rest_route=%2Fwp%2Fv2%2Fmedia&parent=121175"}],"wp:term":[{"taxonomy":"category","embeddable":true,"href":"https:\/\/diarioavanzada.com.mx\/index.php?rest_route=%2Fwp%2Fv2%2Fcategories&post=121175"},{"taxonomy":"post_tag","embeddable":true,"href":"https:\/\/diarioavanzada.com.mx\/index.php?rest_route=%2Fwp%2Fv2%2Ftags&post=121175"}],"curies":[{"name":"wp","href":"https:\/\/api.w.org\/{rel}","templated":true}]}}