{"id":121162,"date":"2026-04-30T15:36:02","date_gmt":"2026-04-30T21:36:02","guid":{"rendered":"https:\/\/diarioavanzada.com.mx\/?p=121162"},"modified":"2026-04-30T15:43:12","modified_gmt":"2026-04-30T21:43:12","slug":"alcaldes-de-sinaloa-cierran-filas-con-rocha-moya-ante-senalamientos-desde-e-u","status":"publish","type":"post","link":"https:\/\/diarioavanzada.com.mx\/?p=121162","title":{"rendered":"Alcaldes de Sinaloa cierran filas con Rocha Moya ante se\u00f1alamientos de narcotr\u00e1fico"},"content":{"rendered":"\n<p class=\"p2 wp-block-paragraph\"><em>Presidentes municipales del estado manifestaron su respaldo institucional al gobernador, al considerar que las acusaciones carecen de sustento probatorio y deben resolverse conforme al marco legal mexicano.<\/em><\/p>\n\n\n\n<p class=\"p2 wp-block-paragraph\">Sinaloa, M\u00e9xico, Avanzada (30\/04\/2026).- Las y los alcaldes de los municipios de Sinaloa expresaron su respaldo institucional al gobernador Rub\u00e9n Rocha Moya frente a los se\u00f1alamientos difundidos en su contra por autoridades de Estados Unidos, en un contexto que \u2014subrayaron\u2014 exige responsabilidad p\u00fablica, prudencia pol\u00edtica y respeto absoluto al marco legal mexicano.<\/p>\n\n\n\n<p class=\"p2 wp-block-paragraph\">En un pronunciamiento conjunto, los ediles sostuvieron que ninguna imputaci\u00f3n puede situarse por encima de la ley ni del debido proceso, y remarcaron que corresponde a las instituciones nacionales conducir cualquier procedimiento con apego a derecho. En ese sentido, destacaron que la Fiscal\u00eda General de la Rep\u00fablica ha se\u00f1alado que la solicitud estadounidense no est\u00e1 acompa\u00f1ada de elementos probatorios suficientes.<\/p>\n\n\n\n<p class=\"p2 wp-block-paragraph\">Los alcaldes reiteraron su confianza en que las autoridades mexicanas actuar\u00e1n con responsabilidad, objetividad jur\u00eddica y pleno respeto a la soberan\u00eda nacional. Asimismo, reconocieron en el mandatario estatal a un perfil institucional, abierto al di\u00e1logo y comprometido con la coordinaci\u00f3n entre los distintos \u00f3rdenes de gobierno.<\/p>\n\n\n\n<p class=\"p2 wp-block-paragraph\">El posicionamiento advierte que no debe construirse una narrativa de culpabilidad sin sustento, ni permitirse que se\u00f1alamientos sin evidencia firme vulneren la presunci\u00f3n de inocencia, la institucionalidad y el Estado de derecho.<\/p>\n\n\n\n<p class=\"p3 wp-block-paragraph\">Finalmente, las autoridades municipales hicieron un llamado a privilegiar la templanza, la cohesi\u00f3n social y la responsabilidad pol\u00edtica, al tiempo que reiteraron su respaldo al gobernador, a la institucionalidad democr\u00e1tica y a cualquier actuaci\u00f3n que se rija estrictamente por la ley y el respeto a la soberan\u00eda nacional.<\/p>\n\n\n\n<figure class=\"wp-block-image size-large\"><img loading=\"lazy\" decoding=\"async\" width=\"533\" height=\"1024\" src=\"https:\/\/diarioavanzada.com.mx\/wp-content\/uploads\/2026\/04\/img_2207-533x1024.jpg\" alt=\"\" class=\"wp-image-121165\" srcset=\"https:\/\/diarioavanzada.com.mx\/wp-content\/uploads\/2026\/04\/img_2207-533x1024.jpg 533w, https:\/\/diarioavanzada.com.mx\/wp-content\/uploads\/2026\/04\/img_2207-156x300.jpg 156w, https:\/\/diarioavanzada.com.mx\/wp-content\/uploads\/2026\/04\/img_2207-768x1476.jpg 768w, https:\/\/diarioavanzada.com.mx\/wp-content\/uploads\/2026\/04\/img_2207-799x1536.jpg 799w, https:\/\/diarioavanzada.com.mx\/wp-content\/uploads\/2026\/04\/img_2207.jpg 832w\" sizes=\"auto, (max-width: 533px) 100vw, 533px\" \/><\/figure>\n<div class=\"fb-background-color\">\n\t\t\t  <div \n\t\t\t  \tclass = \"fb-comments\" \n\t\t\t  \tdata-href = \"https:\/\/diarioavanzada.com.mx\/?p=121162\"\n\t\t\t  \tdata-numposts = \"10\"\n\t\t\t  \tdata-lazy = \"true\"\n\t\t\t\tdata-colorscheme = \"light\"\n\t\t\t\tdata-order-by = \"social\"\n\t\t\t\tdata-mobile=true>\n\t\t\t  <\/div><\/div>\n\t\t  <style>\n\t\t    .fb-background-color {\n\t\t\t\tbackground:  !important;\n\t\t\t}\n\t\t\t.fb_iframe_widget_fluid_desktop iframe {\n\t\t\t    width: 100% !important;\n\t\t\t}\n\t\t  <\/style>\n\t\t  ","protected":false},"excerpt":{"rendered":"<p>Presidentes municipales del estado manifestaron su respaldo institucional al gobernador, al considerar que las acusaciones carecen de sustento probatorio y deben resolverse conforme al marco legal mexicano. Sinaloa, M\u00e9xico, Avanzada (30\/04\/2026).- Las y los alcaldes de los municipios de Sinaloa expresaron su respaldo institucional al gobernador Rub\u00e9n Rocha Moya frente a los se\u00f1alamientos difundidos en [&hellip;]<\/p>\n","protected":false},"author":7,"featured_media":121161,"comment_status":"closed","ping_status":"closed","sticky":false,"template":"","format":"standard","meta":{"_coblocks_attr":"","_coblocks_dimensions":"","_coblocks_responsive_height":"","_coblocks_accordion_ie_support":"","_crdt_document":"","advanced_seo_description":"","jetpack_seo_html_title":"","jetpack_seo_noindex":false,"_jetpack_memberships_contains_paid_content":false,"footnotes":""},"categories":[1,209,22,7,231,29],"tags":[210],"class_list":["post-121162","post","type-post","status-publish","format-standard","has-post-thumbnail","hentry","category-general","category-importantes","category-nacion","category-noticias","category-seguridad","category-sociedad","tag-portada"],"jetpack_featured_media_url":"https:\/\/diarioavanzada.com.mx\/wp-content\/uploads\/2026\/04\/img_2201.jpg","jetpack-related-posts":[],"jetpack_sharing_enabled":true,"amp_enabled":true,"_links":{"self":[{"href":"https:\/\/diarioavanzada.com.mx\/index.php?rest_route=\/wp\/v2\/posts\/121162","targetHints":{"allow":["GET"]}}],"collection":[{"href":"https:\/\/diarioavanzada.com.mx\/index.php?rest_route=\/wp\/v2\/posts"}],"about":[{"href":"https:\/\/diarioavanzada.com.mx\/index.php?rest_route=\/wp\/v2\/types\/post"}],"author":[{"embeddable":true,"href":"https:\/\/diarioavanzada.com.mx\/index.php?rest_route=\/wp\/v2\/users\/7"}],"replies":[{"embeddable":true,"href":"https:\/\/diarioavanzada.com.mx\/index.php?rest_route=%2Fwp%2Fv2%2Fcomments&post=121162"}],"version-history":[{"count":3,"href":"https:\/\/diarioavanzada.com.mx\/index.php?rest_route=\/wp\/v2\/posts\/121162\/revisions"}],"predecessor-version":[{"id":121167,"href":"https:\/\/diarioavanzada.com.mx\/index.php?rest_route=\/wp\/v2\/posts\/121162\/revisions\/121167"}],"wp:featuredmedia":[{"embeddable":true,"href":"https:\/\/diarioavanzada.com.mx\/index.php?rest_route=\/wp\/v2\/media\/121161"}],"wp:attachment":[{"href":"https:\/\/diarioavanzada.com.mx\/index.php?rest_route=%2Fwp%2Fv2%2Fmedia&parent=121162"}],"wp:term":[{"taxonomy":"category","embeddable":true,"href":"https:\/\/diarioavanzada.com.mx\/index.php?rest_route=%2Fwp%2Fv2%2Fcategories&post=121162"},{"taxonomy":"post_tag","embeddable":true,"href":"https:\/\/diarioavanzada.com.mx\/index.php?rest_route=%2Fwp%2Fv2%2Ftags&post=121162"}],"curies":[{"name":"wp","href":"https:\/\/api.w.org\/{rel}","templated":true}]}}