{"id":121158,"date":"2026-04-30T14:09:29","date_gmt":"2026-04-30T20:09:29","guid":{"rendered":"https:\/\/diarioavanzada.com.mx\/?p=121158"},"modified":"2026-04-30T14:51:23","modified_gmt":"2026-04-30T20:51:23","slug":"detienen-a-la-regidora-martha-zepeda-durante-protesta-por-parque-en-salagua","status":"publish","type":"post","link":"https:\/\/diarioavanzada.com.mx\/?p=121158","title":{"rendered":"Detienen a la regidora Martha Zepeda durante protesta por parque en Salagua"},"content":{"rendered":"\n<p class=\"p2 wp-block-paragraph\">Manzanillo, Colima, Avanzada (30\/04\/2026).- Durante una protesta pac\u00edfica en defensa del parque de Salagua, en Manzanillo, elementos de seguridad detuvieron a la regidora Martha Zepeda del Toro y a un ciudadano que documentaba los hechos, de acuerdo con el testimonio de vecinos que participaban en la manifestaci\u00f3n.<\/p>\n\n\n\n<p class=\"p2 wp-block-paragraph\">Fernando Zenizo Zamora, habitante de la zona, explic\u00f3 que desde temprana hora un grupo de aproximadamente 16 vecinos se congreg\u00f3 en el lugar para impedir trabajos relacionados con la presunta donaci\u00f3n del \u00e1rea verde al INFONAVIT para la construcci\u00f3n de viviendas. Se\u00f1al\u00f3 que el espacio \u201ces un bien p\u00fablico, inalienable, imprescriptible e inembargable\u201d, por lo que consideran ilegal cualquier intento de cederlo.<\/p>\n\n\n\n<p class=\"p2 wp-block-paragraph\">Indic\u00f3 que los colonos han promovido un juicio de amparo y se encuentran en proceso de revisi\u00f3n, por lo que exigieron a las autoridades frenar cualquier intervenci\u00f3n hasta que se agoten las instancias legales, incluida la Suprema Corte de Justicia de la Naci\u00f3n.<\/p>\n\n\n\n<p class=\"p2 wp-block-paragraph\">Seg\u00fan su relato, un d\u00eda antes ya hab\u00edan impedido labores de poda que, acusaron, da\u00f1aban \u00e1rboles y especies del parque. Este mi\u00e9rcoles, al mantenerse en el sitio para evitar el ingreso de maquinaria, arribaron elementos de la fuerza p\u00fablica.<\/p>\n\n\n\n<p class=\"p2 wp-block-paragraph\">\u201cLleg\u00f3 la fuerza p\u00fablica, dialogamos con ellos, pero argumentaron que est\u00e1bamos cometiendo despojo, cuando los despojados somos nosotros\u201d, afirm\u00f3. Agreg\u00f3 que los uniformados, a quienes identific\u00f3 como polic\u00edas estatales acompa\u00f1ados por elementos de Marina, actuaron pese a que \u2014dijo\u2014 se trataba de una manifestaci\u00f3n pac\u00edfica.<\/p>\n\n\n\n<p class=\"p2 wp-block-paragraph\">Zenizo Zamora acus\u00f3 que durante el operativo se ejerci\u00f3 violencia contra los manifestantes. \u201cAtacaron y violentaron a Martha Zepeda, se la llevaron detenida junto con un compa\u00f1ero que estaba grabando\u201d, denunci\u00f3, al tiempo que asegur\u00f3 que el joven fue sometido con fuerza y golpeado contra el suelo.<\/p>\n\n\n\n<p class=\"p2 wp-block-paragraph\">Asimismo, afirm\u00f3 que \u00e9l fue perseguido por los agentes, por lo que opt\u00f3 por huir del lugar ante el nivel de agresividad. \u201cNunca me hab\u00eda tocado este nivel de violencia\u201d, expres\u00f3.<\/p>\n\n\n\n<p class=\"p2 wp-block-paragraph\">Los vecinos sostienen que su movilizaci\u00f3n busca evitar la p\u00e9rdida de un \u00e1rea verde que consideran de uso com\u00fan, y reiteraron que impedir\u00e1n el avance del proyecto hasta que exista una resoluci\u00f3n legal definitiva.<\/p>\n\n\n\n<p class=\"p3 wp-block-paragraph\">Hasta el momento, autoridades estatales o municipales no han emitido una postura oficial sobre los hechos ni sobre la detenci\u00f3n de la regidora.<\/p>\n\n\n\n<p class=\"wp-block-paragraph\"><\/p>\n<div class=\"fb-background-color\">\n\t\t\t  <div \n\t\t\t  \tclass = \"fb-comments\" \n\t\t\t  \tdata-href = \"https:\/\/diarioavanzada.com.mx\/?p=121158\"\n\t\t\t  \tdata-numposts = \"10\"\n\t\t\t  \tdata-lazy = \"true\"\n\t\t\t\tdata-colorscheme = \"light\"\n\t\t\t\tdata-order-by = \"social\"\n\t\t\t\tdata-mobile=true>\n\t\t\t  <\/div><\/div>\n\t\t  <style>\n\t\t    .fb-background-color {\n\t\t\t\tbackground:  !important;\n\t\t\t}\n\t\t\t.fb_iframe_widget_fluid_desktop iframe {\n\t\t\t    width: 100% !important;\n\t\t\t}\n\t\t  <\/style>\n\t\t  ","protected":false},"excerpt":{"rendered":"<p>Manzanillo, Colima, Avanzada (30\/04\/2026).- Durante una protesta pac\u00edfica en defensa del parque de Salagua, en Manzanillo, elementos de seguridad detuvieron a la regidora Martha Zepeda del Toro y a un ciudadano que documentaba los hechos, de acuerdo con el testimonio de vecinos que participaban en la manifestaci\u00f3n. Fernando Zenizo Zamora, habitante de la zona, explic\u00f3 [&hellip;]<\/p>\n","protected":false},"author":21,"featured_media":121157,"comment_status":"closed","ping_status":"closed","sticky":false,"template":"","format":"standard","meta":{"_coblocks_attr":"","_coblocks_dimensions":"","_coblocks_responsive_height":"","_coblocks_accordion_ie_support":"","_crdt_document":"","advanced_seo_description":"","jetpack_seo_html_title":"","jetpack_seo_noindex":false,"_jetpack_memberships_contains_paid_content":false,"footnotes":""},"categories":[19,1,209,20,7,231,29],"tags":[210],"class_list":["post-121158","post","type-post","status-publish","format-standard","has-post-thumbnail","hentry","category-colima","category-general","category-importantes","category-manzanillo","category-noticias","category-seguridad","category-sociedad","tag-portada"],"jetpack_featured_media_url":"https:\/\/diarioavanzada.com.mx\/wp-content\/uploads\/2026\/04\/img_2774.jpg","jetpack-related-posts":[],"jetpack_sharing_enabled":true,"amp_enabled":true,"_links":{"self":[{"href":"https:\/\/diarioavanzada.com.mx\/index.php?rest_route=\/wp\/v2\/posts\/121158","targetHints":{"allow":["GET"]}}],"collection":[{"href":"https:\/\/diarioavanzada.com.mx\/index.php?rest_route=\/wp\/v2\/posts"}],"about":[{"href":"https:\/\/diarioavanzada.com.mx\/index.php?rest_route=\/wp\/v2\/types\/post"}],"author":[{"embeddable":true,"href":"https:\/\/diarioavanzada.com.mx\/index.php?rest_route=\/wp\/v2\/users\/21"}],"replies":[{"embeddable":true,"href":"https:\/\/diarioavanzada.com.mx\/index.php?rest_route=%2Fwp%2Fv2%2Fcomments&post=121158"}],"version-history":[{"count":1,"href":"https:\/\/diarioavanzada.com.mx\/index.php?rest_route=\/wp\/v2\/posts\/121158\/revisions"}],"predecessor-version":[{"id":121159,"href":"https:\/\/diarioavanzada.com.mx\/index.php?rest_route=\/wp\/v2\/posts\/121158\/revisions\/121159"}],"wp:featuredmedia":[{"embeddable":true,"href":"https:\/\/diarioavanzada.com.mx\/index.php?rest_route=\/wp\/v2\/media\/121157"}],"wp:attachment":[{"href":"https:\/\/diarioavanzada.com.mx\/index.php?rest_route=%2Fwp%2Fv2%2Fmedia&parent=121158"}],"wp:term":[{"taxonomy":"category","embeddable":true,"href":"https:\/\/diarioavanzada.com.mx\/index.php?rest_route=%2Fwp%2Fv2%2Fcategories&post=121158"},{"taxonomy":"post_tag","embeddable":true,"href":"https:\/\/diarioavanzada.com.mx\/index.php?rest_route=%2Fwp%2Fv2%2Ftags&post=121158"}],"curies":[{"name":"wp","href":"https:\/\/api.w.org\/{rel}","templated":true}]}}