{"id":121133,"date":"2026-04-30T09:25:57","date_gmt":"2026-04-30T15:25:57","guid":{"rendered":"https:\/\/diarioavanzada.com.mx\/?p=121133"},"modified":"2026-04-30T09:26:00","modified_gmt":"2026-04-30T15:26:00","slug":"121133","status":"publish","type":"post","link":"https:\/\/diarioavanzada.com.mx\/?p=121133","title":{"rendered":""},"content":{"rendered":"\n<p class=\"wp-block-paragraph\">Jalisco, M\u00e9xico, Avanzada (30\/04\/2026).- La Fiscal\u00eda General de Jalisco logr\u00f3 el auto de vinculaci\u00f3n a proceso en contra de una pareja se\u00f1alada por el delito de abuso sexual infantil agravado cometido a una adolescente en el 2020, en San Pedro Tlaquepaque.<\/p>\n\n\n\n<p class=\"wp-block-paragraph\">Los hechos se registraron el 29 de julio de ese a\u00f1o, en un domicilio ubicado en la colonia El Tapat\u00edo. Seg\u00fan el relato ministerial, la adolescente fue enviada bajo enga\u00f1os por su madre, Mar\u00eda Luisa \u201cN\u201d, hacia la habitaci\u00f3n de su padrastro, Javier \u201cN\u201d.<\/p>\n\n\n\n<p class=\"wp-block-paragraph\">Al ingresar, se presume que el hombre cometi\u00f3 el abuso mientras la madre manten\u00eda la puerta cerrada desde afuera, a pesar de que la v\u00edctima le ped\u00eda ayuda.<\/p>\n\n\n\n<p class=\"wp-block-paragraph\">Derivado de estos hechos y mediante la implementaci\u00f3n de t\u00e9cnicas de investigaci\u00f3n de campo y gabinete, el Ministerio P\u00fablico solicit\u00f3 y obtuvo las \u00f3rdenes de aprehensi\u00f3n correspondientes. Una vez aprehendidos, comparecieron ante el \u00f3rgano jurisdiccional.<\/p>\n\n\n\n<p class=\"wp-block-paragraph\">El juez determin\u00f3 la existencia de un hecho que la ley se\u00f1ala como delito y la probabilidad de que los imputados participaron en su comisi\u00f3n. En consecuencia, se dict\u00f3 el auto de vinculaci\u00f3n a proceso para ambos por el delito de abuso sexual infantil agravado. Como medidas cautelares, la autoridad judicial impuso la prisi\u00f3n preventiva oficiosa por un a\u00f1o para Javier \u201cN\u201d, y prisi\u00f3n preventiva justificada por seis meses para Mar\u00eda Luisa \u201cN\u201d.<\/p>\n<div class=\"fb-background-color\">\n\t\t\t  <div \n\t\t\t  \tclass = \"fb-comments\" \n\t\t\t  \tdata-href = \"https:\/\/diarioavanzada.com.mx\/?p=121133\"\n\t\t\t  \tdata-numposts = \"10\"\n\t\t\t  \tdata-lazy = \"true\"\n\t\t\t\tdata-colorscheme = \"light\"\n\t\t\t\tdata-order-by = \"social\"\n\t\t\t\tdata-mobile=true>\n\t\t\t  <\/div><\/div>\n\t\t  <style>\n\t\t    .fb-background-color {\n\t\t\t\tbackground:  !important;\n\t\t\t}\n\t\t\t.fb_iframe_widget_fluid_desktop iframe {\n\t\t\t    width: 100% !important;\n\t\t\t}\n\t\t  <\/style>\n\t\t  ","protected":false},"excerpt":{"rendered":"<p>Jalisco, M\u00e9xico, Avanzada (30\/04\/2026).- La Fiscal\u00eda General de Jalisco logr\u00f3 el auto de vinculaci\u00f3n a proceso en contra de una pareja se\u00f1alada por el delito de abuso sexual infantil agravado cometido a una adolescente en el 2020, en San Pedro Tlaquepaque. Los hechos se registraron el 29 de julio de ese a\u00f1o, en un domicilio [&hellip;]<\/p>\n","protected":false},"author":7,"featured_media":121136,"comment_status":"closed","ping_status":"closed","sticky":false,"template":"","format":"standard","meta":{"_coblocks_attr":"","_coblocks_dimensions":"","_coblocks_responsive_height":"","_coblocks_accordion_ie_support":"","_crdt_document":"","advanced_seo_description":"","jetpack_seo_html_title":"","jetpack_seo_noindex":false,"_jetpack_memberships_contains_paid_content":false,"footnotes":""},"categories":[1,209,353,7,231,29],"tags":[210],"class_list":["post-121133","post","type-post","status-publish","format-standard","has-post-thumbnail","hentry","category-general","category-importantes","category-jalisco","category-noticias","category-seguridad","category-sociedad","tag-portada"],"jetpack_featured_media_url":"https:\/\/diarioavanzada.com.mx\/wp-content\/uploads\/2026\/04\/image-69.png","jetpack-related-posts":[],"jetpack_sharing_enabled":true,"amp_enabled":true,"_links":{"self":[{"href":"https:\/\/diarioavanzada.com.mx\/index.php?rest_route=\/wp\/v2\/posts\/121133","targetHints":{"allow":["GET"]}}],"collection":[{"href":"https:\/\/diarioavanzada.com.mx\/index.php?rest_route=\/wp\/v2\/posts"}],"about":[{"href":"https:\/\/diarioavanzada.com.mx\/index.php?rest_route=\/wp\/v2\/types\/post"}],"author":[{"embeddable":true,"href":"https:\/\/diarioavanzada.com.mx\/index.php?rest_route=\/wp\/v2\/users\/7"}],"replies":[{"embeddable":true,"href":"https:\/\/diarioavanzada.com.mx\/index.php?rest_route=%2Fwp%2Fv2%2Fcomments&post=121133"}],"version-history":[{"count":4,"href":"https:\/\/diarioavanzada.com.mx\/index.php?rest_route=\/wp\/v2\/posts\/121133\/revisions"}],"predecessor-version":[{"id":121138,"href":"https:\/\/diarioavanzada.com.mx\/index.php?rest_route=\/wp\/v2\/posts\/121133\/revisions\/121138"}],"wp:featuredmedia":[{"embeddable":true,"href":"https:\/\/diarioavanzada.com.mx\/index.php?rest_route=\/wp\/v2\/media\/121136"}],"wp:attachment":[{"href":"https:\/\/diarioavanzada.com.mx\/index.php?rest_route=%2Fwp%2Fv2%2Fmedia&parent=121133"}],"wp:term":[{"taxonomy":"category","embeddable":true,"href":"https:\/\/diarioavanzada.com.mx\/index.php?rest_route=%2Fwp%2Fv2%2Fcategories&post=121133"},{"taxonomy":"post_tag","embeddable":true,"href":"https:\/\/diarioavanzada.com.mx\/index.php?rest_route=%2Fwp%2Fv2%2Ftags&post=121133"}],"curies":[{"name":"wp","href":"https:\/\/api.w.org\/{rel}","templated":true}]}}