{"id":121060,"date":"2026-04-29T18:25:41","date_gmt":"2026-04-30T00:25:41","guid":{"rendered":"https:\/\/diarioavanzada.com.mx\/?p=121060"},"modified":"2026-04-29T18:25:44","modified_gmt":"2026-04-30T00:25:44","slug":"entrega-udec-las-becas-del-programa-donativos-y-las-de-cara-amiga-a-190-jovenes","status":"publish","type":"post","link":"https:\/\/diarioavanzada.com.mx\/?p=121060","title":{"rendered":"Entrega UdeC las becas del programa\u00a0Donativos y las de Cara Amiga a 190  j\u00f3venes"},"content":{"rendered":"\n<p class=\"wp-block-paragraph\"><em>El rector Christian Torres Ortiz dijo que estas becas reflejan la confianza de empresarios y colaboradores en la instituci\u00f3n. \u201cAmbos conf\u00edan en la Universidad de Colima y le dicen: \u2018Te ayudo financiando algunas de las becas que entregas\u2019\u201d.<\/em><\/p>\n\n\n\n<p class=\"wp-block-paragraph\">Colima, M\u00e9xico, Comunicado (29\/04\/2026).- Este mi\u00e9rcoles 29 de abril, la Universidad de Colima entreg\u00f3 dos tipos de becas para beneficiar a un total de 190 estudiantes del nivel superior. Una de las becas es la del programa UdeC Donativos y la otra, la de Cara Amiga. La entrega se realiz\u00f3 al mediod\u00eda en el auditorio de Psicolog\u00eda y fue presidida por el rector Christian Jorge Torres Ortiz Zerme\u00f1o.\u00a0<\/p>\n\n\n\n<p class=\"wp-block-paragraph\">Las primeras becas corresponden a las aportaciones que hacen diversos empresarios del estado. La beca Cara Amiga proviene de donaciones hechas por funcionarios de la UdeC.<\/p>\n\n\n\n<p class=\"wp-block-paragraph\">En su mensaje, Christian Torres Ortiz afirm\u00f3 que los testimonios de los estudiantes evidencian la importancia de fortalecer los esquemas de apoyo econ\u00f3mico. \u201cTodos debemos poner atenci\u00f3n. Todos y todas tenemos que ayudar\u201d.<\/p>\n\n\n\n<p class=\"wp-block-paragraph\">Dijo que las becas entregadas reflejan la confianza de empresarios y colaboradores en la instituci\u00f3n. \u201cAmbos conf\u00edan en la Universidad de Colima y le dicen: \u2018Te ayudo financiando algunas de las becas que entregas\u2019\u201d.<\/p>\n\n\n\n<p class=\"wp-block-paragraph\">Aunque reconoci\u00f3 que la cifra puede parecer menor frente a la matr\u00edcula universitaria, se\u00f1al\u00f3 que cada apoyo puede representar la diferencia entre continuar o abandonar una carrera.<\/p>\n\n\n\n<p class=\"wp-block-paragraph\">Resalt\u00f3 que concluir una carrera no significa pasar las materias o asistir a la fiesta de graduaci\u00f3n, sino obtener los documentos oficiales que respalden la preparaci\u00f3n acad\u00e9mica.&nbsp; \u201cTerminar su carrera profesional es tener un t\u00edtulo y una c\u00e9dula en la mano\u201d.<\/p>\n\n\n\n<p class=\"wp-block-paragraph\">Asimismo, pidi\u00f3 a las y los becarios asumir la corresponsabilidad de aprovechar la oportunidad recibida, concluir sus estudios y, en el futuro, agradecer a quienes hicieron posible su formaci\u00f3n.<\/p>\n\n\n\n<p class=\"wp-block-paragraph\">Finalmente, reconoci\u00f3 a todas las personas e instancias participantes y reiter\u00f3 que la educaci\u00f3n p\u00fablica superior \u201ctransforma proyectos de vida\u201d.<\/p>\n\n\n\n<p class=\"wp-block-paragraph\">El nombre de los empresarios donantes habl\u00f3 Mauricio Barreto Peralta: \u201cUno de los compromisos que tenemos los empresarios mexicanos, en este caso colimenses, es poder contribuir a la sociedad. Nosotros nos dedicamos a la producci\u00f3n, a la generaci\u00f3n de empleos, a pagar impuestos, y tambi\u00e9n tenemos que regresarle a la sociedad lo que nos brinda\u201d.<\/p>\n\n\n\n<p class=\"wp-block-paragraph\">Expres\u00f3 su orgullo como egresado de la UdeC y adelant\u00f3 la posibilidad de impulsar colaboraciones internacionales derivadas de su reciente visita a China, con el prop\u00f3sito de generar beneficios acad\u00e9micos y productivos para el estado y la casa de estudios.<\/p>\n\n\n\n<p class=\"wp-block-paragraph\">En nombre de las y los estudiantes beneficiados, Fernanda Monserrat Gonz\u00e1lez Manzo, alumna de la Licenciatura en Dise\u00f1o Gr\u00e1fico de la Facultad de Arquitectura y Dise\u00f1o, comparti\u00f3 su historia personal y explic\u00f3 que proviene de una familia de recursos limitados, donde su madre se dedica al comercio ambulante y su padre trabaja como electricista independiente.<\/p>\n\n\n\n<p class=\"wp-block-paragraph\">Relat\u00f3 que en diversos momentos enfrent\u00f3 dificultades para cubrir gastos b\u00e1sicos como vivienda, alimentaci\u00f3n y transporte, lo que puso en riesgo la continuidad de sus estudios. \u201cHoy me encuentro aqu\u00ed profundamente agradecida, porque esta beca representa mucho m\u00e1s que un apoyo econ\u00f3mico. Es una oportunidad para continuar mis estudios, para seguir persiguiendo mis sue\u00f1os\u201d.<\/p>\n\n\n\n<p class=\"wp-block-paragraph\">Tambi\u00e9n agradeci\u00f3 a las personas donantes y a la Universidad de Colima \u201cpor abrir oportunidades para estudiantes en condiciones complejas\u201d. Finaliz\u00f3 asegurando que \u201ceste logro es un compromiso con nosotros mismos y con quienes han cre\u00eddo en nosotros.<\/p>\n\n\n\n<p class=\"wp-block-paragraph\">En el pres\u00eddium tambi\u00e9n estuvieron Joel Nino Jr., secretario general; Erika Ulibarri, coordinadora general Administrativa y Financiera; Susana Preciado, coordinadora general de Docencia; Camilo Garc\u00eda, director general de Servicios Universitarios; Alejandro Novela, presidente de la FEC y V\u00edctor M\u00e9ndez, empresario donante.<\/p>\n\n\n\n<figure class=\"wp-block-image size-large\"><img loading=\"lazy\" decoding=\"async\" width=\"1024\" height=\"683\" src=\"https:\/\/diarioavanzada.com.mx\/wp-content\/uploads\/2026\/04\/Entrega-de-becas-UdeC-Donativos-y-Cara-Amiga-1024x683.jpg\" alt=\"\" class=\"wp-image-121062\" srcset=\"https:\/\/diarioavanzada.com.mx\/wp-content\/uploads\/2026\/04\/Entrega-de-becas-UdeC-Donativos-y-Cara-Amiga-1024x683.jpg 1024w, https:\/\/diarioavanzada.com.mx\/wp-content\/uploads\/2026\/04\/Entrega-de-becas-UdeC-Donativos-y-Cara-Amiga-300x200.jpg 300w, https:\/\/diarioavanzada.com.mx\/wp-content\/uploads\/2026\/04\/Entrega-de-becas-UdeC-Donativos-y-Cara-Amiga-768x512.jpg 768w, https:\/\/diarioavanzada.com.mx\/wp-content\/uploads\/2026\/04\/Entrega-de-becas-UdeC-Donativos-y-Cara-Amiga.jpg 1048w\" sizes=\"auto, (max-width: 1024px) 100vw, 1024px\" \/><\/figure>\n\n\n\n<figure class=\"wp-block-image size-large\"><img loading=\"lazy\" decoding=\"async\" width=\"1024\" height=\"683\" src=\"https:\/\/diarioavanzada.com.mx\/wp-content\/uploads\/2026\/04\/Entrega-de-becas-UdeC-Donativos-y-Cara-Amiga_f-1024x683.jpg\" alt=\"\" class=\"wp-image-121064\" srcset=\"https:\/\/diarioavanzada.com.mx\/wp-content\/uploads\/2026\/04\/Entrega-de-becas-UdeC-Donativos-y-Cara-Amiga_f-1024x683.jpg 1024w, https:\/\/diarioavanzada.com.mx\/wp-content\/uploads\/2026\/04\/Entrega-de-becas-UdeC-Donativos-y-Cara-Amiga_f-300x200.jpg 300w, https:\/\/diarioavanzada.com.mx\/wp-content\/uploads\/2026\/04\/Entrega-de-becas-UdeC-Donativos-y-Cara-Amiga_f-768x512.jpg 768w, https:\/\/diarioavanzada.com.mx\/wp-content\/uploads\/2026\/04\/Entrega-de-becas-UdeC-Donativos-y-Cara-Amiga_f.jpg 1048w\" sizes=\"auto, (max-width: 1024px) 100vw, 1024px\" \/><\/figure>\n\n\n\n<figure class=\"wp-block-image size-large\"><img loading=\"lazy\" decoding=\"async\" width=\"1024\" height=\"683\" src=\"https:\/\/diarioavanzada.com.mx\/wp-content\/uploads\/2026\/04\/Entrega-de-becas-UdeC-Donativos-y-Cara-Amiga_i-1024x683.jpg\" alt=\"\" class=\"wp-image-121065\" srcset=\"https:\/\/diarioavanzada.com.mx\/wp-content\/uploads\/2026\/04\/Entrega-de-becas-UdeC-Donativos-y-Cara-Amiga_i-1024x683.jpg 1024w, https:\/\/diarioavanzada.com.mx\/wp-content\/uploads\/2026\/04\/Entrega-de-becas-UdeC-Donativos-y-Cara-Amiga_i-300x200.jpg 300w, https:\/\/diarioavanzada.com.mx\/wp-content\/uploads\/2026\/04\/Entrega-de-becas-UdeC-Donativos-y-Cara-Amiga_i-768x512.jpg 768w, https:\/\/diarioavanzada.com.mx\/wp-content\/uploads\/2026\/04\/Entrega-de-becas-UdeC-Donativos-y-Cara-Amiga_i.jpg 1048w\" sizes=\"auto, (max-width: 1024px) 100vw, 1024px\" \/><\/figure>\n\n\n\n<figure class=\"wp-block-image size-large\"><img loading=\"lazy\" decoding=\"async\" width=\"1024\" height=\"683\" src=\"https:\/\/diarioavanzada.com.mx\/wp-content\/uploads\/2026\/04\/Entrega-de-becas-UdeC-Donativos-y-Cara-Amiga_h-1024x683.jpg\" alt=\"\" class=\"wp-image-121066\" srcset=\"https:\/\/diarioavanzada.com.mx\/wp-content\/uploads\/2026\/04\/Entrega-de-becas-UdeC-Donativos-y-Cara-Amiga_h-1024x683.jpg 1024w, https:\/\/diarioavanzada.com.mx\/wp-content\/uploads\/2026\/04\/Entrega-de-becas-UdeC-Donativos-y-Cara-Amiga_h-300x200.jpg 300w, https:\/\/diarioavanzada.com.mx\/wp-content\/uploads\/2026\/04\/Entrega-de-becas-UdeC-Donativos-y-Cara-Amiga_h-768x512.jpg 768w, https:\/\/diarioavanzada.com.mx\/wp-content\/uploads\/2026\/04\/Entrega-de-becas-UdeC-Donativos-y-Cara-Amiga_h.jpg 1048w\" sizes=\"auto, (max-width: 1024px) 100vw, 1024px\" \/><\/figure>\n<div class=\"fb-background-color\">\n\t\t\t  <div \n\t\t\t  \tclass = \"fb-comments\" \n\t\t\t  \tdata-href = \"https:\/\/diarioavanzada.com.mx\/?p=121060\"\n\t\t\t  \tdata-numposts = \"10\"\n\t\t\t  \tdata-lazy = \"true\"\n\t\t\t\tdata-colorscheme = \"light\"\n\t\t\t\tdata-order-by = \"social\"\n\t\t\t\tdata-mobile=true>\n\t\t\t  <\/div><\/div>\n\t\t  <style>\n\t\t    .fb-background-color {\n\t\t\t\tbackground:  !important;\n\t\t\t}\n\t\t\t.fb_iframe_widget_fluid_desktop iframe {\n\t\t\t    width: 100% !important;\n\t\t\t}\n\t\t  <\/style>\n\t\t  ","protected":false},"excerpt":{"rendered":"<p>El rector Christian Torres Ortiz dijo que estas becas reflejan la confianza de empresarios y colaboradores en la instituci\u00f3n. \u201cAmbos conf\u00edan en la Universidad de Colima y le dicen: \u2018Te ayudo financiando algunas de las becas que entregas\u2019\u201d. Colima, M\u00e9xico, Comunicado (29\/04\/2026).- Este mi\u00e9rcoles 29 de abril, la Universidad de Colima entreg\u00f3 dos tipos de [&hellip;]<\/p>\n","protected":false},"author":7,"featured_media":121068,"comment_status":"closed","ping_status":"closed","sticky":false,"template":"","format":"standard","meta":{"_coblocks_attr":"","_coblocks_dimensions":"","_coblocks_responsive_height":"","_coblocks_accordion_ie_support":"","_crdt_document":"","advanced_seo_description":"","jetpack_seo_html_title":"","jetpack_seo_noindex":false,"_jetpack_memberships_contains_paid_content":false,"footnotes":""},"categories":[19,1,209,7,29],"tags":[210],"class_list":["post-121060","post","type-post","status-publish","format-standard","has-post-thumbnail","hentry","category-colima","category-general","category-importantes","category-noticias","category-sociedad","tag-portada"],"jetpack_featured_media_url":"https:\/\/diarioavanzada.com.mx\/wp-content\/uploads\/2026\/04\/Entrega-de-becas-UdeC-Donativos-y-Cara-Amiga_Rector.jpg","jetpack-related-posts":[],"jetpack_sharing_enabled":true,"amp_enabled":true,"_links":{"self":[{"href":"https:\/\/diarioavanzada.com.mx\/index.php?rest_route=\/wp\/v2\/posts\/121060","targetHints":{"allow":["GET"]}}],"collection":[{"href":"https:\/\/diarioavanzada.com.mx\/index.php?rest_route=\/wp\/v2\/posts"}],"about":[{"href":"https:\/\/diarioavanzada.com.mx\/index.php?rest_route=\/wp\/v2\/types\/post"}],"author":[{"embeddable":true,"href":"https:\/\/diarioavanzada.com.mx\/index.php?rest_route=\/wp\/v2\/users\/7"}],"replies":[{"embeddable":true,"href":"https:\/\/diarioavanzada.com.mx\/index.php?rest_route=%2Fwp%2Fv2%2Fcomments&post=121060"}],"version-history":[{"count":4,"href":"https:\/\/diarioavanzada.com.mx\/index.php?rest_route=\/wp\/v2\/posts\/121060\/revisions"}],"predecessor-version":[{"id":121069,"href":"https:\/\/diarioavanzada.com.mx\/index.php?rest_route=\/wp\/v2\/posts\/121060\/revisions\/121069"}],"wp:featuredmedia":[{"embeddable":true,"href":"https:\/\/diarioavanzada.com.mx\/index.php?rest_route=\/wp\/v2\/media\/121068"}],"wp:attachment":[{"href":"https:\/\/diarioavanzada.com.mx\/index.php?rest_route=%2Fwp%2Fv2%2Fmedia&parent=121060"}],"wp:term":[{"taxonomy":"category","embeddable":true,"href":"https:\/\/diarioavanzada.com.mx\/index.php?rest_route=%2Fwp%2Fv2%2Fcategories&post=121060"},{"taxonomy":"post_tag","embeddable":true,"href":"https:\/\/diarioavanzada.com.mx\/index.php?rest_route=%2Fwp%2Fv2%2Ftags&post=121060"}],"curies":[{"name":"wp","href":"https:\/\/api.w.org\/{rel}","templated":true}]}}