{"id":121035,"date":"2026-04-29T18:08:06","date_gmt":"2026-04-30T00:08:06","guid":{"rendered":"https:\/\/diarioavanzada.com.mx\/?p=121035"},"modified":"2026-04-29T18:24:17","modified_gmt":"2026-04-30T00:24:17","slug":"llego-el-humanismo-y-la-luz-que-necesitaba-manzanillo-con-rosi-bayardo-morena","status":"publish","type":"post","link":"https:\/\/diarioavanzada.com.mx\/?p=121035","title":{"rendered":"Lleg\u00f3 el humanismo y la luz que necesitaba Manzanillo con Rosi Bayardo: Morena"},"content":{"rendered":"\n<p class=\"p2 wp-block-paragraph\">Manzanillo, Colima, Avanzada (29\/04\/2026).\u2014 La presidenta de Morena en Colima, Mitzuko M\u00e1rquez Monroy, destac\u00f3 el trabajo de la alcaldesa Rosa Mar\u00eda Bayardo Cabrera, al asegurar que su administraci\u00f3n ha llevado el humanismo y la luz que necesitaba el puerto.<\/p>\n\n\n\n<p class=\"p2 wp-block-paragraph\">En rueda de prensa desde Manzanillo, la dirigente estatal afirm\u00f3 que los avances en el municipio son resultado de un trabajo coordinado con los tres niveles de gobierno. \u201cNos da mucho orgullo estar aqu\u00ed en Manzanillo, en el epicentro de nuestra transformaci\u00f3n econ\u00f3mica tambi\u00e9n de nuestro estado, donde el trabajo ha dado resultado\u201d, expres\u00f3.<\/p>\n\n\n\n<p class=\"p2 wp-block-paragraph\">M\u00e1rquez Monroy subray\u00f3 que la alcaldesa ha mantenido una estrecha colaboraci\u00f3n con la gobernadora Indira Vizca\u00edno Silva y el Gobierno Federal, lo que \u2014dijo\u2014 ha permitido consolidar un \u201cimpulso hist\u00f3rico\u201d en materia de obras p\u00fablicas.<\/p>\n\n\n\n<p class=\"p2 wp-block-paragraph\">Entre los proyectos pr\u00f3ximos, mencion\u00f3 intervenciones en la entrada al puerto, la zona conocida como La Flechita y el Barrio 5, las cuales \u2014asegur\u00f3\u2014 mejorar\u00e1n la movilidad y contribuir\u00e1n al embellecimiento de la ciudad. \u201cEsas obras le van a dar much\u00edsima movilidad, viabilidad al puerto, pero tambi\u00e9n lo van a embellecer, porque eso es parte del crecimiento\u201d, se\u00f1al\u00f3.<\/p>\n\n\n\n<p class=\"p2 wp-block-paragraph\">La dirigente morenista sostuvo que Manzanillo vive una transformaci\u00f3n esperada desde hace d\u00e9cadas. \u201cLe lleg\u00f3 la transformaci\u00f3n que ven\u00eda esperando desde hace muchas d\u00e9cadas y eso ya se da gracias a una buena administraci\u00f3n que est\u00e1 encabezando Rosi Bayardo\u201d, afirm\u00f3.<\/p>\n\n\n\n<p class=\"p2 wp-block-paragraph\">Asimismo, resalt\u00f3 programas sociales como Unibecas, as\u00ed como la modernizaci\u00f3n del alumbrado p\u00fablico mediante tecnolog\u00eda LED. \u201cLa luz que necesitaba mucho el puerto ya lleg\u00f3, y el humanismo mexicano lo ha estado llevando muy bien nuestra compa\u00f1era Rosi Bayardo\u201d, agreg\u00f3.<\/p>\n\n\n\n<p class=\"p3 wp-block-paragraph\">Finalmente, M\u00e1rquez Monroy invit\u00f3 a la poblaci\u00f3n a asistir a las Fiestas de Mayo en Manzanillo, reiterando el llamado a las familias del municipio y de la regi\u00f3n a participar en las celebraciones.<\/p>\n<div class=\"fb-background-color\">\n\t\t\t  <div \n\t\t\t  \tclass = \"fb-comments\" \n\t\t\t  \tdata-href = \"https:\/\/diarioavanzada.com.mx\/?p=121035\"\n\t\t\t  \tdata-numposts = \"10\"\n\t\t\t  \tdata-lazy = \"true\"\n\t\t\t\tdata-colorscheme = \"light\"\n\t\t\t\tdata-order-by = \"social\"\n\t\t\t\tdata-mobile=true>\n\t\t\t  <\/div><\/div>\n\t\t  <style>\n\t\t    .fb-background-color {\n\t\t\t\tbackground:  !important;\n\t\t\t}\n\t\t\t.fb_iframe_widget_fluid_desktop iframe {\n\t\t\t    width: 100% !important;\n\t\t\t}\n\t\t  <\/style>\n\t\t  ","protected":false},"excerpt":{"rendered":"<p>Manzanillo, Colima, Avanzada (29\/04\/2026).\u2014 La presidenta de Morena en Colima, Mitzuko M\u00e1rquez Monroy, destac\u00f3 el trabajo de la alcaldesa Rosa Mar\u00eda Bayardo Cabrera, al asegurar que su administraci\u00f3n ha llevado el humanismo y la luz que necesitaba el puerto. En rueda de prensa desde Manzanillo, la dirigente estatal afirm\u00f3 que los avances en el municipio [&hellip;]<\/p>\n","protected":false},"author":7,"featured_media":121034,"comment_status":"closed","ping_status":"closed","sticky":false,"template":"","format":"standard","meta":{"_coblocks_attr":"","_coblocks_dimensions":"","_coblocks_responsive_height":"","_coblocks_accordion_ie_support":"","_crdt_document":"","advanced_seo_description":"","jetpack_seo_html_title":"","jetpack_seo_noindex":false,"_jetpack_memberships_contains_paid_content":false,"footnotes":""},"categories":[19,1,209,7,29],"tags":[210],"class_list":["post-121035","post","type-post","status-publish","format-standard","has-post-thumbnail","hentry","category-colima","category-general","category-importantes","category-noticias","category-sociedad","tag-portada"],"jetpack_featured_media_url":"https:\/\/diarioavanzada.com.mx\/wp-content\/uploads\/2026\/04\/img_2745.jpg","jetpack-related-posts":[],"jetpack_sharing_enabled":true,"amp_enabled":true,"_links":{"self":[{"href":"https:\/\/diarioavanzada.com.mx\/index.php?rest_route=\/wp\/v2\/posts\/121035","targetHints":{"allow":["GET"]}}],"collection":[{"href":"https:\/\/diarioavanzada.com.mx\/index.php?rest_route=\/wp\/v2\/posts"}],"about":[{"href":"https:\/\/diarioavanzada.com.mx\/index.php?rest_route=\/wp\/v2\/types\/post"}],"author":[{"embeddable":true,"href":"https:\/\/diarioavanzada.com.mx\/index.php?rest_route=\/wp\/v2\/users\/7"}],"replies":[{"embeddable":true,"href":"https:\/\/diarioavanzada.com.mx\/index.php?rest_route=%2Fwp%2Fv2%2Fcomments&post=121035"}],"version-history":[{"count":2,"href":"https:\/\/diarioavanzada.com.mx\/index.php?rest_route=\/wp\/v2\/posts\/121035\/revisions"}],"predecessor-version":[{"id":121037,"href":"https:\/\/diarioavanzada.com.mx\/index.php?rest_route=\/wp\/v2\/posts\/121035\/revisions\/121037"}],"wp:featuredmedia":[{"embeddable":true,"href":"https:\/\/diarioavanzada.com.mx\/index.php?rest_route=\/wp\/v2\/media\/121034"}],"wp:attachment":[{"href":"https:\/\/diarioavanzada.com.mx\/index.php?rest_route=%2Fwp%2Fv2%2Fmedia&parent=121035"}],"wp:term":[{"taxonomy":"category","embeddable":true,"href":"https:\/\/diarioavanzada.com.mx\/index.php?rest_route=%2Fwp%2Fv2%2Fcategories&post=121035"},{"taxonomy":"post_tag","embeddable":true,"href":"https:\/\/diarioavanzada.com.mx\/index.php?rest_route=%2Fwp%2Fv2%2Ftags&post=121035"}],"curies":[{"name":"wp","href":"https:\/\/api.w.org\/{rel}","templated":true}]}}