{"id":121017,"date":"2026-04-29T15:55:35","date_gmt":"2026-04-29T21:55:35","guid":{"rendered":"https:\/\/diarioavanzada.com.mx\/?p=121017"},"modified":"2026-04-29T15:57:47","modified_gmt":"2026-04-29T21:57:47","slug":"senadora-acusa-nexos-de-morena-con-el-narco-y-exige-extradiciones-de-narcopoliticos","status":"publish","type":"post","link":"https:\/\/diarioavanzada.com.mx\/?p=121017","title":{"rendered":"Senadora acusa nexos de Morena con el narco y exige extradiciones de \u201cnarcopol\u00edticos\u201d"},"content":{"rendered":"\n<p class=\"p2 wp-block-paragraph\">Ciudad de M\u00e9xico, Avanzada (29\/04\/2026).\u2013 La senadora Lilly T\u00e9llez, del Grupo Parlamentario del PAN, asegur\u00f3 que en M\u00e9xico \u201cempieza a hacerse justicia desde el extranjero\u201d ante las recientes acusaciones y solicitudes de extradici\u00f3n contra pol\u00edticos presuntamente vinculados con el narcotr\u00e1fico, y lanz\u00f3 fuertes se\u00f1alamientos contra Morena y el gobierno federal.<\/p>\n\n\n\n<p class=\"p2 wp-block-paragraph\">En conferencia de prensa, la legisladora lament\u00f3 que las autoridades mexicanas no act\u00faen con firmeza y sostuvo que las investigaciones provenientes de Estados Unidos confirman lo que \u2014dijo\u2014 ha denunciado durante a\u00f1os: supuestos v\u00ednculos entre Morena y grupos criminales.<\/p>\n\n\n\n<p class=\"p2 wp-block-paragraph\">T\u00e9llez record\u00f3 el episodio en el que el entonces presidente Andr\u00e9s Manuel L\u00f3pez Obrador salud\u00f3 a la madre de Joaqu\u00edn \u201cEl Chapo\u201d Guzm\u00e1n, al se\u00f1alar que ese hecho fue determinante para su salida de Morena, al considerar que evidenciaba una relaci\u00f3n con el crimen organizado.<\/p>\n\n\n\n<p class=\"p2 wp-block-paragraph\">Asimismo, critic\u00f3 a la presidenta Claudia Sheinbaum por lo que calific\u00f3 como una postura de protecci\u00f3n hacia actores pol\u00edticos se\u00f1alados, luego de que se planteara que las acusaciones provenientes del extranjero deber\u00e1n ser procesadas por la Fiscal\u00eda General de la Rep\u00fablica.<\/p>\n\n\n\n<p class=\"p2 wp-block-paragraph\">La senadora exigi\u00f3 la salida inmediata del Senado de un legislador de Sinaloa se\u00f1alado por autoridades estadounidenses, as\u00ed como su disposici\u00f3n para enfrentar un proceso de extradici\u00f3n. De igual forma, pidi\u00f3 que el gobernador de esa entidad, Rub\u00e9n Rocha Moya, y otros funcionarios mencionados en las investigaciones sean sometidos a la justicia.<\/p>\n\n\n\n<p class=\"p2 wp-block-paragraph\">\u201cEs inadmisible y una verg\u00fcenza para el pa\u00eds\u201d, afirm\u00f3, al advertir que este caso podr\u00eda derivar en un \u201cefecto domin\u00f3\u201d que involucre a m\u00e1s figuras p\u00fablicas.<\/p>\n\n\n\n<p class=\"p2 wp-block-paragraph\">Durante la ronda de preguntas, T\u00e9llez reiter\u00f3 que la oposici\u00f3n continuar\u00e1 denunciando estos hechos desde el Senado y llam\u00f3 a la ciudadan\u00eda a ejercer presi\u00f3n social contra quienes \u2014acus\u00f3\u2014 est\u00e1n vinculados con el crimen organizado.<\/p>\n\n\n\n<p class=\"p2 wp-block-paragraph\">Tambi\u00e9n evit\u00f3 pronunciarse sobre implicaciones electorales rumbo a 2027, al se\u00f1alar que el tema debe abordarse desde la legalidad y la \u00e9tica p\u00fablica, y no desde intereses partidistas.<\/p>\n\n\n\n<p class=\"p3 wp-block-paragraph\">Finalmente, acus\u00f3 que el gobierno federal protege a presuntos implicados y advirti\u00f3 que M\u00e9xico enfrenta una etapa de \u201cnarcopol\u00edtica\u201d, cuya exposici\u00f3n \u2014dijo\u2014 apenas comienza.<\/p>\n\n\n\n<figure class=\"wp-block-video\"><div class=\"wp-block-embed__wrapper\">\n<iframe title=\"VideoPress Video Player\" aria-label='VideoPress Video Player' width='740' height='416' src='https:\/\/videopress.com\/embed\/IDHtSlRh?cover=1&amp;preloadContent=metadata&amp;useAverageColor=1&amp;hd=0' frameborder='0' allowfullscreen data-resize-to-parent=\"true\" allow='clipboard-write'><\/iframe><script src='https:\/\/v0.wordpress.com\/js\/next\/videopress-iframe.js?m=1770107250'><\/script>\n<\/div><\/figure>\n<div class=\"fb-background-color\">\n\t\t\t  <div \n\t\t\t  \tclass = \"fb-comments\" \n\t\t\t  \tdata-href = \"https:\/\/diarioavanzada.com.mx\/?p=121017\"\n\t\t\t  \tdata-numposts = \"10\"\n\t\t\t  \tdata-lazy = \"true\"\n\t\t\t\tdata-colorscheme = \"light\"\n\t\t\t\tdata-order-by = \"social\"\n\t\t\t\tdata-mobile=true>\n\t\t\t  <\/div><\/div>\n\t\t  <style>\n\t\t    .fb-background-color {\n\t\t\t\tbackground:  !important;\n\t\t\t}\n\t\t\t.fb_iframe_widget_fluid_desktop iframe {\n\t\t\t    width: 100% !important;\n\t\t\t}\n\t\t  <\/style>\n\t\t  ","protected":false},"excerpt":{"rendered":"<p>Ciudad de M\u00e9xico, Avanzada (29\/04\/2026).\u2013 La senadora Lilly T\u00e9llez, del Grupo Parlamentario del PAN, asegur\u00f3 que en M\u00e9xico \u201cempieza a hacerse justicia desde el extranjero\u201d ante las recientes acusaciones y solicitudes de extradici\u00f3n contra pol\u00edticos presuntamente vinculados con el narcotr\u00e1fico, y lanz\u00f3 fuertes se\u00f1alamientos contra Morena y el gobierno federal. En conferencia de prensa, la [&hellip;]<\/p>\n","protected":false},"author":7,"featured_media":121019,"comment_status":"closed","ping_status":"closed","sticky":false,"template":"","format":"standard","meta":{"_coblocks_attr":"","_coblocks_dimensions":"","_coblocks_responsive_height":"","_coblocks_accordion_ie_support":"","_crdt_document":"","advanced_seo_description":"","jetpack_seo_html_title":"","jetpack_seo_noindex":false,"_jetpack_memberships_contains_paid_content":false,"footnotes":""},"categories":[1,209,22,7,231,29],"tags":[210],"class_list":["post-121017","post","type-post","status-publish","format-standard","has-post-thumbnail","hentry","category-general","category-importantes","category-nacion","category-noticias","category-seguridad","category-sociedad","tag-portada"],"jetpack_featured_media_url":"https:\/\/diarioavanzada.com.mx\/wp-content\/uploads\/2026\/04\/img_2734.jpg","jetpack-related-posts":[],"jetpack_sharing_enabled":true,"amp_enabled":true,"_links":{"self":[{"href":"https:\/\/diarioavanzada.com.mx\/index.php?rest_route=\/wp\/v2\/posts\/121017","targetHints":{"allow":["GET"]}}],"collection":[{"href":"https:\/\/diarioavanzada.com.mx\/index.php?rest_route=\/wp\/v2\/posts"}],"about":[{"href":"https:\/\/diarioavanzada.com.mx\/index.php?rest_route=\/wp\/v2\/types\/post"}],"author":[{"embeddable":true,"href":"https:\/\/diarioavanzada.com.mx\/index.php?rest_route=\/wp\/v2\/users\/7"}],"replies":[{"embeddable":true,"href":"https:\/\/diarioavanzada.com.mx\/index.php?rest_route=%2Fwp%2Fv2%2Fcomments&post=121017"}],"version-history":[{"count":1,"href":"https:\/\/diarioavanzada.com.mx\/index.php?rest_route=\/wp\/v2\/posts\/121017\/revisions"}],"predecessor-version":[{"id":121020,"href":"https:\/\/diarioavanzada.com.mx\/index.php?rest_route=\/wp\/v2\/posts\/121017\/revisions\/121020"}],"wp:featuredmedia":[{"embeddable":true,"href":"https:\/\/diarioavanzada.com.mx\/index.php?rest_route=\/wp\/v2\/media\/121019"}],"wp:attachment":[{"href":"https:\/\/diarioavanzada.com.mx\/index.php?rest_route=%2Fwp%2Fv2%2Fmedia&parent=121017"}],"wp:term":[{"taxonomy":"category","embeddable":true,"href":"https:\/\/diarioavanzada.com.mx\/index.php?rest_route=%2Fwp%2Fv2%2Fcategories&post=121017"},{"taxonomy":"post_tag","embeddable":true,"href":"https:\/\/diarioavanzada.com.mx\/index.php?rest_route=%2Fwp%2Fv2%2Ftags&post=121017"}],"curies":[{"name":"wp","href":"https:\/\/api.w.org\/{rel}","templated":true}]}}