{"id":121011,"date":"2026-04-29T15:21:09","date_gmt":"2026-04-29T21:21:09","guid":{"rendered":"https:\/\/diarioavanzada.com.mx\/?p=121011"},"modified":"2026-04-29T15:21:29","modified_gmt":"2026-04-29T21:21:29","slug":"condenan-a-madre-de-nina-por-abuso-sexual-infantil-y-corrupcion-de-menores-en-guadalajara","status":"publish","type":"post","link":"https:\/\/diarioavanzada.com.mx\/?p=121011","title":{"rendered":"Condenan a madre de ni\u00f1a por abuso sexual infantil y corrupci\u00f3n de menores en Guadalajara"},"content":{"rendered":"\n<p class=\"p1 wp-block-paragraph\"><em>Una mujer y su pareja sentimental recibieron penas de hasta 18 a\u00f1os de prisi\u00f3n tras comprobarse su responsabilidad en agresiones contra una menor de edad, hija de la sentenciada.<\/em><\/p>\n\n\n\n<p class=\"p2 wp-block-paragraph\">Jalisco, M\u00e9xico, Avanzada (29\/04\/2026).- La Fiscal\u00eda del Estado obtuvo una sentencia condenatoria en contra de Miriam \u201cN\u201d y Jos\u00e9 \u201cN\u201d, quienes fueron hallados culpables de los delitos de abuso sexual infantil agravado y corrupci\u00f3n de menores, en perjuicio de una menor de edad en Guadalajara.<\/p>\n\n\n\n<p class=\"p2 wp-block-paragraph\">De acuerdo con las investigaciones, los hechos ocurrieron el 18 de mayo de 2021 en un domicilio ubicado en la colonia Loma Linda, donde la v\u00edctima se encontraba bajo el cuidado de su madre. Las indagatorias establecieron que la progenitora, en complicidad con su pareja sentimental, coaccion\u00f3 y facilit\u00f3 la comisi\u00f3n de actos de \u00edndole sexual en contra de la menor.<\/p>\n\n\n\n<p class=\"p2 wp-block-paragraph\">La autoridad determin\u00f3 que Miriam \u201cN\u201d no solo permiti\u00f3 las agresiones, sino que particip\u00f3 activamente en ellas y consinti\u00f3 su continuidad a cambio de la provisi\u00f3n de sustancias il\u00edcitas. Tras su detenci\u00f3n, ambos fueron puestos a disposici\u00f3n de la autoridad judicial para enfrentar el proceso penal.<\/p>\n\n\n\n<p class=\"p2 wp-block-paragraph\">La resoluci\u00f3n fue posible gracias al trabajo del Ministerio P\u00fablico adscrito a la Vicefiscal\u00eda en Investigaci\u00f3n Especializada en Atenci\u00f3n a Mujeres, Ni\u00f1as, Ni\u00f1os y Adolescentes, Raz\u00f3n de G\u00e9nero y la Familia, que integr\u00f3 el caso con una metodolog\u00eda basada en perspectiva de g\u00e9nero y protecci\u00f3n a la infancia. Durante el proceso se presentaron pruebas periciales, psicol\u00f3gicas y testimoniales que sustentaron la acusaci\u00f3n.<\/p>\n\n\n\n<p class=\"p2 wp-block-paragraph\">El fallo condenatorio se emiti\u00f3 mediante un procedimiento abreviado, luego de que los imputados reconocieran su responsabilidad en los hechos.<\/p>\n\n\n\n<p class=\"p2 wp-block-paragraph\">Por la gravedad de los delitos, la autoridad judicial impuso a Jos\u00e9 \u201cN\u201d una pena de 16 a\u00f1os de prisi\u00f3n, mientras que Miriam \u201cN\u201d fue sentenciada a 18 a\u00f1os y ocho meses de c\u00e1rcel.<\/p>\n<div class=\"fb-background-color\">\n\t\t\t  <div \n\t\t\t  \tclass = \"fb-comments\" \n\t\t\t  \tdata-href = \"https:\/\/diarioavanzada.com.mx\/?p=121011\"\n\t\t\t  \tdata-numposts = \"10\"\n\t\t\t  \tdata-lazy = \"true\"\n\t\t\t\tdata-colorscheme = \"light\"\n\t\t\t\tdata-order-by = \"social\"\n\t\t\t\tdata-mobile=true>\n\t\t\t  <\/div><\/div>\n\t\t  <style>\n\t\t    .fb-background-color {\n\t\t\t\tbackground:  !important;\n\t\t\t}\n\t\t\t.fb_iframe_widget_fluid_desktop iframe {\n\t\t\t    width: 100% !important;\n\t\t\t}\n\t\t  <\/style>\n\t\t  ","protected":false},"excerpt":{"rendered":"<p>Una mujer y su pareja sentimental recibieron penas de hasta 18 a\u00f1os de prisi\u00f3n tras comprobarse su responsabilidad en agresiones contra una menor de edad, hija de la sentenciada. Jalisco, M\u00e9xico, Avanzada (29\/04\/2026).- La Fiscal\u00eda del Estado obtuvo una sentencia condenatoria en contra de Miriam \u201cN\u201d y Jos\u00e9 \u201cN\u201d, quienes fueron hallados culpables de los [&hellip;]<\/p>\n","protected":false},"author":7,"featured_media":121010,"comment_status":"closed","ping_status":"closed","sticky":false,"template":"","format":"standard","meta":{"_coblocks_attr":"","_coblocks_dimensions":"","_coblocks_responsive_height":"","_coblocks_accordion_ie_support":"","_crdt_document":"","advanced_seo_description":"","jetpack_seo_html_title":"","jetpack_seo_noindex":false,"_jetpack_memberships_contains_paid_content":false,"footnotes":""},"categories":[1,209,353,22,7,231,29],"tags":[],"class_list":["post-121011","post","type-post","status-publish","format-standard","has-post-thumbnail","hentry","category-general","category-importantes","category-jalisco","category-nacion","category-noticias","category-seguridad","category-sociedad"],"jetpack_featured_media_url":"https:\/\/diarioavanzada.com.mx\/wp-content\/uploads\/2026\/04\/img_2181.png","jetpack-related-posts":[],"jetpack_sharing_enabled":true,"amp_enabled":true,"_links":{"self":[{"href":"https:\/\/diarioavanzada.com.mx\/index.php?rest_route=\/wp\/v2\/posts\/121011","targetHints":{"allow":["GET"]}}],"collection":[{"href":"https:\/\/diarioavanzada.com.mx\/index.php?rest_route=\/wp\/v2\/posts"}],"about":[{"href":"https:\/\/diarioavanzada.com.mx\/index.php?rest_route=\/wp\/v2\/types\/post"}],"author":[{"embeddable":true,"href":"https:\/\/diarioavanzada.com.mx\/index.php?rest_route=\/wp\/v2\/users\/7"}],"replies":[{"embeddable":true,"href":"https:\/\/diarioavanzada.com.mx\/index.php?rest_route=%2Fwp%2Fv2%2Fcomments&post=121011"}],"version-history":[{"count":1,"href":"https:\/\/diarioavanzada.com.mx\/index.php?rest_route=\/wp\/v2\/posts\/121011\/revisions"}],"predecessor-version":[{"id":121012,"href":"https:\/\/diarioavanzada.com.mx\/index.php?rest_route=\/wp\/v2\/posts\/121011\/revisions\/121012"}],"wp:featuredmedia":[{"embeddable":true,"href":"https:\/\/diarioavanzada.com.mx\/index.php?rest_route=\/wp\/v2\/media\/121010"}],"wp:attachment":[{"href":"https:\/\/diarioavanzada.com.mx\/index.php?rest_route=%2Fwp%2Fv2%2Fmedia&parent=121011"}],"wp:term":[{"taxonomy":"category","embeddable":true,"href":"https:\/\/diarioavanzada.com.mx\/index.php?rest_route=%2Fwp%2Fv2%2Fcategories&post=121011"},{"taxonomy":"post_tag","embeddable":true,"href":"https:\/\/diarioavanzada.com.mx\/index.php?rest_route=%2Fwp%2Fv2%2Ftags&post=121011"}],"curies":[{"name":"wp","href":"https:\/\/api.w.org\/{rel}","templated":true}]}}