{"id":120991,"date":"2026-04-29T11:33:12","date_gmt":"2026-04-29T17:33:12","guid":{"rendered":"https:\/\/diarioavanzada.com.mx\/?p=120991"},"modified":"2026-04-29T11:33:12","modified_gmt":"2026-04-29T17:33:12","slug":"acusan-conductores-de-plataformas-incumplimiento-de-acuerdos-firmados-por-el-secretario-de-gobierno","status":"publish","type":"post","link":"https:\/\/diarioavanzada.com.mx\/?p=120991","title":{"rendered":"Acusan conductores de plataformas incumplimiento de acuerdos firmados por el secretario de Gobierno"},"content":{"rendered":"\n<p class=\"p2 wp-block-paragraph\">Colima, M\u00e9xico, Avanzada (29\/04\/2026).- Trabajadores del transporte por aplicaci\u00f3n en Colima acusaron al Gobierno del Estado de incumplir acuerdos previamente establecidos y firmados con autoridades, incluido el secretario general de Gobierno, Eloy Garc\u00eda, en el marco del proceso de regulaci\u00f3n que impulsa la Subsecretar\u00eda de Movilidad.<\/p>\n\n\n\n<p class=\"p2 wp-block-paragraph\">En rueda de prensa conjunta, representantes de la Uni\u00f3n Nacional de Trabajadores por Aplicaci\u00f3n (UNTA) y de la Sociedad Cooperativa (SOCOP) se\u00f1alaron que, pese a las reuniones sostenidas con autoridades estatales y legisladores, los compromisos asumidos no han sido respetados.<\/p>\n\n\n\n<p class=\"p2 wp-block-paragraph\">\u201cNo se est\u00e1 respetando nada de lo que se hab\u00eda acordado\u201d, afirmaron, al recordar que dichos acuerdos fueron firmados por el propio secretario general de Gobierno, quien \u2014aseguraron\u2014 particip\u00f3 directamente en mesas de di\u00e1logo con el gremio.<\/p>\n\n\n\n<p class=\"p2 wp-block-paragraph\">Los conductores subrayaron que estos compromisos se realizaron en representaci\u00f3n de la administraci\u00f3n estatal, por lo que consideraron que deben mantenerse vigentes, independientemente de los cambios en la Subsecretar\u00eda de Movilidad.<\/p>\n\n\n\n<p class=\"p2 wp-block-paragraph\">En ese contexto, denunciaron que la reciente convocatoria para avanzar en la regulaci\u00f3n del servicio se emiti\u00f3 sin tomar en cuenta lo previamente pactado, lo que \u2014indicaron\u2014 rompe el di\u00e1logo institucional y vulnera sus derechos como trabajadores.<\/p>\n\n\n\n<p class=\"p2 wp-block-paragraph\">Los inconformes insistieron en que no se oponen a una regulaci\u00f3n, pero exigieron que esta se construya mediante mesas de trabajo y con pleno respeto a los acuerdos firmados. Adem\u00e1s, pidieron frenar el proceso actual hasta que se restablezca el di\u00e1logo con las autoridades.<\/p>\n\n\n\n<p class=\"p2 wp-block-paragraph\">Asimismo, hicieron un llamado a la gobernadora del estado para que intervenga directamente en el conflicto y garantice el cumplimiento de los compromisos adquiridos, al advertir que la falta de atenci\u00f3n podr\u00eda derivar en nuevas acciones por parte del gremio.<\/p>\n\n\n\n<p class=\"p3 wp-block-paragraph\">Finalmente, reiteraron que continuar\u00e1n organiz\u00e1ndose y, de ser necesario, recurrir\u00e1n a distintas instancias para hacer valer sus derechos laborales y exigir condiciones justas dentro del proceso de regulaci\u00f3n del servicio de transporte por aplicaci\u00f3n.<\/p>\n<div class=\"fb-background-color\">\n\t\t\t  <div \n\t\t\t  \tclass = \"fb-comments\" \n\t\t\t  \tdata-href = \"https:\/\/diarioavanzada.com.mx\/?p=120991\"\n\t\t\t  \tdata-numposts = \"10\"\n\t\t\t  \tdata-lazy = \"true\"\n\t\t\t\tdata-colorscheme = \"light\"\n\t\t\t\tdata-order-by = \"social\"\n\t\t\t\tdata-mobile=true>\n\t\t\t  <\/div><\/div>\n\t\t  <style>\n\t\t    .fb-background-color {\n\t\t\t\tbackground:  !important;\n\t\t\t}\n\t\t\t.fb_iframe_widget_fluid_desktop iframe {\n\t\t\t    width: 100% !important;\n\t\t\t}\n\t\t  <\/style>\n\t\t  ","protected":false},"excerpt":{"rendered":"<p>Colima, M\u00e9xico, Avanzada (29\/04\/2026).- Trabajadores del transporte por aplicaci\u00f3n en Colima acusaron al Gobierno del Estado de incumplir acuerdos previamente establecidos y firmados con autoridades, incluido el secretario general de Gobierno, Eloy Garc\u00eda, en el marco del proceso de regulaci\u00f3n que impulsa la Subsecretar\u00eda de Movilidad. En rueda de prensa conjunta, representantes de la Uni\u00f3n [&hellip;]<\/p>\n","protected":false},"author":7,"featured_media":120990,"comment_status":"closed","ping_status":"closed","sticky":false,"template":"","format":"standard","meta":{"_coblocks_attr":"","_coblocks_dimensions":"","_coblocks_responsive_height":"","_coblocks_accordion_ie_support":"","_crdt_document":"","advanced_seo_description":"","jetpack_seo_html_title":"","jetpack_seo_noindex":false,"_jetpack_memberships_contains_paid_content":false,"footnotes":""},"categories":[19,1,209,7,29],"tags":[210],"class_list":["post-120991","post","type-post","status-publish","format-standard","has-post-thumbnail","hentry","category-colima","category-general","category-importantes","category-noticias","category-sociedad","tag-portada"],"jetpack_featured_media_url":"https:\/\/diarioavanzada.com.mx\/wp-content\/uploads\/2026\/04\/img_0664.png","jetpack-related-posts":[],"jetpack_sharing_enabled":true,"amp_enabled":true,"_links":{"self":[{"href":"https:\/\/diarioavanzada.com.mx\/index.php?rest_route=\/wp\/v2\/posts\/120991","targetHints":{"allow":["GET"]}}],"collection":[{"href":"https:\/\/diarioavanzada.com.mx\/index.php?rest_route=\/wp\/v2\/posts"}],"about":[{"href":"https:\/\/diarioavanzada.com.mx\/index.php?rest_route=\/wp\/v2\/types\/post"}],"author":[{"embeddable":true,"href":"https:\/\/diarioavanzada.com.mx\/index.php?rest_route=\/wp\/v2\/users\/7"}],"replies":[{"embeddable":true,"href":"https:\/\/diarioavanzada.com.mx\/index.php?rest_route=%2Fwp%2Fv2%2Fcomments&post=120991"}],"version-history":[{"count":0,"href":"https:\/\/diarioavanzada.com.mx\/index.php?rest_route=\/wp\/v2\/posts\/120991\/revisions"}],"wp:featuredmedia":[{"embeddable":true,"href":"https:\/\/diarioavanzada.com.mx\/index.php?rest_route=\/wp\/v2\/media\/120990"}],"wp:attachment":[{"href":"https:\/\/diarioavanzada.com.mx\/index.php?rest_route=%2Fwp%2Fv2%2Fmedia&parent=120991"}],"wp:term":[{"taxonomy":"category","embeddable":true,"href":"https:\/\/diarioavanzada.com.mx\/index.php?rest_route=%2Fwp%2Fv2%2Fcategories&post=120991"},{"taxonomy":"post_tag","embeddable":true,"href":"https:\/\/diarioavanzada.com.mx\/index.php?rest_route=%2Fwp%2Fv2%2Ftags&post=120991"}],"curies":[{"name":"wp","href":"https:\/\/api.w.org\/{rel}","templated":true}]}}