{"id":120988,"date":"2026-04-29T10:41:23","date_gmt":"2026-04-29T16:41:23","guid":{"rendered":"https:\/\/diarioavanzada.com.mx\/?p=120988"},"modified":"2026-04-29T10:42:46","modified_gmt":"2026-04-29T16:42:46","slug":"acribillan-a-siete-personas-en-colima-cinco-murieron-los-asesinos-huyeron-impunes","status":"publish","type":"post","link":"https:\/\/diarioavanzada.com.mx\/?p=120988","title":{"rendered":"Acribillan a siete personas en Colima, cinco murieron; los asesinos huyeron impunes"},"content":{"rendered":"\n<p class=\"p1 wp-block-paragraph\">Colima, M\u00e9xico, Avanzada (29\/04\/2026).- La violencia contin\u00faa marcando la vida cotidiana de los colimenses, quienes enfrentan una escalada de agresiones armadas en distintos puntos del estado, donde los ataques directos, ejecuciones y hallazgos de cuerpos sin vida se han vuelto recurrentes, generando un clima de inseguridad persistente.<\/p>\n\n\n\n<p class=\"p1 wp-block-paragraph\">Entre los d\u00edas 27 y 28 de abril, siete personas fueron acribilladas en distintos hechos; de ellas, cinco perdieron la vida y dos m\u00e1s resultaron gravemente heridas, de acuerdo con reportes preliminares.<\/p>\n\n\n\n<p class=\"p1 wp-block-paragraph\">El 27 de abril, una mujer fue asesinada a balazos al interior de un domicilio en la colonia Bosques del Sur, en la ciudad de Colima, luego de que sujetos armados irrumpieran en la vivienda y le dispararan en repetidas ocasiones, priv\u00e1ndola de la vida en el lugar. Ese mismo d\u00eda, en Manzanillo, un hombre fue ejecutado mientras caminaba por la calle Galilea, esquina con Bah\u00eda de Santiago, en la colonia Lomas del Mar, en la delegaci\u00f3n de Santiago.<\/p>\n\n\n\n<p class=\"p1 wp-block-paragraph\">Para el 28 de abril, fue localizado el cad\u00e1ver de un hombre en estado de descomposici\u00f3n en una zona agr\u00edcola cercana a la colonia Ladislao y una coheter\u00eda; de manera preliminar se inform\u00f3 que el cuerpo presentaba visibles huellas de tortura. Ese mismo d\u00eda, una mujer adulta result\u00f3 gravemente herida tras un ataque armado en la calle Moctezuma, en el cruce con 16 de Septiembre, en el centro de Colima. Asimismo, un joven fue asesinado a balazos sobre la calle Pastora, cerca de un templo en la colonia L\u00e1zaro C\u00e1rdenas; de manera extraoficial se indic\u00f3 que la v\u00edctima podr\u00eda tratarse de un adolescente de 16 a\u00f1os.<\/p>\n\n\n\n<p class=\"p1 wp-block-paragraph\">M\u00e1s tarde, en las inmediaciones del templo de San Francisco de Almoloyan, sobre la calle Maclovio Herrera, un hombre fue atacado a balazos y result\u00f3 gravemente herido, mientras que otro m\u00e1s fue ejecutado en el mismo punto, en hechos distintos ocurridos con pocas horas de diferencia.<\/p>\n\n\n\n<p class=\"p1 wp-block-paragraph\">En todos los casos, las autoridades abrieron las carpetas de investigaci\u00f3n correspondientes; los cuerpos fueron trasladados al Servicio M\u00e9dico Forense, mientras que los responsables lograron huir sin ser detenidos, operando con total impunidad.<\/p>\n<div class=\"fb-background-color\">\n\t\t\t  <div \n\t\t\t  \tclass = \"fb-comments\" \n\t\t\t  \tdata-href = \"https:\/\/diarioavanzada.com.mx\/?p=120988\"\n\t\t\t  \tdata-numposts = \"10\"\n\t\t\t  \tdata-lazy = \"true\"\n\t\t\t\tdata-colorscheme = \"light\"\n\t\t\t\tdata-order-by = \"social\"\n\t\t\t\tdata-mobile=true>\n\t\t\t  <\/div><\/div>\n\t\t  <style>\n\t\t    .fb-background-color {\n\t\t\t\tbackground:  !important;\n\t\t\t}\n\t\t\t.fb_iframe_widget_fluid_desktop iframe {\n\t\t\t    width: 100% !important;\n\t\t\t}\n\t\t  <\/style>\n\t\t  ","protected":false},"excerpt":{"rendered":"<p>Colima, M\u00e9xico, Avanzada (29\/04\/2026).- La violencia contin\u00faa marcando la vida cotidiana de los colimenses, quienes enfrentan una escalada de agresiones armadas en distintos puntos del estado, donde los ataques directos, ejecuciones y hallazgos de cuerpos sin vida se han vuelto recurrentes, generando un clima de inseguridad persistente. Entre los d\u00edas 27 y 28 de abril, [&hellip;]<\/p>\n","protected":false},"author":7,"featured_media":120987,"comment_status":"closed","ping_status":"closed","sticky":false,"template":"","format":"standard","meta":{"_coblocks_attr":"","_coblocks_dimensions":"","_coblocks_responsive_height":"","_coblocks_accordion_ie_support":"","_crdt_document":"","advanced_seo_description":"","jetpack_seo_html_title":"","jetpack_seo_noindex":false,"_jetpack_memberships_contains_paid_content":false,"footnotes":""},"categories":[19,1,209,7,231,29],"tags":[210],"class_list":["post-120988","post","type-post","status-publish","format-standard","has-post-thumbnail","hentry","category-colima","category-general","category-importantes","category-noticias","category-seguridad","category-sociedad","tag-portada"],"jetpack_featured_media_url":"https:\/\/diarioavanzada.com.mx\/wp-content\/uploads\/2026\/04\/img_0637.jpg","jetpack-related-posts":[],"jetpack_sharing_enabled":true,"amp_enabled":true,"_links":{"self":[{"href":"https:\/\/diarioavanzada.com.mx\/index.php?rest_route=\/wp\/v2\/posts\/120988","targetHints":{"allow":["GET"]}}],"collection":[{"href":"https:\/\/diarioavanzada.com.mx\/index.php?rest_route=\/wp\/v2\/posts"}],"about":[{"href":"https:\/\/diarioavanzada.com.mx\/index.php?rest_route=\/wp\/v2\/types\/post"}],"author":[{"embeddable":true,"href":"https:\/\/diarioavanzada.com.mx\/index.php?rest_route=\/wp\/v2\/users\/7"}],"replies":[{"embeddable":true,"href":"https:\/\/diarioavanzada.com.mx\/index.php?rest_route=%2Fwp%2Fv2%2Fcomments&post=120988"}],"version-history":[{"count":1,"href":"https:\/\/diarioavanzada.com.mx\/index.php?rest_route=\/wp\/v2\/posts\/120988\/revisions"}],"predecessor-version":[{"id":120989,"href":"https:\/\/diarioavanzada.com.mx\/index.php?rest_route=\/wp\/v2\/posts\/120988\/revisions\/120989"}],"wp:featuredmedia":[{"embeddable":true,"href":"https:\/\/diarioavanzada.com.mx\/index.php?rest_route=\/wp\/v2\/media\/120987"}],"wp:attachment":[{"href":"https:\/\/diarioavanzada.com.mx\/index.php?rest_route=%2Fwp%2Fv2%2Fmedia&parent=120988"}],"wp:term":[{"taxonomy":"category","embeddable":true,"href":"https:\/\/diarioavanzada.com.mx\/index.php?rest_route=%2Fwp%2Fv2%2Fcategories&post=120988"},{"taxonomy":"post_tag","embeddable":true,"href":"https:\/\/diarioavanzada.com.mx\/index.php?rest_route=%2Fwp%2Fv2%2Ftags&post=120988"}],"curies":[{"name":"wp","href":"https:\/\/api.w.org\/{rel}","templated":true}]}}