{"id":120986,"date":"2026-04-29T09:44:30","date_gmt":"2026-04-29T15:44:30","guid":{"rendered":"https:\/\/diarioavanzada.com.mx\/?p=120986"},"modified":"2026-04-29T09:44:30","modified_gmt":"2026-04-29T15:44:30","slug":"volcadura-de-camioneta-con-fruta-obstruye-el-tercer-anillo-en-villa-de-alvarez","status":"publish","type":"post","link":"https:\/\/diarioavanzada.com.mx\/?p=120986","title":{"rendered":"Volcadura de camioneta con fruta obstruye el Tercer Anillo en Villa de \u00c1lvarez"},"content":{"rendered":"\n<p class=\"p1 wp-block-paragraph\">Colima, M\u00e9xico, Avanzada (29\/04\/2026).- La circulaci\u00f3n en el Tercer Anillo Perif\u00e9rico, en el municipio de Villa de \u00c1lvarez, se vio afectada la ma\u00f1ana de este mi\u00e9rcoles tras la volcadura de una camioneta de redilas que transportaba fruta, en direcci\u00f3n hacia la glorieta de los Perritos Bailarines.<\/p>\n\n\n\n<p class=\"p1 wp-block-paragraph\">De acuerdo con la Unidad Estatal de Protecci\u00f3n Civil (UEPC), elementos de emergencia acudieron de inmediato al sitio para brindar auxilio y asegurar la zona, con el objetivo de prevenir riesgos a otros automovilistas.<\/p>\n\n\n\n<p class=\"p1 wp-block-paragraph\">A pesar de lo aparatoso del accidente, no se reportaron personas lesionadas; sin embargo, la unidad volcada y la carga esparcida sobre la carpeta asf\u00e1ltica provocaron la obstrucci\u00f3n parcial de la vialidad.<\/p>\n\n\n\n<p class=\"p1 wp-block-paragraph\">Las autoridades exhortaron a la poblaci\u00f3n a extremar precauciones al circular por la zona y, de ser posible, utilizar rutas alternas, mientras contin\u00faan las maniobras para retirar el veh\u00edculo y limpiar el \u00e1rea afectada.<\/p>\n\n\n\n<figure class=\"wp-block-image size-large\"><img loading=\"lazy\" decoding=\"async\" width=\"1024\" height=\"768\" src=\"https:\/\/diarioavanzada.com.mx\/wp-content\/uploads\/2026\/04\/img_0634-1024x768.jpg\" class=\"wp-image-120984\" srcset=\"https:\/\/diarioavanzada.com.mx\/wp-content\/uploads\/2026\/04\/img_0634-1024x768.jpg 1024w, https:\/\/diarioavanzada.com.mx\/wp-content\/uploads\/2026\/04\/img_0634-300x225.jpg 300w, https:\/\/diarioavanzada.com.mx\/wp-content\/uploads\/2026\/04\/img_0634-768x576.jpg 768w, https:\/\/diarioavanzada.com.mx\/wp-content\/uploads\/2026\/04\/img_0634-1536x1152.jpg 1536w, https:\/\/diarioavanzada.com.mx\/wp-content\/uploads\/2026\/04\/img_0634.jpg 1600w\" sizes=\"auto, (max-width: 1024px) 100vw, 1024px\" \/><\/figure>\n\n\n\n<p class=\"p1 wp-block-paragraph\"><\/p>\n<div class=\"fb-background-color\">\n\t\t\t  <div \n\t\t\t  \tclass = \"fb-comments\" \n\t\t\t  \tdata-href = \"https:\/\/diarioavanzada.com.mx\/?p=120986\"\n\t\t\t  \tdata-numposts = \"10\"\n\t\t\t  \tdata-lazy = \"true\"\n\t\t\t\tdata-colorscheme = \"light\"\n\t\t\t\tdata-order-by = \"social\"\n\t\t\t\tdata-mobile=true>\n\t\t\t  <\/div><\/div>\n\t\t  <style>\n\t\t    .fb-background-color {\n\t\t\t\tbackground:  !important;\n\t\t\t}\n\t\t\t.fb_iframe_widget_fluid_desktop iframe {\n\t\t\t    width: 100% !important;\n\t\t\t}\n\t\t  <\/style>\n\t\t  ","protected":false},"excerpt":{"rendered":"<p>Colima, M\u00e9xico, Avanzada (29\/04\/2026).- La circulaci\u00f3n en el Tercer Anillo Perif\u00e9rico, en el municipio de Villa de \u00c1lvarez, se vio afectada la ma\u00f1ana de este mi\u00e9rcoles tras la volcadura de una camioneta de redilas que transportaba fruta, en direcci\u00f3n hacia la glorieta de los Perritos Bailarines. De acuerdo con la Unidad Estatal de Protecci\u00f3n Civil [&hellip;]<\/p>\n","protected":false},"author":7,"featured_media":120985,"comment_status":"closed","ping_status":"closed","sticky":false,"template":"","format":"standard","meta":{"_coblocks_attr":"","_coblocks_dimensions":"","_coblocks_responsive_height":"","_coblocks_accordion_ie_support":"","_crdt_document":"","advanced_seo_description":"","jetpack_seo_html_title":"","jetpack_seo_noindex":false,"_jetpack_memberships_contains_paid_content":false,"footnotes":""},"categories":[19,297,1,209,7,231,29],"tags":[],"class_list":["post-120986","post","type-post","status-publish","format-standard","has-post-thumbnail","hentry","category-colima","category-fotonotas-y-videos","category-general","category-importantes","category-noticias","category-seguridad","category-sociedad"],"jetpack_featured_media_url":"https:\/\/diarioavanzada.com.mx\/wp-content\/uploads\/2026\/04\/img_0635-1.jpg","jetpack-related-posts":[],"jetpack_sharing_enabled":true,"amp_enabled":true,"_links":{"self":[{"href":"https:\/\/diarioavanzada.com.mx\/index.php?rest_route=\/wp\/v2\/posts\/120986","targetHints":{"allow":["GET"]}}],"collection":[{"href":"https:\/\/diarioavanzada.com.mx\/index.php?rest_route=\/wp\/v2\/posts"}],"about":[{"href":"https:\/\/diarioavanzada.com.mx\/index.php?rest_route=\/wp\/v2\/types\/post"}],"author":[{"embeddable":true,"href":"https:\/\/diarioavanzada.com.mx\/index.php?rest_route=\/wp\/v2\/users\/7"}],"replies":[{"embeddable":true,"href":"https:\/\/diarioavanzada.com.mx\/index.php?rest_route=%2Fwp%2Fv2%2Fcomments&post=120986"}],"version-history":[{"count":0,"href":"https:\/\/diarioavanzada.com.mx\/index.php?rest_route=\/wp\/v2\/posts\/120986\/revisions"}],"wp:featuredmedia":[{"embeddable":true,"href":"https:\/\/diarioavanzada.com.mx\/index.php?rest_route=\/wp\/v2\/media\/120985"}],"wp:attachment":[{"href":"https:\/\/diarioavanzada.com.mx\/index.php?rest_route=%2Fwp%2Fv2%2Fmedia&parent=120986"}],"wp:term":[{"taxonomy":"category","embeddable":true,"href":"https:\/\/diarioavanzada.com.mx\/index.php?rest_route=%2Fwp%2Fv2%2Fcategories&post=120986"},{"taxonomy":"post_tag","embeddable":true,"href":"https:\/\/diarioavanzada.com.mx\/index.php?rest_route=%2Fwp%2Fv2%2Ftags&post=120986"}],"curies":[{"name":"wp","href":"https:\/\/api.w.org\/{rel}","templated":true}]}}