{"id":120955,"date":"2026-04-28T20:53:02","date_gmt":"2026-04-29T02:53:02","guid":{"rendered":"https:\/\/diarioavanzada.com.mx\/?p=120955"},"modified":"2026-04-28T20:53:04","modified_gmt":"2026-04-29T02:53:04","slug":"anuncian-dif-ayuntamiento-de-ixtlahuacan-y-udec-edicion-de-libro-para-preservar-leyendas-y-tradiciones-del-municipio","status":"publish","type":"post","link":"https:\/\/diarioavanzada.com.mx\/?p=120955","title":{"rendered":"Anuncian DIF, Ayuntamiento de Ixtlahuac\u00e1n y UdeC edici\u00f3n de libro para preservar leyendas y tradiciones del municipio"},"content":{"rendered":"\n<p class=\"wp-block-paragraph\"><em>Este libro busca preservar y transmitir expresiones culturales emblem\u00e1ticas del municipio, como la tradici\u00f3n de los Chayacates, para que ni\u00f1as y ni\u00f1os conozcan de primera mano su patrimonio hist\u00f3rico y cultural.<\/em><\/p>\n\n\n\n<p class=\"wp-block-paragraph\">Colima, M\u00e9xico, Comunicado (28\/04\/2026).- En el marco de la Sesi\u00f3n de Cabildo Infantil 2026, organizada por el DIF Municipal de Ixtlahuac\u00e1n y el Ayuntamiento con motivo del D\u00eda del Ni\u00f1o, la Universidad de Colima refrend\u00f3 su compromiso con la ni\u00f1ez, la educaci\u00f3n y preservaci\u00f3n de la identidad cultural del municipio, al anunciar su participaci\u00f3n en la creaci\u00f3n de un libro infantil que recopilar\u00e1 ilustraciones y leyendas tradicionales para fortalecer el conocimiento y arraigo de las nuevas generaciones hacia sus ra\u00edces.\u00a0<\/p>\n\n\n\n<p class=\"wp-block-paragraph\">Durante este ejercicio c\u00edvico, en el que las ni\u00f1as y ni\u00f1os expresaron propuestas, inquietudes y reflexiones que tuvieron que ver con la identidad y las tradiciones en su comunidad, el rector Christian Jorge Torres Ortiz Zerme\u00f1o destac\u00f3 la importancia de abrir espacios donde la infancia pueda ser escuchada.<\/p>\n\n\n\n<p class=\"wp-block-paragraph\">\u201cA la Universidad de Colima le da much\u00edsimo gusto estar en este evento tan simb\u00f3lico, tan significativo, esta Sesi\u00f3n Solemne de Cabildo Infantil 2026\u201d, expres\u00f3 el rector, al reiterar que para la instituci\u00f3n es fundamental acompa\u00f1ar iniciativas que fortalezcan ciudadan\u00eda, educaci\u00f3n e identidad desde edades tempranas.&nbsp;<\/p>\n\n\n\n<p class=\"wp-block-paragraph\">Torres Ortiz Zerme\u00f1o enfatiz\u00f3 que este tipo de actividades permiten a ni\u00f1as y ni\u00f1os comprender el sentido del trabajo colectivo y su responsabilidad futura con el municipio: \u201c\u00bfY de qu\u00e9 se trata estar en un Cabildo?&#8230; de trabajar en equipo para el beneficio de su municipio\u201d.&nbsp;<\/p>\n\n\n\n<p class=\"wp-block-paragraph\">Como parte de su participaci\u00f3n, el rector confirm\u00f3 el respaldo de la Universidad de Colima al proyecto planteado por el alcalde Alexis Verduzco y la presidenta del DIF, Thiare Barbosa, para que el concurso de <em>Ilustraciones y Leyendas Tradicionales<\/em> se convierta en una obra editorial pensada para la ni\u00f1ez de Ixtlahuac\u00e1n. Su lanzamiento se proyecta para el mes de octubre de este 2026.&nbsp;<\/p>\n\n\n\n<p class=\"wp-block-paragraph\">Este material busca preservar y transmitir expresiones culturales emblem\u00e1ticas del municipio, como la tradici\u00f3n de los Chayacates, para que ni\u00f1as y ni\u00f1os conozcan de primera mano su patrimonio hist\u00f3rico y cultural. \u201cEspero que alcance para todos los ni\u00f1os del municipio de Ixtlahuac\u00e1n. Que puedan tener ese librito y conozcan de primera fuente las tradiciones de su municipio. Y si las conocen, que las puedan cuidar y replicar de generaci\u00f3n en generaci\u00f3n\u201d, subray\u00f3 Christian Torres Ortiz.&nbsp;<\/p>\n\n\n\n<p class=\"wp-block-paragraph\">Adem\u00e1s, el rector reiter\u00f3 que la Universidad de Colima mantiene una presencia estrat\u00e9gica en el municipio a trav\u00e9s de su oferta educativa, particularmente mediante el bachillerato, lo que representa una oportunidad para que las y los j\u00f3venes contin\u00faen su formaci\u00f3n acad\u00e9mica y posteriormente accedan a estudios superiores.&nbsp;<\/p>\n\n\n\n<p class=\"wp-block-paragraph\">\u201cAp\u00f3yenlos, ap\u00f3yenlas, para que no dejen de estudiar y lleguen a la universidad\u201d, expres\u00f3, al dirigirse a madres, padres y tutores.&nbsp;<\/p>\n\n\n\n<p class=\"wp-block-paragraph\">En Ixtlahuac\u00e1n -agreg\u00f3- \u201cla Universidad de Colima seguir\u00e1 siendo aliada institucional en proyectos que vinculan educaci\u00f3n, cultura y comunidad, sum\u00e1ndose a esfuerzos que buscan no solo celebrar a la ni\u00f1ez, sino preservar la memoria colectiva y las tradiciones que dan identidad a Ixtlahuac\u00e1n\u201d.&nbsp;<\/p>\n\n\n\n<p class=\"wp-block-paragraph\">Al cierre del evento, la presidenta del DIF Municipal, Tiare Barbosa Rodr\u00edguez, destac\u00f3 que este Cabildo Infantil permiti\u00f3 escuchar \u201cla voz m\u00e1s importante, la de nuestras ni\u00f1as y ni\u00f1os\u201d, y reafirm\u00f3 el compromiso del organismo a su cargo y del gobierno municipal para seguir trabajando por una infancia con derechos, identidad y espacios de participaci\u00f3n, reconociendo adem\u00e1s la suma de la Universidad de Colima en el rescate de las leyendas tradicionales del municipio.&nbsp;<\/p>\n\n\n\n<p class=\"wp-block-paragraph\">Hace dos meses, el rector Christian Torres Ortiz recibi\u00f3 en su despacho al presidente municipal de Ixtlahuac\u00e1n, Alexis Rafael Verduzco Mendoza, y a la presidenta del DIF. Thiare Barbosa Rodr\u00edguez, en un encuentro donde acordaron que la UdeC editar\u00e1 y publicar\u00e1 un libro con las historias sobre la tradici\u00f3n de los Chayacates, escritas e ilustradas por ni\u00f1as y ni\u00f1os del municipio.<\/p>\n\n\n\n<p class=\"wp-block-paragraph\">La convocatoria se abri\u00f3 a ni\u00f1as y ni\u00f1os de entre 8 y 12 a\u00f1os de edad radicados en ese municipio. De acuerdo con las bases, las y los participantes debieron presentar una leyenda original vinculada con el municipio, as\u00ed como una ilustraci\u00f3n de su autor\u00eda.&nbsp;<\/p>\n\n\n\n<p class=\"wp-block-paragraph\">Los resultados son los siguientes: El primer lugar fue para Aleida Serrano Lozano, el segundo para Gael Jes\u00fas Jim\u00e9nez Virrueta y el tercero para Jos\u00e9 Armando C\u00e1rdenas Mart\u00ednez.<\/p>\n\n\n\n<figure class=\"wp-block-image size-large\"><img loading=\"lazy\" decoding=\"async\" width=\"1024\" height=\"683\" src=\"https:\/\/diarioavanzada.com.mx\/wp-content\/uploads\/2026\/04\/UdeC-y-Ayto-Ixtlahuacan-preparan-libro-de-tradiciones-culturales_c-1024x683.jpg\" alt=\"\" class=\"wp-image-120957\" srcset=\"https:\/\/diarioavanzada.com.mx\/wp-content\/uploads\/2026\/04\/UdeC-y-Ayto-Ixtlahuacan-preparan-libro-de-tradiciones-culturales_c-1024x683.jpg 1024w, https:\/\/diarioavanzada.com.mx\/wp-content\/uploads\/2026\/04\/UdeC-y-Ayto-Ixtlahuacan-preparan-libro-de-tradiciones-culturales_c-300x200.jpg 300w, https:\/\/diarioavanzada.com.mx\/wp-content\/uploads\/2026\/04\/UdeC-y-Ayto-Ixtlahuacan-preparan-libro-de-tradiciones-culturales_c-768x512.jpg 768w, https:\/\/diarioavanzada.com.mx\/wp-content\/uploads\/2026\/04\/UdeC-y-Ayto-Ixtlahuacan-preparan-libro-de-tradiciones-culturales_c-1536x1024.jpg 1536w, https:\/\/diarioavanzada.com.mx\/wp-content\/uploads\/2026\/04\/UdeC-y-Ayto-Ixtlahuacan-preparan-libro-de-tradiciones-culturales_c-2048x1365.jpg 2048w, https:\/\/diarioavanzada.com.mx\/wp-content\/uploads\/2026\/04\/UdeC-y-Ayto-Ixtlahuacan-preparan-libro-de-tradiciones-culturales_c-1200x800.jpg 1200w\" sizes=\"auto, (max-width: 1024px) 100vw, 1024px\" \/><\/figure>\n\n\n\n<figure class=\"wp-block-image size-large\"><img loading=\"lazy\" decoding=\"async\" width=\"1024\" height=\"683\" src=\"https:\/\/diarioavanzada.com.mx\/wp-content\/uploads\/2026\/04\/UdeC-y-Ayto-Ixtlahuacan-preparan-libro-de-tradiciones-culturales_e-1-1024x683.jpg\" alt=\"\" class=\"wp-image-120958\" srcset=\"https:\/\/diarioavanzada.com.mx\/wp-content\/uploads\/2026\/04\/UdeC-y-Ayto-Ixtlahuacan-preparan-libro-de-tradiciones-culturales_e-1-1024x683.jpg 1024w, https:\/\/diarioavanzada.com.mx\/wp-content\/uploads\/2026\/04\/UdeC-y-Ayto-Ixtlahuacan-preparan-libro-de-tradiciones-culturales_e-1-300x200.jpg 300w, https:\/\/diarioavanzada.com.mx\/wp-content\/uploads\/2026\/04\/UdeC-y-Ayto-Ixtlahuacan-preparan-libro-de-tradiciones-culturales_e-1-768x512.jpg 768w, https:\/\/diarioavanzada.com.mx\/wp-content\/uploads\/2026\/04\/UdeC-y-Ayto-Ixtlahuacan-preparan-libro-de-tradiciones-culturales_e-1-1536x1024.jpg 1536w, https:\/\/diarioavanzada.com.mx\/wp-content\/uploads\/2026\/04\/UdeC-y-Ayto-Ixtlahuacan-preparan-libro-de-tradiciones-culturales_e-1-2048x1365.jpg 2048w, https:\/\/diarioavanzada.com.mx\/wp-content\/uploads\/2026\/04\/UdeC-y-Ayto-Ixtlahuacan-preparan-libro-de-tradiciones-culturales_e-1-1200x800.jpg 1200w\" sizes=\"auto, (max-width: 1024px) 100vw, 1024px\" \/><\/figure>\n\n\n\n<figure class=\"wp-block-image size-large\"><img loading=\"lazy\" decoding=\"async\" width=\"1024\" height=\"683\" src=\"https:\/\/diarioavanzada.com.mx\/wp-content\/uploads\/2026\/04\/UdeC-y-Ayto-Ixtlahuacan-preparan-libro-de-tradiciones-culturales_d-1024x683.jpg\" alt=\"\" class=\"wp-image-120961\" srcset=\"https:\/\/diarioavanzada.com.mx\/wp-content\/uploads\/2026\/04\/UdeC-y-Ayto-Ixtlahuacan-preparan-libro-de-tradiciones-culturales_d-1024x683.jpg 1024w, https:\/\/diarioavanzada.com.mx\/wp-content\/uploads\/2026\/04\/UdeC-y-Ayto-Ixtlahuacan-preparan-libro-de-tradiciones-culturales_d-300x200.jpg 300w, https:\/\/diarioavanzada.com.mx\/wp-content\/uploads\/2026\/04\/UdeC-y-Ayto-Ixtlahuacan-preparan-libro-de-tradiciones-culturales_d-768x512.jpg 768w, https:\/\/diarioavanzada.com.mx\/wp-content\/uploads\/2026\/04\/UdeC-y-Ayto-Ixtlahuacan-preparan-libro-de-tradiciones-culturales_d-1536x1024.jpg 1536w, https:\/\/diarioavanzada.com.mx\/wp-content\/uploads\/2026\/04\/UdeC-y-Ayto-Ixtlahuacan-preparan-libro-de-tradiciones-culturales_d-2048x1365.jpg 2048w, https:\/\/diarioavanzada.com.mx\/wp-content\/uploads\/2026\/04\/UdeC-y-Ayto-Ixtlahuacan-preparan-libro-de-tradiciones-culturales_d-1200x800.jpg 1200w\" sizes=\"auto, (max-width: 1024px) 100vw, 1024px\" \/><\/figure>\n<div class=\"fb-background-color\">\n\t\t\t  <div \n\t\t\t  \tclass = \"fb-comments\" \n\t\t\t  \tdata-href = \"https:\/\/diarioavanzada.com.mx\/?p=120955\"\n\t\t\t  \tdata-numposts = \"10\"\n\t\t\t  \tdata-lazy = \"true\"\n\t\t\t\tdata-colorscheme = \"light\"\n\t\t\t\tdata-order-by = \"social\"\n\t\t\t\tdata-mobile=true>\n\t\t\t  <\/div><\/div>\n\t\t  <style>\n\t\t    .fb-background-color {\n\t\t\t\tbackground:  !important;\n\t\t\t}\n\t\t\t.fb_iframe_widget_fluid_desktop iframe {\n\t\t\t    width: 100% !important;\n\t\t\t}\n\t\t  <\/style>\n\t\t  ","protected":false},"excerpt":{"rendered":"<p>Este libro busca preservar y transmitir expresiones culturales emblem\u00e1ticas del municipio, como la tradici\u00f3n de los Chayacates, para que ni\u00f1as y ni\u00f1os conozcan de primera mano su patrimonio hist\u00f3rico y cultural. Colima, M\u00e9xico, Comunicado (28\/04\/2026).- En el marco de la Sesi\u00f3n de Cabildo Infantil 2026, organizada por el DIF Municipal de Ixtlahuac\u00e1n y el Ayuntamiento [&hellip;]<\/p>\n","protected":false},"author":7,"featured_media":120959,"comment_status":"closed","ping_status":"closed","sticky":false,"template":"","format":"standard","meta":{"_coblocks_attr":"","_coblocks_dimensions":"","_coblocks_responsive_height":"","_coblocks_accordion_ie_support":"","_crdt_document":"","advanced_seo_description":"","jetpack_seo_html_title":"","jetpack_seo_noindex":false,"_jetpack_memberships_contains_paid_content":false,"footnotes":""},"categories":[19,1,209,7],"tags":[],"class_list":["post-120955","post","type-post","status-publish","format-standard","has-post-thumbnail","hentry","category-colima","category-general","category-importantes","category-noticias"],"jetpack_featured_media_url":"https:\/\/diarioavanzada.com.mx\/wp-content\/uploads\/2026\/04\/UdeC-y-Ayto-Ixtlahuacan-preparan-libro-de-tradiciones-culturales.jpg","jetpack-related-posts":[],"jetpack_sharing_enabled":true,"amp_enabled":true,"_links":{"self":[{"href":"https:\/\/diarioavanzada.com.mx\/index.php?rest_route=\/wp\/v2\/posts\/120955","targetHints":{"allow":["GET"]}}],"collection":[{"href":"https:\/\/diarioavanzada.com.mx\/index.php?rest_route=\/wp\/v2\/posts"}],"about":[{"href":"https:\/\/diarioavanzada.com.mx\/index.php?rest_route=\/wp\/v2\/types\/post"}],"author":[{"embeddable":true,"href":"https:\/\/diarioavanzada.com.mx\/index.php?rest_route=\/wp\/v2\/users\/7"}],"replies":[{"embeddable":true,"href":"https:\/\/diarioavanzada.com.mx\/index.php?rest_route=%2Fwp%2Fv2%2Fcomments&post=120955"}],"version-history":[{"count":3,"href":"https:\/\/diarioavanzada.com.mx\/index.php?rest_route=\/wp\/v2\/posts\/120955\/revisions"}],"predecessor-version":[{"id":120962,"href":"https:\/\/diarioavanzada.com.mx\/index.php?rest_route=\/wp\/v2\/posts\/120955\/revisions\/120962"}],"wp:featuredmedia":[{"embeddable":true,"href":"https:\/\/diarioavanzada.com.mx\/index.php?rest_route=\/wp\/v2\/media\/120959"}],"wp:attachment":[{"href":"https:\/\/diarioavanzada.com.mx\/index.php?rest_route=%2Fwp%2Fv2%2Fmedia&parent=120955"}],"wp:term":[{"taxonomy":"category","embeddable":true,"href":"https:\/\/diarioavanzada.com.mx\/index.php?rest_route=%2Fwp%2Fv2%2Fcategories&post=120955"},{"taxonomy":"post_tag","embeddable":true,"href":"https:\/\/diarioavanzada.com.mx\/index.php?rest_route=%2Fwp%2Fv2%2Ftags&post=120955"}],"curies":[{"name":"wp","href":"https:\/\/api.w.org\/{rel}","templated":true}]}}