{"id":120933,"date":"2026-04-28T19:48:39","date_gmt":"2026-04-29T01:48:39","guid":{"rendered":"https:\/\/diarioavanzada.com.mx\/?p=120933"},"modified":"2026-04-28T19:48:39","modified_gmt":"2026-04-29T01:48:39","slug":"reconoce-sict-que-tramo-armeria-manzanillo-ya-tiene-mucho-tiempo","status":"publish","type":"post","link":"https:\/\/diarioavanzada.com.mx\/?p=120933","title":{"rendered":"Reconoce SICT que tramo Armer\u00eda-Manzanillo \u201cya tiene mucho tiempo\u201d"},"content":{"rendered":"\n<p class=\"p2 wp-block-paragraph\">Colima, M\u00e9xico, Avanzada (28\/04\/2026).- El director del Centro Colima de la Secretar\u00eda de Infraestructura, Comunicaciones y Transportes (SICT), Christopher Enrique Lucas Ochoa, reconoci\u00f3 que la obra carretera en el tramo Armer\u00eda-Manzanillo ha tardado m\u00e1s de lo esperado, aunque asegur\u00f3 que no se acelerar\u00e1n procesos a costa de la seguridad, pese a la presi\u00f3n social.<\/p>\n\n\n\n<p class=\"p2 wp-block-paragraph\">En entrevista con el portal informativo Colimapm.com, el funcionario admiti\u00f3 que este proyecto ha sido objeto de cr\u00edticas por su duraci\u00f3n: \u201cfue una obra que se ha juzgado mucho con justa raz\u00f3n, de que ya tiene mucho tiempo\u201d, expres\u00f3.<\/p>\n\n\n\n<p class=\"p2 wp-block-paragraph\">No obstante, sostuvo que en los \u00faltimos meses se ha logrado una mejor coordinaci\u00f3n entre autoridades y la empresa contratista, lo que ha permitido avanzar con mayor ritmo en los trabajos.<\/p>\n\n\n\n<p class=\"p2 wp-block-paragraph\">En ese sentido, explic\u00f3 que actualmente las labores se concentran en cortes y terracer\u00edas, etapas que, aunque no siempre son visibles para la poblaci\u00f3n, representan avances importantes. A\u00f1adi\u00f3 que, una vez superada esta fase, las obras podr\u00edan agilizarse.<\/p>\n\n\n\n<p class=\"p2 wp-block-paragraph\">El titular de la SICT en Colima estim\u00f3 que los cuerpos carreteros podr\u00edan estar terminados entre julio y agosto, aunque precis\u00f3 que algunas estructuras, como puentes, continuar\u00e1n en proceso debido a sus tiempos constructivos.<\/p>\n\n\n\n<p class=\"p2 wp-block-paragraph\">Sobre la inconformidad ciudadana por las molestias y retrasos, Lucas Ochoa fue enf\u00e1tico en se\u00f1alar que no ceder\u00e1n a la presi\u00f3n social si ello compromete la integridad de las personas.<\/p>\n\n\n\n<p class=\"p2 wp-block-paragraph\">\u201cNo vamos a ceder a presiones sociales, solamente para aliviar ese tema y que pongamos en riesgo por no terminar en tiempo y forma con las consideraciones necesarias de seguridad para poder aperturar tr\u00e1fico\u201d, declar\u00f3.<\/p>\n\n\n\n<p class=\"p2 wp-block-paragraph\">El funcionario reconoci\u00f3 que las obras generan afectaciones temporales, pero insisti\u00f3 en que se trata de una inversi\u00f3n con beneficios a largo plazo.<\/p>\n\n\n\n<p class=\"p2 wp-block-paragraph\">\u201cEso va a generar o genera cierta molestia, pero es una molestia por unos d\u00edas para un beneficio permanente a 20, 25 a\u00f1os\u201d, puntualiz\u00f3.<\/p>\n\n\n\n<p class=\"p3 wp-block-paragraph\">Finalmente, hizo un llamado a la poblaci\u00f3n a tener paciencia y mantenerse informada a trav\u00e9s de los canales oficiales, al reiterar que los proyectos en curso buscan mejorar de forma significativa la conectividad y seguridad vial en el estado.<\/p>\n<div class=\"fb-background-color\">\n\t\t\t  <div \n\t\t\t  \tclass = \"fb-comments\" \n\t\t\t  \tdata-href = \"https:\/\/diarioavanzada.com.mx\/?p=120933\"\n\t\t\t  \tdata-numposts = \"10\"\n\t\t\t  \tdata-lazy = \"true\"\n\t\t\t\tdata-colorscheme = \"light\"\n\t\t\t\tdata-order-by = \"social\"\n\t\t\t\tdata-mobile=true>\n\t\t\t  <\/div><\/div>\n\t\t  <style>\n\t\t    .fb-background-color {\n\t\t\t\tbackground:  !important;\n\t\t\t}\n\t\t\t.fb_iframe_widget_fluid_desktop iframe {\n\t\t\t    width: 100% !important;\n\t\t\t}\n\t\t  <\/style>\n\t\t  ","protected":false},"excerpt":{"rendered":"<p>Colima, M\u00e9xico, Avanzada (28\/04\/2026).- El director del Centro Colima de la Secretar\u00eda de Infraestructura, Comunicaciones y Transportes (SICT), Christopher Enrique Lucas Ochoa, reconoci\u00f3 que la obra carretera en el tramo Armer\u00eda-Manzanillo ha tardado m\u00e1s de lo esperado, aunque asegur\u00f3 que no se acelerar\u00e1n procesos a costa de la seguridad, pese a la presi\u00f3n social. En [&hellip;]<\/p>\n","protected":false},"author":7,"featured_media":120934,"comment_status":"closed","ping_status":"closed","sticky":false,"template":"","format":"standard","meta":{"_coblocks_attr":"","_coblocks_dimensions":"","_coblocks_responsive_height":"","_coblocks_accordion_ie_support":"","_crdt_document":"","advanced_seo_description":"","jetpack_seo_html_title":"","jetpack_seo_noindex":false,"_jetpack_memberships_contains_paid_content":false,"footnotes":""},"categories":[19,1,209,29],"tags":[210],"class_list":["post-120933","post","type-post","status-publish","format-standard","has-post-thumbnail","hentry","category-colima","category-general","category-importantes","category-sociedad","tag-portada"],"jetpack_featured_media_url":"https:\/\/diarioavanzada.com.mx\/wp-content\/uploads\/2026\/04\/img_0619.jpg","jetpack-related-posts":[],"jetpack_sharing_enabled":true,"amp_enabled":true,"_links":{"self":[{"href":"https:\/\/diarioavanzada.com.mx\/index.php?rest_route=\/wp\/v2\/posts\/120933","targetHints":{"allow":["GET"]}}],"collection":[{"href":"https:\/\/diarioavanzada.com.mx\/index.php?rest_route=\/wp\/v2\/posts"}],"about":[{"href":"https:\/\/diarioavanzada.com.mx\/index.php?rest_route=\/wp\/v2\/types\/post"}],"author":[{"embeddable":true,"href":"https:\/\/diarioavanzada.com.mx\/index.php?rest_route=\/wp\/v2\/users\/7"}],"replies":[{"embeddable":true,"href":"https:\/\/diarioavanzada.com.mx\/index.php?rest_route=%2Fwp%2Fv2%2Fcomments&post=120933"}],"version-history":[{"count":1,"href":"https:\/\/diarioavanzada.com.mx\/index.php?rest_route=\/wp\/v2\/posts\/120933\/revisions"}],"predecessor-version":[{"id":120935,"href":"https:\/\/diarioavanzada.com.mx\/index.php?rest_route=\/wp\/v2\/posts\/120933\/revisions\/120935"}],"wp:featuredmedia":[{"embeddable":true,"href":"https:\/\/diarioavanzada.com.mx\/index.php?rest_route=\/wp\/v2\/media\/120934"}],"wp:attachment":[{"href":"https:\/\/diarioavanzada.com.mx\/index.php?rest_route=%2Fwp%2Fv2%2Fmedia&parent=120933"}],"wp:term":[{"taxonomy":"category","embeddable":true,"href":"https:\/\/diarioavanzada.com.mx\/index.php?rest_route=%2Fwp%2Fv2%2Fcategories&post=120933"},{"taxonomy":"post_tag","embeddable":true,"href":"https:\/\/diarioavanzada.com.mx\/index.php?rest_route=%2Fwp%2Fv2%2Ftags&post=120933"}],"curies":[{"name":"wp","href":"https:\/\/api.w.org\/{rel}","templated":true}]}}