{"id":120885,"date":"2026-04-28T15:21:50","date_gmt":"2026-04-28T21:21:50","guid":{"rendered":"https:\/\/diarioavanzada.com.mx\/?p=120885"},"modified":"2026-04-28T15:21:52","modified_gmt":"2026-04-28T21:21:52","slug":"los-libros-la-lectura-y-la-cultura-deben-estar-al-servicio-de-todas-y-todos-christian-torres-rector","status":"publish","type":"post","link":"https:\/\/diarioavanzada.com.mx\/?p=120885","title":{"rendered":"Los libros, la lectura y la cultura deben estar al servicio de todas y todos: Christian Torres, rector"},"content":{"rendered":"\n<p class=\"wp-block-paragraph\"><em>La Universidad Aut\u00f3noma de Aguascalientes (UAA), luego de 28 ediciones, es la primera invitada especial a la FELIB Altexto.<\/em><\/p>\n\n\n\n<p class=\"wp-block-paragraph\"><em>\u201cRecibimos este honor como una oportunidad para generar un compromiso compartido y para seguir trabajando junto con las universidades que integramos la Red Altexto en la construcci\u00f3n de un espacio editorial que d\u00e9 orden y permanencia al conocimiento que se genera en nuestras instituciones\u201d: Juan Carlos Arredondo, rector de la UAA.<\/em><\/p>\n\n\n\n<p class=\"wp-block-paragraph\">Colima, M\u00e9xico, Comunicado (28\/04\/2026).- En una tarde particularmente h\u00fameda y c\u00e1lida, este lunes se inaugur\u00f3 de manera oficial la edici\u00f3n n\u00famero 28 de la Feria del Libro (FELIB) Altexto 2026, en el vest\u00edbulo de Plaza San Fernando, que estuvo lleno de j\u00f3venes, de p\u00fablico en general, de funcionarios de la Universidad de Colima y tambi\u00e9n de la plaza comercial. En esta edici\u00f3n, por primera vez se tuvo una universidad invitada, la Aut\u00f3noma de Aguascalientes (UAA)<\/p>\n\n\n\n<p class=\"wp-block-paragraph\">Presidieron la ceremonia de apertura Christian Torres Ortiz, rector de la UdeC; Juan Carlos Arredondo Hern\u00e1ndez, rector de la UAA y Guillermo Brun Sol\u00f3rzano, presidente del Consejo de Plaza San Fernando.<\/p>\n\n\n\n<p class=\"wp-block-paragraph\">Con ellos estuvieron Joel Nino, secretario general de la UdeC; Blanca Liliana D\u00edaz, presidenta del Voluntariado; Claudia D\u00e1vila, esposa del rector de UAA; Hayde\u00e9 Boetto, subdirectora general de Bellas Artes; Carlos Ram\u00edrez, coordinador general de Extensi\u00f3n; Silvia Mata, directora general de Difusi\u00f3n y Vinculaci\u00f3n de la UAA; Erika Ulibarri, coordinadora general Administrativa y Financiera; Jorge Mart\u00ednez, coordinador general de Comunicaci\u00f3n Social; Adolfo \u00c1lvarez, director general de Publicaciones; Camilo Garc\u00eda, director general de Servicios Universitarios y Gilda Callejas, directora general de Difusi\u00f3n Cultural.<\/p>\n\n\n\n<p class=\"wp-block-paragraph\">Guillermo Brun agradeci\u00f3 a los directivos universitarios por elegir la Plaza San Fernando para acercar la cultura a la gente. \u201cNos da gusto ser parte de este esfuerzo y ver que cada a\u00f1o sigue creciendo en influencia. La Feria del Libro es un ejemplo de lo que se quiere lograr, y que piensen en esta plaza como una alternativa para difundir la cultura. Eso nos llena de orgullo\u201d.<\/p>\n\n\n\n<p class=\"wp-block-paragraph\">Juan Carlos Arredondo coment\u00f3 que las universidades producen conocimiento, \u201cpero tambi\u00e9n lo fijan, lo ordenan y lo ponen en circulaci\u00f3n. Durante mucho tiempo, esa tarea estuvo atravesada por l\u00edmites considerables, y aunque quisieran, las casas de estudios no se pod\u00edan permitir imprimir todo lo que quisieran o lo que llegaba a sus manos. No hab\u00eda dinero, tiempo, ni el espacio suficiente para tal empresa. Esos retos, sin embargo, nos ense\u00f1aron a realizar una selecci\u00f3n rigurosa de las obras que m\u00e1s val\u00edan la pena, as\u00ed como su curadur\u00eda y publicaci\u00f3n con los m\u00e1s altos est\u00e1ndares de calidad\u201d.<\/p>\n\n\n\n<p class=\"wp-block-paragraph\">Record\u00f3 que el internet y los formatos digitales tienen la capacidad de comprimir hojas enteras en unos cuantos kilobytes, por lo que han transformado la industria y los retos asociados a ella. \u201cEn la actualidad es f\u00e1cil caer en la tentaci\u00f3n de publicar todo lo que se pueda; parad\u00f3jicamente, esa facilidad subraya como nunca la importancia de los buenos editores y del trabajo comprometido y riguroso de las editoriales universitarias\u201d.<\/p>\n\n\n\n<p class=\"wp-block-paragraph\">En ese contexto, el rector de la UAA destac\u00f3 la importancia de la Red Altexto, que desde hace m\u00e1s de dos d\u00e9cadas articula el trabajo de las editoriales universitarias en M\u00e9xico, para fortalecer la circulaci\u00f3n del libro acad\u00e9mico. Es una red integrada por m\u00e1s de 50 instituciones de educaci\u00f3n superior, lo que ha permitido ampliar los cat\u00e1logos, generar espacios compartidos de difusi\u00f3n y sostener altos est\u00e1ndares de difusi\u00f3n editorial.<\/p>\n\n\n\n<p class=\"wp-block-paragraph\">\u201cEstar aqu\u00ed como invitado de honor-dijo-, se traduce en casi un millar de libros publicados, en la presencia en ferias nacionales e internacionales, as\u00ed como un pu\u00f1ado de reconocimientos. La Universidad de Colima fue para nosotros como una madrina que nos dio un empujoncito de la suerte hace casi dos d\u00e9cadas y recibimos este honor como una oportunidad para generar un compromiso compartido y para seguir trabajando junto con las universidades que integramos la Red Altexto en la construcci\u00f3n de un espacio editorial que d\u00e9 orden y permanencia al conocimiento que se genera en nuestras instituciones\u201d.<\/p>\n\n\n\n<p class=\"wp-block-paragraph\">En su turno, el rector Christian Torres dijo que esta edici\u00f3n de la Feria del Libro tiene un significado especial al contar, por primera vez, con una instituci\u00f3n invitada, como la Universidad Aut\u00f3noma de Aguascalientes (UAA). Agradeci\u00f3 a su rector \u201cla disposici\u00f3n de su comunidad universitaria para sumarse a esta feria con su experiencia acad\u00e9mica y editorial, fortaleciendo con ello los v\u00ednculos de colaboraci\u00f3n entre instituciones hermanas que comparten el compromiso con la educaci\u00f3n p\u00fablica, la cultura y la difusi\u00f3n del conocimiento\u201d.<\/p>\n\n\n\n<p class=\"wp-block-paragraph\">Record\u00f3 que, a lo largo de los a\u00f1os, esta Feria se ha consolidado como \u201cun espacio de encuentro que pone en el centro a los libros, pero, sobre todo, a las personas, a quienes leen, a quienes escriben, a quienes ense\u00f1an y a quienes, desde distintos \u00e1mbitos, hacen posible que el conocimiento circule y se comparta. Su car\u00e1cter itinerante y su presencia en diversas sedes universitarias y espacios abiertos de la entidad, reafirma nuestra convicci\u00f3n de que los libros, la lectura y la cultura deben estar al alcance de todas y todos\u201d.<\/p>\n\n\n\n<p class=\"wp-block-paragraph\">En este sentido, dijo el rector, \u201ces importante destacar la apertura y el compromiso de Plaza San Fernando como un espacio que desde hace varios a\u00f1os ha hecho posible que esta Feria se desarrolle en un entorno abierto, accesible y con amplia afluencia de la sociedad colimense, fortaleciendo as\u00ed su alcance y visibilizando el trabajo conjunto de la Universidad y de la comunidad editorial\u201d.<\/p>\n\n\n\n<p class=\"wp-block-paragraph\">Torres Ortiz adelant\u00f3 que durante estos d\u00edas, la FELIB Altexto 2026 ofrecer\u00e1 una programaci\u00f3n amplia y diversa, con presentaciones editoriales, actividades acad\u00e9micas, propuestas art\u00edsticas y espacios dirigidos a p\u00fablicos de todas las edades.<\/p>\n\n\n\n<p class=\"wp-block-paragraph\">\u201cM\u00e1s que una agenda de eventos, ofrecemos una invitaci\u00f3n a encontrarnos, a dialogar, a imaginar, a compartir ideas. Agradezco a todas las dependencias universitarias que han hecho posible esta edici\u00f3n, as\u00ed como a las instituciones participantes, editoriales, autoras y autores, y a los equipos que han trabajado con dedicaci\u00f3n para que esta feria sea una realidad\u201d, destac\u00f3.<\/p>\n\n\n\n<p class=\"wp-block-paragraph\">Finalmente, agradeci\u00f3 a la sociedad colimense por su presencia y por mantener vivo el inter\u00e9s en la lectura y la cultura.<\/p>\n\n\n\n<p class=\"wp-block-paragraph\">Como parte de la inauguraci\u00f3n, se present\u00f3 el Ballet Folkl\u00f3rico de la UdeC con un fragmento del cuadro \u00c1ngeles prehisp\u00e1nicos. Despu\u00e9s, los rectores de la UdeC y la UAA recorrieron los estantes de libros. Destac\u00f3 un mural elaborado por alumnos de la Escuela de Artes Visuales de la Universidad de Colima, coordinados por la maestra Patricia Ayala, donde plasman seis edificios caracter\u00edsticos de la Universidad Aut\u00f3noma de Aguascalientes, elementos que el rector de la UAA fue explicando uno por uno.<\/p>\n\n\n\n<figure class=\"wp-block-image size-large\"><img loading=\"lazy\" decoding=\"async\" width=\"1024\" height=\"683\" src=\"https:\/\/diarioavanzada.com.mx\/wp-content\/uploads\/2026\/04\/Inauguracion-oficial-de-la-Feria-del-Libro-Altexto-2026_UAA-1024x683.jpg\" alt=\"\" class=\"wp-image-120908\" srcset=\"https:\/\/diarioavanzada.com.mx\/wp-content\/uploads\/2026\/04\/Inauguracion-oficial-de-la-Feria-del-Libro-Altexto-2026_UAA-1024x683.jpg 1024w, https:\/\/diarioavanzada.com.mx\/wp-content\/uploads\/2026\/04\/Inauguracion-oficial-de-la-Feria-del-Libro-Altexto-2026_UAA-300x200.jpg 300w, https:\/\/diarioavanzada.com.mx\/wp-content\/uploads\/2026\/04\/Inauguracion-oficial-de-la-Feria-del-Libro-Altexto-2026_UAA-768x512.jpg 768w, https:\/\/diarioavanzada.com.mx\/wp-content\/uploads\/2026\/04\/Inauguracion-oficial-de-la-Feria-del-Libro-Altexto-2026_UAA.jpg 1048w\" sizes=\"auto, (max-width: 1024px) 100vw, 1024px\" \/><\/figure>\n\n\n\n<figure class=\"wp-block-image size-large\"><img loading=\"lazy\" decoding=\"async\" width=\"1024\" height=\"683\" src=\"https:\/\/diarioavanzada.com.mx\/wp-content\/uploads\/2026\/04\/Inauguracion-oficial-de-la-Feria-del-Libro-Altexto-2026_Juan-carlos-1024x683.jpg\" alt=\"\" class=\"wp-image-120906\" srcset=\"https:\/\/diarioavanzada.com.mx\/wp-content\/uploads\/2026\/04\/Inauguracion-oficial-de-la-Feria-del-Libro-Altexto-2026_Juan-carlos-1024x683.jpg 1024w, https:\/\/diarioavanzada.com.mx\/wp-content\/uploads\/2026\/04\/Inauguracion-oficial-de-la-Feria-del-Libro-Altexto-2026_Juan-carlos-300x200.jpg 300w, https:\/\/diarioavanzada.com.mx\/wp-content\/uploads\/2026\/04\/Inauguracion-oficial-de-la-Feria-del-Libro-Altexto-2026_Juan-carlos-768x512.jpg 768w, https:\/\/diarioavanzada.com.mx\/wp-content\/uploads\/2026\/04\/Inauguracion-oficial-de-la-Feria-del-Libro-Altexto-2026_Juan-carlos.jpg 1048w\" sizes=\"auto, (max-width: 1024px) 100vw, 1024px\" \/><\/figure>\n\n\n\n<figure class=\"wp-block-image size-large\"><img loading=\"lazy\" decoding=\"async\" width=\"1024\" height=\"683\" src=\"https:\/\/diarioavanzada.com.mx\/wp-content\/uploads\/2026\/04\/Inauguracion-oficial-de-la-Feria-del-Libro-Altexto-2026_f-1024x683.jpg\" alt=\"\" class=\"wp-image-120905\" srcset=\"https:\/\/diarioavanzada.com.mx\/wp-content\/uploads\/2026\/04\/Inauguracion-oficial-de-la-Feria-del-Libro-Altexto-2026_f-1024x683.jpg 1024w, https:\/\/diarioavanzada.com.mx\/wp-content\/uploads\/2026\/04\/Inauguracion-oficial-de-la-Feria-del-Libro-Altexto-2026_f-300x200.jpg 300w, https:\/\/diarioavanzada.com.mx\/wp-content\/uploads\/2026\/04\/Inauguracion-oficial-de-la-Feria-del-Libro-Altexto-2026_f-768x512.jpg 768w, https:\/\/diarioavanzada.com.mx\/wp-content\/uploads\/2026\/04\/Inauguracion-oficial-de-la-Feria-del-Libro-Altexto-2026_f.jpg 1048w\" sizes=\"auto, (max-width: 1024px) 100vw, 1024px\" \/><\/figure>\n\n\n\n<figure class=\"wp-block-image size-large\"><img loading=\"lazy\" decoding=\"async\" width=\"1024\" height=\"683\" src=\"https:\/\/diarioavanzada.com.mx\/wp-content\/uploads\/2026\/04\/Inauguracion-oficial-de-la-Feria-del-Libro-Altexto-2026_Mural-1024x683.jpg\" alt=\"\" class=\"wp-image-120904\" srcset=\"https:\/\/diarioavanzada.com.mx\/wp-content\/uploads\/2026\/04\/Inauguracion-oficial-de-la-Feria-del-Libro-Altexto-2026_Mural-1024x683.jpg 1024w, https:\/\/diarioavanzada.com.mx\/wp-content\/uploads\/2026\/04\/Inauguracion-oficial-de-la-Feria-del-Libro-Altexto-2026_Mural-300x200.jpg 300w, https:\/\/diarioavanzada.com.mx\/wp-content\/uploads\/2026\/04\/Inauguracion-oficial-de-la-Feria-del-Libro-Altexto-2026_Mural-768x512.jpg 768w, https:\/\/diarioavanzada.com.mx\/wp-content\/uploads\/2026\/04\/Inauguracion-oficial-de-la-Feria-del-Libro-Altexto-2026_Mural.jpg 1048w\" sizes=\"auto, (max-width: 1024px) 100vw, 1024px\" \/><\/figure>\n\n\n\n<figure class=\"wp-block-image size-large\"><img loading=\"lazy\" decoding=\"async\" width=\"1024\" height=\"683\" src=\"https:\/\/diarioavanzada.com.mx\/wp-content\/uploads\/2026\/04\/Inauguracion-oficial-de-la-Feria-del-Libro-Altexto-2026_Patricia-1024x683.jpg\" alt=\"\" class=\"wp-image-120903\" srcset=\"https:\/\/diarioavanzada.com.mx\/wp-content\/uploads\/2026\/04\/Inauguracion-oficial-de-la-Feria-del-Libro-Altexto-2026_Patricia-1024x683.jpg 1024w, https:\/\/diarioavanzada.com.mx\/wp-content\/uploads\/2026\/04\/Inauguracion-oficial-de-la-Feria-del-Libro-Altexto-2026_Patricia-300x200.jpg 300w, https:\/\/diarioavanzada.com.mx\/wp-content\/uploads\/2026\/04\/Inauguracion-oficial-de-la-Feria-del-Libro-Altexto-2026_Patricia-768x512.jpg 768w, https:\/\/diarioavanzada.com.mx\/wp-content\/uploads\/2026\/04\/Inauguracion-oficial-de-la-Feria-del-Libro-Altexto-2026_Patricia.jpg 1048w\" sizes=\"auto, (max-width: 1024px) 100vw, 1024px\" \/><\/figure>\n\n\n\n<figure class=\"wp-block-image size-large\"><img loading=\"lazy\" decoding=\"async\" width=\"1024\" height=\"683\" src=\"https:\/\/diarioavanzada.com.mx\/wp-content\/uploads\/2026\/04\/Inauguracion-oficial-de-la-Feria-del-Libro-Altexto-2026_Rector-UdeC_a-1024x683.jpg\" alt=\"\" class=\"wp-image-120902\" srcset=\"https:\/\/diarioavanzada.com.mx\/wp-content\/uploads\/2026\/04\/Inauguracion-oficial-de-la-Feria-del-Libro-Altexto-2026_Rector-UdeC_a-1024x683.jpg 1024w, https:\/\/diarioavanzada.com.mx\/wp-content\/uploads\/2026\/04\/Inauguracion-oficial-de-la-Feria-del-Libro-Altexto-2026_Rector-UdeC_a-300x200.jpg 300w, https:\/\/diarioavanzada.com.mx\/wp-content\/uploads\/2026\/04\/Inauguracion-oficial-de-la-Feria-del-Libro-Altexto-2026_Rector-UdeC_a-768x512.jpg 768w, https:\/\/diarioavanzada.com.mx\/wp-content\/uploads\/2026\/04\/Inauguracion-oficial-de-la-Feria-del-Libro-Altexto-2026_Rector-UdeC_a.jpg 1048w\" sizes=\"auto, (max-width: 1024px) 100vw, 1024px\" \/><\/figure>\n\n\n\n<figure class=\"wp-block-image size-large\"><img loading=\"lazy\" decoding=\"async\" width=\"1024\" height=\"683\" src=\"https:\/\/diarioavanzada.com.mx\/wp-content\/uploads\/2026\/04\/Inauguracion-oficial-de-la-Feria-del-Libro-Altexto-2026_Rector-UdeC-1024x683.jpg\" alt=\"\" class=\"wp-image-120901\" srcset=\"https:\/\/diarioavanzada.com.mx\/wp-content\/uploads\/2026\/04\/Inauguracion-oficial-de-la-Feria-del-Libro-Altexto-2026_Rector-UdeC-1024x683.jpg 1024w, https:\/\/diarioavanzada.com.mx\/wp-content\/uploads\/2026\/04\/Inauguracion-oficial-de-la-Feria-del-Libro-Altexto-2026_Rector-UdeC-300x200.jpg 300w, https:\/\/diarioavanzada.com.mx\/wp-content\/uploads\/2026\/04\/Inauguracion-oficial-de-la-Feria-del-Libro-Altexto-2026_Rector-UdeC-768x512.jpg 768w, https:\/\/diarioavanzada.com.mx\/wp-content\/uploads\/2026\/04\/Inauguracion-oficial-de-la-Feria-del-Libro-Altexto-2026_Rector-UdeC.jpg 1048w\" sizes=\"auto, (max-width: 1024px) 100vw, 1024px\" \/><\/figure>\n\n\n\n<figure class=\"wp-block-image size-large\"><img loading=\"lazy\" decoding=\"async\" width=\"1024\" height=\"683\" src=\"https:\/\/diarioavanzada.com.mx\/wp-content\/uploads\/2026\/04\/Inauguracion-oficial-de-la-Feria-del-Libro-Altexto-2026_Brun-1024x683.jpg\" alt=\"\" class=\"wp-image-120899\" srcset=\"https:\/\/diarioavanzada.com.mx\/wp-content\/uploads\/2026\/04\/Inauguracion-oficial-de-la-Feria-del-Libro-Altexto-2026_Brun-1024x683.jpg 1024w, https:\/\/diarioavanzada.com.mx\/wp-content\/uploads\/2026\/04\/Inauguracion-oficial-de-la-Feria-del-Libro-Altexto-2026_Brun-300x200.jpg 300w, https:\/\/diarioavanzada.com.mx\/wp-content\/uploads\/2026\/04\/Inauguracion-oficial-de-la-Feria-del-Libro-Altexto-2026_Brun-768x512.jpg 768w, https:\/\/diarioavanzada.com.mx\/wp-content\/uploads\/2026\/04\/Inauguracion-oficial-de-la-Feria-del-Libro-Altexto-2026_Brun.jpg 1048w\" sizes=\"auto, (max-width: 1024px) 100vw, 1024px\" \/><\/figure>\n\n\n\n<figure class=\"wp-block-image size-large\"><img loading=\"lazy\" decoding=\"async\" width=\"1024\" height=\"683\" src=\"https:\/\/diarioavanzada.com.mx\/wp-content\/uploads\/2026\/04\/Inauguracion-oficial-de-la-Feria-del-Libro-Altexto-2026_d-1024x683.jpg\" alt=\"\" class=\"wp-image-120898\" srcset=\"https:\/\/diarioavanzada.com.mx\/wp-content\/uploads\/2026\/04\/Inauguracion-oficial-de-la-Feria-del-Libro-Altexto-2026_d-1024x683.jpg 1024w, https:\/\/diarioavanzada.com.mx\/wp-content\/uploads\/2026\/04\/Inauguracion-oficial-de-la-Feria-del-Libro-Altexto-2026_d-300x200.jpg 300w, https:\/\/diarioavanzada.com.mx\/wp-content\/uploads\/2026\/04\/Inauguracion-oficial-de-la-Feria-del-Libro-Altexto-2026_d-768x512.jpg 768w, https:\/\/diarioavanzada.com.mx\/wp-content\/uploads\/2026\/04\/Inauguracion-oficial-de-la-Feria-del-Libro-Altexto-2026_d.jpg 1048w\" sizes=\"auto, (max-width: 1024px) 100vw, 1024px\" \/><\/figure>\n\n\n\n<figure class=\"wp-block-image size-large\"><img loading=\"lazy\" decoding=\"async\" width=\"1024\" height=\"683\" src=\"https:\/\/diarioavanzada.com.mx\/wp-content\/uploads\/2026\/04\/Inauguracion-oficial-de-la-Feria-del-Libro-Altexto-2026_e-1024x683.jpg\" alt=\"\" class=\"wp-image-120897\" srcset=\"https:\/\/diarioavanzada.com.mx\/wp-content\/uploads\/2026\/04\/Inauguracion-oficial-de-la-Feria-del-Libro-Altexto-2026_e-1024x683.jpg 1024w, https:\/\/diarioavanzada.com.mx\/wp-content\/uploads\/2026\/04\/Inauguracion-oficial-de-la-Feria-del-Libro-Altexto-2026_e-300x200.jpg 300w, https:\/\/diarioavanzada.com.mx\/wp-content\/uploads\/2026\/04\/Inauguracion-oficial-de-la-Feria-del-Libro-Altexto-2026_e-768x512.jpg 768w, https:\/\/diarioavanzada.com.mx\/wp-content\/uploads\/2026\/04\/Inauguracion-oficial-de-la-Feria-del-Libro-Altexto-2026_e.jpg 1048w\" sizes=\"auto, (max-width: 1024px) 100vw, 1024px\" \/><\/figure>\n\n\n\n<figure class=\"wp-block-image size-large\"><img loading=\"lazy\" decoding=\"async\" width=\"1024\" height=\"683\" src=\"https:\/\/diarioavanzada.com.mx\/wp-content\/uploads\/2026\/04\/Inauguracion-oficial-de-la-Feria-del-Libro-Altexto-2026_Equipo-FELIB-1024x683.jpg\" alt=\"\" class=\"wp-image-120896\" srcset=\"https:\/\/diarioavanzada.com.mx\/wp-content\/uploads\/2026\/04\/Inauguracion-oficial-de-la-Feria-del-Libro-Altexto-2026_Equipo-FELIB-1024x683.jpg 1024w, https:\/\/diarioavanzada.com.mx\/wp-content\/uploads\/2026\/04\/Inauguracion-oficial-de-la-Feria-del-Libro-Altexto-2026_Equipo-FELIB-300x200.jpg 300w, https:\/\/diarioavanzada.com.mx\/wp-content\/uploads\/2026\/04\/Inauguracion-oficial-de-la-Feria-del-Libro-Altexto-2026_Equipo-FELIB-768x512.jpg 768w, https:\/\/diarioavanzada.com.mx\/wp-content\/uploads\/2026\/04\/Inauguracion-oficial-de-la-Feria-del-Libro-Altexto-2026_Equipo-FELIB.jpg 1048w\" sizes=\"auto, (max-width: 1024px) 100vw, 1024px\" \/><\/figure>\n\n\n\n<figure class=\"wp-block-image size-large\"><img loading=\"lazy\" decoding=\"async\" width=\"1024\" height=\"683\" src=\"https:\/\/diarioavanzada.com.mx\/wp-content\/uploads\/2026\/04\/Inauguracion-oficial-de-la-Feria-del-Libro-Altexto-2026_g-1024x683.jpg\" alt=\"\" class=\"wp-image-120895\" srcset=\"https:\/\/diarioavanzada.com.mx\/wp-content\/uploads\/2026\/04\/Inauguracion-oficial-de-la-Feria-del-Libro-Altexto-2026_g-1024x683.jpg 1024w, https:\/\/diarioavanzada.com.mx\/wp-content\/uploads\/2026\/04\/Inauguracion-oficial-de-la-Feria-del-Libro-Altexto-2026_g-300x200.jpg 300w, https:\/\/diarioavanzada.com.mx\/wp-content\/uploads\/2026\/04\/Inauguracion-oficial-de-la-Feria-del-Libro-Altexto-2026_g-768x512.jpg 768w, https:\/\/diarioavanzada.com.mx\/wp-content\/uploads\/2026\/04\/Inauguracion-oficial-de-la-Feria-del-Libro-Altexto-2026_g.jpg 1048w\" sizes=\"auto, (max-width: 1024px) 100vw, 1024px\" \/><\/figure>\n\n\n\n<figure class=\"wp-block-image size-large\"><img loading=\"lazy\" decoding=\"async\" width=\"1024\" height=\"683\" src=\"https:\/\/diarioavanzada.com.mx\/wp-content\/uploads\/2026\/04\/Inauguracion-oficial-de-la-Feria-del-Libro-Altexto-2026_Juan-carlos_a-1024x683.jpg\" alt=\"\" class=\"wp-image-120893\" srcset=\"https:\/\/diarioavanzada.com.mx\/wp-content\/uploads\/2026\/04\/Inauguracion-oficial-de-la-Feria-del-Libro-Altexto-2026_Juan-carlos_a-1024x683.jpg 1024w, https:\/\/diarioavanzada.com.mx\/wp-content\/uploads\/2026\/04\/Inauguracion-oficial-de-la-Feria-del-Libro-Altexto-2026_Juan-carlos_a-300x200.jpg 300w, https:\/\/diarioavanzada.com.mx\/wp-content\/uploads\/2026\/04\/Inauguracion-oficial-de-la-Feria-del-Libro-Altexto-2026_Juan-carlos_a-768x512.jpg 768w, https:\/\/diarioavanzada.com.mx\/wp-content\/uploads\/2026\/04\/Inauguracion-oficial-de-la-Feria-del-Libro-Altexto-2026_Juan-carlos_a.jpg 1048w\" sizes=\"auto, (max-width: 1024px) 100vw, 1024px\" \/><\/figure>\n\n\n\n<figure class=\"wp-block-image size-large\"><img loading=\"lazy\" decoding=\"async\" width=\"1024\" height=\"683\" src=\"https:\/\/diarioavanzada.com.mx\/wp-content\/uploads\/2026\/04\/Inauguracion-oficial-de-la-Feria-del-Libro-Altexto-2026_Angeles_a-1024x683.jpg\" alt=\"\" class=\"wp-image-120891\" srcset=\"https:\/\/diarioavanzada.com.mx\/wp-content\/uploads\/2026\/04\/Inauguracion-oficial-de-la-Feria-del-Libro-Altexto-2026_Angeles_a-1024x683.jpg 1024w, https:\/\/diarioavanzada.com.mx\/wp-content\/uploads\/2026\/04\/Inauguracion-oficial-de-la-Feria-del-Libro-Altexto-2026_Angeles_a-300x200.jpg 300w, https:\/\/diarioavanzada.com.mx\/wp-content\/uploads\/2026\/04\/Inauguracion-oficial-de-la-Feria-del-Libro-Altexto-2026_Angeles_a-768x512.jpg 768w, https:\/\/diarioavanzada.com.mx\/wp-content\/uploads\/2026\/04\/Inauguracion-oficial-de-la-Feria-del-Libro-Altexto-2026_Angeles_a.jpg 1048w\" sizes=\"auto, (max-width: 1024px) 100vw, 1024px\" \/><\/figure>\n\n\n\n<figure class=\"wp-block-image size-large\"><img loading=\"lazy\" decoding=\"async\" width=\"1024\" height=\"683\" src=\"https:\/\/diarioavanzada.com.mx\/wp-content\/uploads\/2026\/04\/Inauguracion-oficial-de-la-Feria-del-Libro-Altexto-2026_Angeles-1024x683.jpg\" alt=\"\" class=\"wp-image-120890\" srcset=\"https:\/\/diarioavanzada.com.mx\/wp-content\/uploads\/2026\/04\/Inauguracion-oficial-de-la-Feria-del-Libro-Altexto-2026_Angeles-1024x683.jpg 1024w, https:\/\/diarioavanzada.com.mx\/wp-content\/uploads\/2026\/04\/Inauguracion-oficial-de-la-Feria-del-Libro-Altexto-2026_Angeles-300x200.jpg 300w, https:\/\/diarioavanzada.com.mx\/wp-content\/uploads\/2026\/04\/Inauguracion-oficial-de-la-Feria-del-Libro-Altexto-2026_Angeles-768x512.jpg 768w, https:\/\/diarioavanzada.com.mx\/wp-content\/uploads\/2026\/04\/Inauguracion-oficial-de-la-Feria-del-Libro-Altexto-2026_Angeles.jpg 1048w\" sizes=\"auto, (max-width: 1024px) 100vw, 1024px\" \/><\/figure>\n\n\n\n<figure class=\"wp-block-image size-large\"><img loading=\"lazy\" decoding=\"async\" width=\"1024\" height=\"683\" src=\"https:\/\/diarioavanzada.com.mx\/wp-content\/uploads\/2026\/04\/Inauguracion-oficial-de-la-Feria-del-Libro-Altexto-2026-1024x683.jpg\" alt=\"\" class=\"wp-image-120889\" srcset=\"https:\/\/diarioavanzada.com.mx\/wp-content\/uploads\/2026\/04\/Inauguracion-oficial-de-la-Feria-del-Libro-Altexto-2026-1024x683.jpg 1024w, https:\/\/diarioavanzada.com.mx\/wp-content\/uploads\/2026\/04\/Inauguracion-oficial-de-la-Feria-del-Libro-Altexto-2026-300x200.jpg 300w, https:\/\/diarioavanzada.com.mx\/wp-content\/uploads\/2026\/04\/Inauguracion-oficial-de-la-Feria-del-Libro-Altexto-2026-768x512.jpg 768w, https:\/\/diarioavanzada.com.mx\/wp-content\/uploads\/2026\/04\/Inauguracion-oficial-de-la-Feria-del-Libro-Altexto-2026.jpg 1048w\" sizes=\"auto, (max-width: 1024px) 100vw, 1024px\" \/><\/figure>\n\n\n\n<figure class=\"wp-block-image size-large\"><img loading=\"lazy\" decoding=\"async\" width=\"1024\" height=\"683\" src=\"https:\/\/diarioavanzada.com.mx\/wp-content\/uploads\/2026\/04\/Inauguracion-oficial-de-la-Feria-del-Libro-Altexto-2026_Angeles_b-1024x683.jpg\" alt=\"\" class=\"wp-image-120887\" srcset=\"https:\/\/diarioavanzada.com.mx\/wp-content\/uploads\/2026\/04\/Inauguracion-oficial-de-la-Feria-del-Libro-Altexto-2026_Angeles_b-1024x683.jpg 1024w, https:\/\/diarioavanzada.com.mx\/wp-content\/uploads\/2026\/04\/Inauguracion-oficial-de-la-Feria-del-Libro-Altexto-2026_Angeles_b-300x200.jpg 300w, https:\/\/diarioavanzada.com.mx\/wp-content\/uploads\/2026\/04\/Inauguracion-oficial-de-la-Feria-del-Libro-Altexto-2026_Angeles_b-768x512.jpg 768w, https:\/\/diarioavanzada.com.mx\/wp-content\/uploads\/2026\/04\/Inauguracion-oficial-de-la-Feria-del-Libro-Altexto-2026_Angeles_b.jpg 1048w\" sizes=\"auto, (max-width: 1024px) 100vw, 1024px\" \/><\/figure>\n\n\n\n<figure class=\"wp-block-image size-large\"><img loading=\"lazy\" decoding=\"async\" width=\"1024\" height=\"683\" src=\"https:\/\/diarioavanzada.com.mx\/wp-content\/uploads\/2026\/04\/Inauguracion-oficial-de-la-Feria-del-Libro-Altexto-2026_c-1024x683.jpg\" alt=\"\" class=\"wp-image-120886\" srcset=\"https:\/\/diarioavanzada.com.mx\/wp-content\/uploads\/2026\/04\/Inauguracion-oficial-de-la-Feria-del-Libro-Altexto-2026_c-1024x683.jpg 1024w, https:\/\/diarioavanzada.com.mx\/wp-content\/uploads\/2026\/04\/Inauguracion-oficial-de-la-Feria-del-Libro-Altexto-2026_c-300x200.jpg 300w, https:\/\/diarioavanzada.com.mx\/wp-content\/uploads\/2026\/04\/Inauguracion-oficial-de-la-Feria-del-Libro-Altexto-2026_c-768x512.jpg 768w, https:\/\/diarioavanzada.com.mx\/wp-content\/uploads\/2026\/04\/Inauguracion-oficial-de-la-Feria-del-Libro-Altexto-2026_c.jpg 1048w\" sizes=\"auto, (max-width: 1024px) 100vw, 1024px\" \/><\/figure>\n<div class=\"fb-background-color\">\n\t\t\t  <div \n\t\t\t  \tclass = \"fb-comments\" \n\t\t\t  \tdata-href = \"https:\/\/diarioavanzada.com.mx\/?p=120885\"\n\t\t\t  \tdata-numposts = \"10\"\n\t\t\t  \tdata-lazy = \"true\"\n\t\t\t\tdata-colorscheme = \"light\"\n\t\t\t\tdata-order-by = \"social\"\n\t\t\t\tdata-mobile=true>\n\t\t\t  <\/div><\/div>\n\t\t  <style>\n\t\t    .fb-background-color {\n\t\t\t\tbackground:  !important;\n\t\t\t}\n\t\t\t.fb_iframe_widget_fluid_desktop iframe {\n\t\t\t    width: 100% !important;\n\t\t\t}\n\t\t  <\/style>\n\t\t  ","protected":false},"excerpt":{"rendered":"<p>La Universidad Aut\u00f3noma de Aguascalientes (UAA), luego de 28 ediciones, es la primera invitada especial a la FELIB Altexto. \u201cRecibimos este honor como una oportunidad para generar un compromiso compartido y para seguir trabajando junto con las universidades que integramos la Red Altexto en la construcci\u00f3n de un espacio editorial que d\u00e9 orden y permanencia [&hellip;]<\/p>\n","protected":false},"author":7,"featured_media":120892,"comment_status":"closed","ping_status":"closed","sticky":false,"template":"","format":"standard","meta":{"_coblocks_attr":"","_coblocks_dimensions":"","_coblocks_responsive_height":"","_coblocks_accordion_ie_support":"","_crdt_document":"","advanced_seo_description":"","jetpack_seo_html_title":"","jetpack_seo_noindex":false,"_jetpack_memberships_contains_paid_content":false,"footnotes":""},"categories":[19,1,209,7,29],"tags":[210],"class_list":["post-120885","post","type-post","status-publish","format-standard","has-post-thumbnail","hentry","category-colima","category-general","category-importantes","category-noticias","category-sociedad","tag-portada"],"jetpack_featured_media_url":"https:\/\/diarioavanzada.com.mx\/wp-content\/uploads\/2026\/04\/Inauguracion-oficial-de-la-Feria-del-Libro-Altexto-2026_a.jpg","jetpack-related-posts":[],"jetpack_sharing_enabled":true,"amp_enabled":true,"_links":{"self":[{"href":"https:\/\/diarioavanzada.com.mx\/index.php?rest_route=\/wp\/v2\/posts\/120885","targetHints":{"allow":["GET"]}}],"collection":[{"href":"https:\/\/diarioavanzada.com.mx\/index.php?rest_route=\/wp\/v2\/posts"}],"about":[{"href":"https:\/\/diarioavanzada.com.mx\/index.php?rest_route=\/wp\/v2\/types\/post"}],"author":[{"embeddable":true,"href":"https:\/\/diarioavanzada.com.mx\/index.php?rest_route=\/wp\/v2\/users\/7"}],"replies":[{"embeddable":true,"href":"https:\/\/diarioavanzada.com.mx\/index.php?rest_route=%2Fwp%2Fv2%2Fcomments&post=120885"}],"version-history":[{"count":5,"href":"https:\/\/diarioavanzada.com.mx\/index.php?rest_route=\/wp\/v2\/posts\/120885\/revisions"}],"predecessor-version":[{"id":120909,"href":"https:\/\/diarioavanzada.com.mx\/index.php?rest_route=\/wp\/v2\/posts\/120885\/revisions\/120909"}],"wp:featuredmedia":[{"embeddable":true,"href":"https:\/\/diarioavanzada.com.mx\/index.php?rest_route=\/wp\/v2\/media\/120892"}],"wp:attachment":[{"href":"https:\/\/diarioavanzada.com.mx\/index.php?rest_route=%2Fwp%2Fv2%2Fmedia&parent=120885"}],"wp:term":[{"taxonomy":"category","embeddable":true,"href":"https:\/\/diarioavanzada.com.mx\/index.php?rest_route=%2Fwp%2Fv2%2Fcategories&post=120885"},{"taxonomy":"post_tag","embeddable":true,"href":"https:\/\/diarioavanzada.com.mx\/index.php?rest_route=%2Fwp%2Fv2%2Ftags&post=120885"}],"curies":[{"name":"wp","href":"https:\/\/api.w.org\/{rel}","templated":true}]}}