{"id":120879,"date":"2026-04-28T15:02:08","date_gmt":"2026-04-28T21:02:08","guid":{"rendered":"https:\/\/diarioavanzada.com.mx\/?p=120879"},"modified":"2026-04-28T15:02:58","modified_gmt":"2026-04-28T21:02:58","slug":"golpe-al-bolsillo-alimentos-basicos-suben-hasta-166-en-colima","status":"publish","type":"post","link":"https:\/\/diarioavanzada.com.mx\/?p=120879","title":{"rendered":"Golpe al bolsillo: alimentos b\u00e1sicos suben hasta 166% en Colima"},"content":{"rendered":"\n<p class=\"wp-block-paragraph\">Colima, M\u00e9xico, Avanzada (28\/042026).\u2014 Ir a la tienda en Colima ya no es un tr\u00e1mite cotidiano, sino un ejercicio de ajuste y c\u00e1lculo. En los \u00faltimos d\u00edas, productos b\u00e1sicos de la dieta han registrado aumentos abruptos que est\u00e1n obligando a las familias a recortar compras, sustituir alimentos o, simplemente, llevar menos de lo planeado.<\/p>\n\n\n\n<p class=\"wp-block-paragraph\">Un monitoreo en mercados locales muestra que art\u00edculos esenciales como el jitomate, la calabaza y la papa encabezan una escalada de precios que, en algunos casos, supera el 100 por ciento respecto a sus niveles habituales.<\/p>\n\n\n\n<p class=\"wp-block-paragraph\">El caso m\u00e1s evidente es el del jitomate, cuyo precio pas\u00f3 de alrededor de 15 a 40 pesos por kilogramo, un incremento de 166 por ciento. La calabaza tambi\u00e9n subi\u00f3 de 10 a 25 pesos, mientras que la papa duplic\u00f3 su costo al alcanzar los 40 pesos por kilo. A la par, otros productos como la cebolla y la guayaba tambi\u00e9n presentan aumentos significativos.<\/p>\n\n\n\n<p class=\"wp-block-paragraph\">La presi\u00f3n no se limita a frutas y verduras. El lim\u00f3n, que suele rondar los 20 pesos, se vende actualmente en 40, mientras que el huevo pas\u00f3 de 18 a 37 pesos por kilo, pr\u00e1cticamente el doble. Para muchos hogares, estos incrementos no son aislados, sino acumulativos.<\/p>\n\n\n\n<p class=\"wp-block-paragraph\">En los pasillos del mercado, el cambio se percibe de inmediato. Donde antes se compraba por kilo, ahora se pide \u201cpara completar\u201d; donde hab\u00eda variedad, hoy hay selecci\u00f3n obligada. \u201cVienes con una lista y terminas quitando cosas, porque no alcanza\u201d, comenta una compradora, quien resume la l\u00f3gica que hoy domina: priorizar lo indispensable.<\/p>\n\n\n\n<p class=\"wp-block-paragraph\">Aunque este tipo de variaciones suele explicarse por factores estacionales \u2014como cambios en cosechas, clima o distribuci\u00f3n\u2014, la magnitud y simultaneidad de los aumentos ha generado inquietud entre consumidores. Comerciantes se\u00f1alan que costos de transporte y problemas en el abasto tambi\u00e9n est\u00e1n influyendo, aunque sin una postura oficial clara que explique el fen\u00f3meno en la entidad.<\/p>\n\n\n\n<p class=\"wp-block-paragraph\">Por ahora, el impacto es directo: la inflaci\u00f3n deja de ser un dato t\u00e9cnico y se convierte en una decisi\u00f3n diaria frente al mostrador. En Colima, la \u201ccuesta de abril\u201d no se mide en porcentajes, sino en lo que se queda fuera de la bolsa.<\/p>\n<div class=\"fb-background-color\">\n\t\t\t  <div \n\t\t\t  \tclass = \"fb-comments\" \n\t\t\t  \tdata-href = \"https:\/\/diarioavanzada.com.mx\/?p=120879\"\n\t\t\t  \tdata-numposts = \"10\"\n\t\t\t  \tdata-lazy = \"true\"\n\t\t\t\tdata-colorscheme = \"light\"\n\t\t\t\tdata-order-by = \"social\"\n\t\t\t\tdata-mobile=true>\n\t\t\t  <\/div><\/div>\n\t\t  <style>\n\t\t    .fb-background-color {\n\t\t\t\tbackground:  !important;\n\t\t\t}\n\t\t\t.fb_iframe_widget_fluid_desktop iframe {\n\t\t\t    width: 100% !important;\n\t\t\t}\n\t\t  <\/style>\n\t\t  ","protected":false},"excerpt":{"rendered":"<p>Colima, M\u00e9xico, Avanzada (28\/042026).\u2014 Ir a la tienda en Colima ya no es un tr\u00e1mite cotidiano, sino un ejercicio de ajuste y c\u00e1lculo. En los \u00faltimos d\u00edas, productos b\u00e1sicos de la dieta han registrado aumentos abruptos que est\u00e1n obligando a las familias a recortar compras, sustituir alimentos o, simplemente, llevar menos de lo planeado. Un [&hellip;]<\/p>\n","protected":false},"author":7,"featured_media":120882,"comment_status":"closed","ping_status":"closed","sticky":false,"template":"","format":"standard","meta":{"_coblocks_attr":"","_coblocks_dimensions":"","_coblocks_responsive_height":"","_coblocks_accordion_ie_support":"","_crdt_document":"","advanced_seo_description":"","jetpack_seo_html_title":"","jetpack_seo_noindex":false,"_jetpack_memberships_contains_paid_content":false,"footnotes":""},"categories":[19,1,209,7,29],"tags":[210],"class_list":["post-120879","post","type-post","status-publish","format-standard","has-post-thumbnail","hentry","category-colima","category-general","category-importantes","category-noticias","category-sociedad","tag-portada"],"jetpack_featured_media_url":"https:\/\/diarioavanzada.com.mx\/wp-content\/uploads\/2026\/04\/image-63.png","jetpack-related-posts":[],"jetpack_sharing_enabled":true,"amp_enabled":true,"_links":{"self":[{"href":"https:\/\/diarioavanzada.com.mx\/index.php?rest_route=\/wp\/v2\/posts\/120879","targetHints":{"allow":["GET"]}}],"collection":[{"href":"https:\/\/diarioavanzada.com.mx\/index.php?rest_route=\/wp\/v2\/posts"}],"about":[{"href":"https:\/\/diarioavanzada.com.mx\/index.php?rest_route=\/wp\/v2\/types\/post"}],"author":[{"embeddable":true,"href":"https:\/\/diarioavanzada.com.mx\/index.php?rest_route=\/wp\/v2\/users\/7"}],"replies":[{"embeddable":true,"href":"https:\/\/diarioavanzada.com.mx\/index.php?rest_route=%2Fwp%2Fv2%2Fcomments&post=120879"}],"version-history":[{"count":3,"href":"https:\/\/diarioavanzada.com.mx\/index.php?rest_route=\/wp\/v2\/posts\/120879\/revisions"}],"predecessor-version":[{"id":120883,"href":"https:\/\/diarioavanzada.com.mx\/index.php?rest_route=\/wp\/v2\/posts\/120879\/revisions\/120883"}],"wp:featuredmedia":[{"embeddable":true,"href":"https:\/\/diarioavanzada.com.mx\/index.php?rest_route=\/wp\/v2\/media\/120882"}],"wp:attachment":[{"href":"https:\/\/diarioavanzada.com.mx\/index.php?rest_route=%2Fwp%2Fv2%2Fmedia&parent=120879"}],"wp:term":[{"taxonomy":"category","embeddable":true,"href":"https:\/\/diarioavanzada.com.mx\/index.php?rest_route=%2Fwp%2Fv2%2Fcategories&post=120879"},{"taxonomy":"post_tag","embeddable":true,"href":"https:\/\/diarioavanzada.com.mx\/index.php?rest_route=%2Fwp%2Fv2%2Ftags&post=120879"}],"curies":[{"name":"wp","href":"https:\/\/api.w.org\/{rel}","templated":true}]}}