{"id":120865,"date":"2026-04-28T12:42:46","date_gmt":"2026-04-28T18:42:46","guid":{"rendered":"https:\/\/diarioavanzada.com.mx\/?p=120865"},"modified":"2026-04-28T12:42:46","modified_gmt":"2026-04-28T18:42:46","slug":"se-busca-emeterio-tiene-67-anos-de-edad-desaparecio-en-tecoman-en-diciembre-de-2025","status":"publish","type":"post","link":"https:\/\/diarioavanzada.com.mx\/?p=120865","title":{"rendered":"Se busca: Emeterio tiene 67 a\u00f1os de edad, desapareci\u00f3 en Tecom\u00e1n en diciembre de 2025"},"content":{"rendered":"\n<p class=\"p1 wp-block-paragraph\">Colima, M\u00e9xico, Avanzada (28\/04\/2026).- La Comisi\u00f3n de B\u00fasqueda de Personas del Estado de Colima emiti\u00f3 una ficha para localizar a Emeterio Torres Esqueda, de 67 a\u00f1os de edad, quien fue visto por \u00faltima vez en la comunidad de Cofrad\u00eda de Morelos, en el municipio de Tecom\u00e1n.<\/p>\n\n\n\n<p class=\"p1 wp-block-paragraph\">De acuerdo con la informaci\u00f3n oficial, el hombre se encuentra en calidad de desaparecido desde el pasado 19 de diciembre de 2025, mientras que el reporte fue presentado el 25 de diciembre del mismo a\u00f1o.<\/p>\n\n\n\n<p class=\"p1 wp-block-paragraph\">Emeterio Torres Esqueda es descrito como de 1.70 metros de estatura, complexi\u00f3n media, cara alargada, tez blanca, ojos chicos color caf\u00e9 claro y cabello ondulado entrecano. Como se\u00f1a particular, presenta una verruga en medio de la frente. Su nariz es peque\u00f1a y afilada.<\/p>\n\n\n\n<p class=\"p1 wp-block-paragraph\">Al momento de su desaparici\u00f3n vest\u00eda camisa azul de manga larga y pantal\u00f3n azul de mezclilla. Las autoridades indicaron adem\u00e1s que el adulto mayor presenta desorientaci\u00f3n, lo que incrementa el nivel de riesgo.<\/p>\n\n\n\n<p class=\"p1 wp-block-paragraph\">La Comisi\u00f3n de B\u00fasqueda solicit\u00f3 el apoyo de la ciudadan\u00eda para aportar cualquier informaci\u00f3n que ayude a dar con su paradero. Para ello, puso a disposici\u00f3n el n\u00famero telef\u00f3nico 312 131 3809.<\/p>\n\n\n\n<p class=\"p2 wp-block-paragraph\">Las autoridades reiteraron que cualquier dato, por m\u00ednimo que parezca, puede ser clave para localizarlo y contribuir a su pronto regreso con su familia.<\/p>\n\n\n\n<figure class=\"wp-block-image size-large\"><img loading=\"lazy\" decoding=\"async\" width=\"940\" height=\"788\" src=\"https:\/\/diarioavanzada.com.mx\/wp-content\/uploads\/2026\/04\/img_2711.jpg\" class=\"wp-image-120863\" srcset=\"https:\/\/diarioavanzada.com.mx\/wp-content\/uploads\/2026\/04\/img_2711.jpg 940w, https:\/\/diarioavanzada.com.mx\/wp-content\/uploads\/2026\/04\/img_2711-300x251.jpg 300w, https:\/\/diarioavanzada.com.mx\/wp-content\/uploads\/2026\/04\/img_2711-768x644.jpg 768w\" sizes=\"auto, (max-width: 940px) 100vw, 940px\" \/><\/figure>\n<div class=\"fb-background-color\">\n\t\t\t  <div \n\t\t\t  \tclass = \"fb-comments\" \n\t\t\t  \tdata-href = \"https:\/\/diarioavanzada.com.mx\/?p=120865\"\n\t\t\t  \tdata-numposts = \"10\"\n\t\t\t  \tdata-lazy = \"true\"\n\t\t\t\tdata-colorscheme = \"light\"\n\t\t\t\tdata-order-by = \"social\"\n\t\t\t\tdata-mobile=true>\n\t\t\t  <\/div><\/div>\n\t\t  <style>\n\t\t    .fb-background-color {\n\t\t\t\tbackground:  !important;\n\t\t\t}\n\t\t\t.fb_iframe_widget_fluid_desktop iframe {\n\t\t\t    width: 100% !important;\n\t\t\t}\n\t\t  <\/style>\n\t\t  ","protected":false},"excerpt":{"rendered":"<p>Colima, M\u00e9xico, Avanzada (28\/04\/2026).- La Comisi\u00f3n de B\u00fasqueda de Personas del Estado de Colima emiti\u00f3 una ficha para localizar a Emeterio Torres Esqueda, de 67 a\u00f1os de edad, quien fue visto por \u00faltima vez en la comunidad de Cofrad\u00eda de Morelos, en el municipio de Tecom\u00e1n. De acuerdo con la informaci\u00f3n oficial, el hombre se [&hellip;]<\/p>\n","protected":false},"author":7,"featured_media":120864,"comment_status":"closed","ping_status":"closed","sticky":false,"template":"","format":"standard","meta":{"_coblocks_attr":"","_coblocks_dimensions":"","_coblocks_responsive_height":"","_coblocks_accordion_ie_support":"","_crdt_document":"","advanced_seo_description":"","jetpack_seo_html_title":"","jetpack_seo_noindex":false,"_jetpack_memberships_contains_paid_content":false,"footnotes":""},"categories":[19,1,209,7,231,29],"tags":[210],"class_list":["post-120865","post","type-post","status-publish","format-standard","has-post-thumbnail","hentry","category-colima","category-general","category-importantes","category-noticias","category-seguridad","category-sociedad","tag-portada"],"jetpack_featured_media_url":"https:\/\/diarioavanzada.com.mx\/wp-content\/uploads\/2026\/04\/img_2711-1.jpg","jetpack-related-posts":[],"jetpack_sharing_enabled":true,"amp_enabled":true,"_links":{"self":[{"href":"https:\/\/diarioavanzada.com.mx\/index.php?rest_route=\/wp\/v2\/posts\/120865","targetHints":{"allow":["GET"]}}],"collection":[{"href":"https:\/\/diarioavanzada.com.mx\/index.php?rest_route=\/wp\/v2\/posts"}],"about":[{"href":"https:\/\/diarioavanzada.com.mx\/index.php?rest_route=\/wp\/v2\/types\/post"}],"author":[{"embeddable":true,"href":"https:\/\/diarioavanzada.com.mx\/index.php?rest_route=\/wp\/v2\/users\/7"}],"replies":[{"embeddable":true,"href":"https:\/\/diarioavanzada.com.mx\/index.php?rest_route=%2Fwp%2Fv2%2Fcomments&post=120865"}],"version-history":[{"count":0,"href":"https:\/\/diarioavanzada.com.mx\/index.php?rest_route=\/wp\/v2\/posts\/120865\/revisions"}],"wp:featuredmedia":[{"embeddable":true,"href":"https:\/\/diarioavanzada.com.mx\/index.php?rest_route=\/wp\/v2\/media\/120864"}],"wp:attachment":[{"href":"https:\/\/diarioavanzada.com.mx\/index.php?rest_route=%2Fwp%2Fv2%2Fmedia&parent=120865"}],"wp:term":[{"taxonomy":"category","embeddable":true,"href":"https:\/\/diarioavanzada.com.mx\/index.php?rest_route=%2Fwp%2Fv2%2Fcategories&post=120865"},{"taxonomy":"post_tag","embeddable":true,"href":"https:\/\/diarioavanzada.com.mx\/index.php?rest_route=%2Fwp%2Fv2%2Ftags&post=120865"}],"curies":[{"name":"wp","href":"https:\/\/api.w.org\/{rel}","templated":true}]}}