{"id":120852,"date":"2026-04-28T10:24:09","date_gmt":"2026-04-28T16:24:09","guid":{"rendered":"https:\/\/diarioavanzada.com.mx\/?p=120852"},"modified":"2026-04-28T10:26:31","modified_gmt":"2026-04-28T16:26:31","slug":"contrapesos-en-el-arte-entre-la-omision-institucional-y-la-resistencia-cultural","status":"publish","type":"post","link":"https:\/\/diarioavanzada.com.mx\/?p=120852","title":{"rendered":"Contrapesos en el arte: entre la omisi\u00f3n institucional y la resistencia cultural"},"content":{"rendered":"\n<p class=\"wp-block-paragraph\">Autor: Sergio Escare\u00f1o.<\/p>\n\n\n\n<p class=\"wp-block-paragraph\">En Colima, la cultura parece avanzar a contracorriente, sostenida m\u00e1s por la inercia de sus creadores que por la claridad de sus instituciones. El reciente destrabe de la convocatoria para dirigir la Banda Sinf\u00f3nica del Estado \u2014relegada desde octubre de 2025\u2014 no es necesariamente una buena noticia en s\u00ed misma, sino un recordatorio de lo que ocurre cuando la gesti\u00f3n cultural se posterga: incertidumbre, desgaste y sospecha. Que finalmente se designe a quien llevar\u00e1 la batuta abre una posibilidad, pero tambi\u00e9n deja una exigencia impl\u00edcita: que el criterio sea la preparaci\u00f3n y no los intereses. En el arte, como en la pol\u00edtica, los contrapesos son indispensables.<\/p>\n\n\n\n<p class=\"wp-block-paragraph\">Esa misma necesidad de equilibrio se hizo visible hace unas semanas frente al Museo de Arte Contempor\u00e1neo Jorge Ch\u00e1vez Carrillo, donde integrantes de la comunidad art\u00edstica nos manifestamos para cuestionar la intenci\u00f3n del gobierno estatal de instalar ah\u00ed un museo ambientalista. La discusi\u00f3n no es menor ni superficial. No se trata de oponerse a nuevas propuestas culturales, sino de cuestionar la l\u00f3gica de sustituir, desplazar o resignificar espacios sin atender primero su vocaci\u00f3n original y, sobre todo, su abandono.<\/p>\n\n\n\n<p class=\"wp-block-paragraph\">Porque el problema de fondo no es la creaci\u00f3n de un nuevo museo, sino la omisi\u00f3n frente a los ya existentes. Museos, teatros y recintos culturales en Colima arrastran a\u00f1os de deterioro, desuso o falta de programaci\u00f3n constante. Ante ello, la propuesta de intervenir un espacio como el Jorge Ch\u00e1vez Carrillo no se percibe como evoluci\u00f3n, sino como sustituci\u00f3n. Y ah\u00ed es donde la pol\u00edtica cultural pierde rumbo: cuando en lugar de consolidar lo que existe, opta por inaugurar lo que resulta m\u00e1s visible.<\/p>\n\n\n\n<p class=\"wp-block-paragraph\">La manifestaci\u00f3n, sin embargo, tambi\u00e9n dej\u00f3 al descubierto otra fisura: la fragmentaci\u00f3n del propio gremio art\u00edstico. La baja asistencia no puede explicarse \u00fanicamente por el contexto de inseguridad que atraviesa el estado, aunque este sea un factor real y determinante. Tambi\u00e9n habla de una desconexi\u00f3n entre el discurso y la acci\u00f3n, de una cultura que se defiende m\u00e1s en redes sociales que en el espacio p\u00fablico. Sin comunidad, el arte pierde fuerza; sin presencia, la cr\u00edtica se diluye.<\/p>\n\n\n\n<p class=\"wp-block-paragraph\">En este escenario, insistir en la reubicaci\u00f3n del museo ambientalista no es un capricho, sino una propuesta razonable. Espacios como la zona militar \u2014por su amplitud y caracter\u00edsticas\u2014 podr\u00edan albergar un proyecto de esa naturaleza sin comprometer el patrimonio cultural existente. La defensa del Jorge Ch\u00e1vez Carrillo no es conservadurismo: es coherencia.<\/p>\n\n\n\n<p class=\"wp-block-paragraph\">Aun as\u00ed, la vida cultural de Colima no se detiene. Mayo traer\u00e1 consigo la tercera edici\u00f3n del festival de esculturas de sal, una iniciativa que ha comenzado a consolidarse como un punto de encuentro entre tradici\u00f3n, creatividad y espacio p\u00fablico. A la par, se anuncia un proyecto de intervenci\u00f3n escult\u00f3rica en la ciudad: rocas volc\u00e1nicas en camellones, parques y avenidas ser\u00e1n transformadas en relieves por estudiantes de la Universidad de Colima, del CEDART y artistas consolidados.<\/p>\n\n\n\n<p class=\"wp-block-paragraph\">Estas acciones, impulsadas desde el \u00e1mbito municipal en coordinaci\u00f3n con actores culturales y empresariales, representan una forma distinta de hacer pol\u00edtica cultural: m\u00e1s cercana, m\u00e1s visible, m\u00e1s tangible. No sustituyen la responsabilidad estatal, pero s\u00ed evidencian que el arte encuentra caminos incluso cuando las instituciones titubean.<\/p>\n\n\n\n<p class=\"wp-block-paragraph\">Colima vive, pues, un momento de tensiones culturales: entre la creaci\u00f3n y la omisi\u00f3n, entre la protesta y la apat\u00eda, entre la pol\u00edtica p\u00fablica y la iniciativa ciudadana. En medio de todo, el arte sigue ah\u00ed, como un espacio de resistencia, pero tambi\u00e9n como un term\u00f3metro que revela el estado real de nuestra vida p\u00fablica.<\/p>\n\n\n\n<p class=\"wp-block-paragraph\">Porque donde no hay contrapesos, la cultura se convierte en ornamento. Y donde el arte se vuelve decorativo, la sociedad pierde una de sus formas m\u00e1s cr\u00edticas de mirarse a s\u00ed misma.<\/p>\n<div class=\"fb-background-color\">\n\t\t\t  <div \n\t\t\t  \tclass = \"fb-comments\" \n\t\t\t  \tdata-href = \"https:\/\/diarioavanzada.com.mx\/?p=120852\"\n\t\t\t  \tdata-numposts = \"10\"\n\t\t\t  \tdata-lazy = \"true\"\n\t\t\t\tdata-colorscheme = \"light\"\n\t\t\t\tdata-order-by = \"social\"\n\t\t\t\tdata-mobile=true>\n\t\t\t  <\/div><\/div>\n\t\t  <style>\n\t\t    .fb-background-color {\n\t\t\t\tbackground:  !important;\n\t\t\t}\n\t\t\t.fb_iframe_widget_fluid_desktop iframe {\n\t\t\t    width: 100% !important;\n\t\t\t}\n\t\t  <\/style>\n\t\t  ","protected":false},"excerpt":{"rendered":"<p>Autor: Sergio Escare\u00f1o. En Colima, la cultura parece avanzar a contracorriente, sostenida m\u00e1s por la inercia de sus creadores que por la claridad de sus instituciones. El reciente destrabe de la convocatoria para dirigir la Banda Sinf\u00f3nica del Estado \u2014relegada desde octubre de 2025\u2014 no es necesariamente una buena noticia en s\u00ed misma, sino un [&hellip;]<\/p>\n","protected":false},"author":7,"featured_media":120853,"comment_status":"closed","ping_status":"closed","sticky":false,"template":"","format":"standard","meta":{"_coblocks_attr":"","_coblocks_dimensions":"","_coblocks_responsive_height":"","_coblocks_accordion_ie_support":"","_crdt_document":"","advanced_seo_description":"","jetpack_seo_html_title":"","jetpack_seo_noindex":false,"_jetpack_memberships_contains_paid_content":false,"footnotes":""},"categories":[19,25,1,209,24,29],"tags":[210],"class_list":["post-120852","post","type-post","status-publish","format-standard","has-post-thumbnail","hentry","category-colima","category-cultura","category-general","category-importantes","category-opinion","category-sociedad","tag-portada"],"jetpack_featured_media_url":"https:\/\/diarioavanzada.com.mx\/wp-content\/uploads\/2026\/04\/88a295e4-261b-4ef0-ad4e-9ae82df86a61.jpg","jetpack-related-posts":[],"jetpack_sharing_enabled":true,"amp_enabled":true,"_links":{"self":[{"href":"https:\/\/diarioavanzada.com.mx\/index.php?rest_route=\/wp\/v2\/posts\/120852","targetHints":{"allow":["GET"]}}],"collection":[{"href":"https:\/\/diarioavanzada.com.mx\/index.php?rest_route=\/wp\/v2\/posts"}],"about":[{"href":"https:\/\/diarioavanzada.com.mx\/index.php?rest_route=\/wp\/v2\/types\/post"}],"author":[{"embeddable":true,"href":"https:\/\/diarioavanzada.com.mx\/index.php?rest_route=\/wp\/v2\/users\/7"}],"replies":[{"embeddable":true,"href":"https:\/\/diarioavanzada.com.mx\/index.php?rest_route=%2Fwp%2Fv2%2Fcomments&post=120852"}],"version-history":[{"count":1,"href":"https:\/\/diarioavanzada.com.mx\/index.php?rest_route=\/wp\/v2\/posts\/120852\/revisions"}],"predecessor-version":[{"id":120854,"href":"https:\/\/diarioavanzada.com.mx\/index.php?rest_route=\/wp\/v2\/posts\/120852\/revisions\/120854"}],"wp:featuredmedia":[{"embeddable":true,"href":"https:\/\/diarioavanzada.com.mx\/index.php?rest_route=\/wp\/v2\/media\/120853"}],"wp:attachment":[{"href":"https:\/\/diarioavanzada.com.mx\/index.php?rest_route=%2Fwp%2Fv2%2Fmedia&parent=120852"}],"wp:term":[{"taxonomy":"category","embeddable":true,"href":"https:\/\/diarioavanzada.com.mx\/index.php?rest_route=%2Fwp%2Fv2%2Fcategories&post=120852"},{"taxonomy":"post_tag","embeddable":true,"href":"https:\/\/diarioavanzada.com.mx\/index.php?rest_route=%2Fwp%2Fv2%2Ftags&post=120852"}],"curies":[{"name":"wp","href":"https:\/\/api.w.org\/{rel}","templated":true}]}}